{"id":107144,"date":"2025-05-17T14:25:17","date_gmt":"2025-05-17T14:25:17","guid":{"rendered":"https:\/\/www.europesays.com\/fr\/107144\/"},"modified":"2025-05-17T14:25:17","modified_gmt":"2025-05-17T14:25:17","slug":"une-nuit-blanche-a-saint-guillaume-a-strasbourg","status":"publish","type":"post","link":"https:\/\/www.europesays.com\/fr\/107144\/","title":{"rendered":"Une Nuit blanche \u00e0 Saint-Guillaume, \u00e0 Strasbourg"},"content":{"rendered":"<p>\t <a href=\"https:\/\/www.reforme.net\/religion\/initiatives\/une-nuit-blanche-a-saint-guillaume-a-strasbourg\/?print=pdf\" class=\"pdfprnt-button pdfprnt-button-pdf\" target=\"_blank\" rel=\"noindex,nofollow noopener\"><img decoding=\"async\" src=\"https:\/\/www.europesays.com\/fr\/wp-content\/uploads\/2025\/04\/pdf.png\" alt=\"image_pdf\" title=\"Afficher le PDF\"\/><\/a><a href=\"https:\/\/www.reforme.net\/religion\/initiatives\/une-nuit-blanche-a-saint-guillaume-a-strasbourg\/?print=print\" class=\"pdfprnt-button pdfprnt-button-print\" target=\"_blank\" rel=\"noindex,nofollow noopener\"><img decoding=\"async\" src=\"https:\/\/www.europesays.com\/fr\/wp-content\/uploads\/2025\/04\/print.png\" alt=\"image_print\" title=\"Contenu imprim\u00e9\"\/><\/a><\/p>\n<p>\u201cQuand on \u00e9coute de la musique assis sur une chaise en public ou couch\u00e9 les yeux ferm\u00e9s, on ne vit pas la m\u00eame exp\u00e9rience.\u201d Organiste et pr\u00e9sident de Passions Crois\u00e9es, Cyril Pallaud a eu l\u2019id\u00e9e de proposer une nouvelle exp\u00e9rience aux amateurs de chants gr\u00e9goriens et d\u2019orgue, le samedi 24 mai. Avant d\u2019officier dans la paroisse protestante strasbourgeoise de Saint-Guillaume, il avait \u00e9t\u00e9 organiste \u00e0 Paris. \u201cIl y a une dizaine d\u2019ann\u00e9es, l\u2019\u00e9glise Saint-Eustache avait particip\u00e9 \u00e0 la Nuit Blanche. J\u2019ai gard\u00e9 \u00e7a dans un coin de ma t\u00eate\u201d, ajoute-t-il.<\/p>\n<p>Si l\u2019id\u00e9e d\u2019une Nuit Blanche \u00e0 Saint-Guillaume a refait surface l\u2019an dernier, sa concr\u00e9tisation a n\u00e9cessit\u00e9 un peu de temps. \u201cIl a fallu investir dans des transats, des matelas, etc.\u201d, pr\u00e9cise Cyril Pallaud. Le nouveau rendez-vous commencera de fa\u00e7on plut\u00f4t classique. \u201cLe concert d\u2019ouverture sera consacr\u00e9 \u00e0 l\u2019un des chefs-d\u2019\u0153uvre de la musique post-romantique, le Stabat Mater de Dvorak interpr\u00e9t\u00e9 (dans sa version d\u2019origine) par l\u2019ensemble vocal professionnel Les Ornements avec, au piano et \u00e0 la mise en sc\u00e8ne, Guillem Aubry (Grand Prix de la Fondation Signature)\u201d, d\u00e9taille un communiqu\u00e9. Les habitu\u00e9s de Saint-Guillaume retrouveront le t\u00e9nor Pierre-Emmanuel Roubet.\u00a0<\/p>\n<p>Du Golgotha \u00e0 Zelda<\/p>\n<p>Si le d\u00e9cor, lui, reposera sur le Mont Golgotha o\u00f9 la Vierge (Lorraine Tisserant, soprano) et Saint-Jean-Baptiste (Myriam Djemour, contre-alto) pleureront le crucifi\u00e9, la mise en sc\u00e8ne fera r\u00e9f\u00e9rence \u00e0 la s\u00e9rie Squid Game. \u201cLes jeux mortels de la s\u00e9rie sont une parabole, comme on en retrouve beaucoup dans les \u00c9critures, de notre soci\u00e9t\u00e9, renvoyant directement \u00e0 la question de la valeur de la vie humaine et du sens de notre existence\u201d, \u00e9crit Guillem Aubry.<\/p>\n<p>Les jardins de Saint-Guillaume seront \u00e9galement de Nuit Blanche. Ils seront ouverts de 18h30 \u00e0 22h. Le public pourra, notamment, y manger des tartes flamb\u00e9es pr\u00e9par\u00e9es par des b\u00e9n\u00e9voles. \u00c0 23h, un autre concert attend les curieux. Guillem Aubry sera au piano pour jouer les plus c\u00e9l\u00e8bres musiques de Zelda, Mario, Cuphead, etc. Pendant ce temps, des images de ces jeux vid\u00e9o cultes seront projet\u00e9es sur grand \u00e9cran.<\/p>\n<p>Jusqu\u2019au bout de la nuit<\/p>\n<p>Enfin, \u00e0 partir de 0h30, l\u2019\u00e9glise protestante se m\u00e9tamorphosera. La nef sera vid\u00e9e de ses chaises et des transats et des matelas de sol \u00e0 m\u00e9moire de forme seront install\u00e9s. Le public (limit\u00e9 \u00e0 100 personnes) pourra s\u2019allonger pour assister \u00e0 la troisi\u00e8me partie du programme : de 1h \u00e0 3h du chant gr\u00e9gorien et de l\u2019orgue, puis de 3h \u00e0 7h des chants d\u2019oiseaux avant un croustillant petit-d\u00e9jeuner \u00e0 la Chapelle. \u201cEn tant qu\u2019organiste, j\u2019ai souvent eu le privil\u00e8ge de vivre ces moments uniques, seul aux claviers \u2013 de nuit, dans des lieux exceptionnels. Mon souhait est de partager de tels moments avec le plus grand nombre\u201d, conclut Cyril Pallaud, ravi.<\/p>\n<p><strong>Plus d\u2019informations, tarifs et r\u00e9servation des place en <a href=\"https:\/\/www.passions-croisees.com\/\" target=\"_blank\" rel=\"noopener\">cliquant ici<\/a> ou (pour la r\u00e9servation) \u00e0 la Conciergerie solidaire, 11 rue Merci\u00e8re \u00e0 Strasbourg.\u00a0<\/strong><\/p>\n","protected":false},"excerpt":{"rendered":"\u201cQuand on \u00e9coute de la musique assis sur une chaise en public ou couch\u00e9 les yeux ferm\u00e9s, on&hellip;\n","protected":false},"author":2,"featured_media":107145,"comment_status":"","ping_status":"","sticky":false,"template":"","format":"standard","meta":{"footnotes":""},"categories":[2820],"tags":[1111,11,2389,4156,1777,674,1011,27,775,1393,12,25,640],"class_list":{"0":"post-107144","1":"post","2":"type-post","3":"status-publish","4":"format-standard","5":"has-post-thumbnail","7":"category-strasbourg","8":"tag-actu","9":"tag-actualites","10":"tag-alsace","11":"tag-concerts","12":"tag-eu","13":"tag-europe","14":"tag-fr","15":"tag-france","16":"tag-grand-est","17":"tag-loisirs","18":"tag-news","19":"tag-republique-francaise","20":"tag-strasbourg"},"share_on_mastodon":{"url":"https:\/\/pubeurope.com\/@fr\/114523637588121605","error":""},"_links":{"self":[{"href":"https:\/\/www.europesays.com\/fr\/wp-json\/wp\/v2\/posts\/107144","targetHints":{"allow":["GET"]}}],"collection":[{"href":"https:\/\/www.europesays.com\/fr\/wp-json\/wp\/v2\/posts"}],"about":[{"href":"https:\/\/www.europesays.com\/fr\/wp-json\/wp\/v2\/types\/post"}],"author":[{"embeddable":true,"href":"https:\/\/www.europesays.com\/fr\/wp-json\/wp\/v2\/users\/2"}],"replies":[{"embeddable":true,"href":"https:\/\/www.europesays.com\/fr\/wp-json\/wp\/v2\/comments?post=107144"}],"version-history":[{"count":0,"href":"https:\/\/www.europesays.com\/fr\/wp-json\/wp\/v2\/posts\/107144\/revisions"}],"wp:featuredmedia":[{"embeddable":true,"href":"https:\/\/www.europesays.com\/fr\/wp-json\/wp\/v2\/media\/107145"}],"wp:attachment":[{"href":"https:\/\/www.europesays.com\/fr\/wp-json\/wp\/v2\/media?parent=107144"}],"wp:term":[{"taxonomy":"category","embeddable":true,"href":"https:\/\/www.europesays.com\/fr\/wp-json\/wp\/v2\/categories?post=107144"},{"taxonomy":"post_tag","embeddable":true,"href":"https:\/\/www.europesays.com\/fr\/wp-json\/wp\/v2\/tags?post=107144"}],"curies":[{"name":"wp","href":"https:\/\/api.w.org\/{rel}","templated":true}]}}