{"id":107158,"date":"2025-05-17T14:32:09","date_gmt":"2025-05-17T14:32:09","guid":{"rendered":"https:\/\/www.europesays.com\/fr\/107158\/"},"modified":"2025-05-17T14:32:09","modified_gmt":"2025-05-17T14:32:09","slug":"voici-ce-qui-vous-attend-4","status":"publish","type":"post","link":"https:\/\/www.europesays.com\/fr\/107158\/","title":{"rendered":"voici ce qui vous attend"},"content":{"rendered":"<p>            Par<br \/>\n        <strong><br \/>\n            <a href=\"https:\/\/actu.fr\/auteur\/gabriel-kenedi\" title=\"Consulter tous les articles de Gabriel Kenedi\" target=\"_blank\" rel=\"noopener\">Gabriel Kenedi<\/a><br \/>\n        <\/strong><\/p>\n<p>        Publi\u00e9 le<\/p>\n<p>            17 mai 2025 \u00e0 16h30        <\/p>\n<p>Apr\u00e8s un temps quasiment estival ce week-end, une <strong>d\u00e9gradation orageuse<\/strong> est en approche dans le Sud-Ouest ! Et les orages pourraient frapper <strong>Toulouse<\/strong>, et plus largement, la r\u00e9gion <strong>Occitanie<\/strong>, d\u2019apr\u00e8s M\u00e9t\u00e9o France. On fait le point.\u00a0<\/p>\n<p>Des orages en approche, lundi\u00a0<\/p>\n<p class=\" wall-content\">En effet, une <strong>nouvelle d\u00e9pression<\/strong> se creuse sur l\u2019Espagne et apportera son lot d\u2019orages, voire m\u00eame de gr\u00eale \u00e0 certains endroits du territoire, <strong>lundi 19 mai 2025<\/strong>.\u00a0<\/p>\n<p class=\" wall-content\">Ce risque d\u2019orages \u00ab\u00a0concernera <strong>une grande moiti\u00e9 Sud<\/strong> entre lundi et mardi\u00a0\u00bb, avertit Guillaume S\u00e9chet, fondateur de M\u00e9t\u00e9oVilles, sur son compte X. Et d\u2019apr\u00e8s <strong>M\u00e9t\u00e9o France<\/strong>, la r\u00e9gion toulousaine pourrait \u00eatre concern\u00e9e par ces orages.\u00a0<\/p>\n<p class=\" wall-content\">\n<p class=\" wall-content\">\n<p>\u00c0 Toulouse, des orages d\u00e8s lundi matin ?\u00a0<\/p>\n<p class=\" wall-content\">Selon <a href=\"https:\/\/meteofrance.com\/previsions-meteo-france\/occitanie\/regin11\" target=\"_blank\" rel=\"noopener\">M\u00e9t\u00e9o France<\/a>, \u00ab\u00a0une d\u00e9gradation orageuse va gagner le sud-ouest du pays\u00a0\u00bb dans la nuit de dimanche \u00e0 lundi.\u00a0 Les orages devraient frapper d\u2019abord les Pyr\u00e9n\u00e9es-Atlantiques et les Landes, avant de se diriger vers <strong>l\u2019Occitanie<\/strong>.<\/p>\n<p class=\" wall-content\">\u00c0 Toulouse, M\u00e9t\u00e9o France \u00e9voque un <strong>\u00ab\u00a0risque d\u2019orage en cours de matin\u00e9e\u00a0\u00bb<\/strong>, lundi 19 mai. Ce \u00ab\u00a0risque d\u2019orages\u00a0\u00bb devrait perdurer <strong>toute la journ\u00e9e<\/strong> et m\u00eame <strong>une partie de la nuit<\/strong>.\u00a0<\/p>\n<p>Vid\u00e9os : en ce moment sur Actu<\/p>\n<p class=\" wall-content\">Ces pr\u00e9cipitations devraient concerner plus largement tout le d\u00e9partement de la <strong>Haute-Garonne<\/strong>, et m\u00eame une grande partie de la <strong>r\u00e9gion Occitanie<\/strong>. Ce samedi, aucun d\u00e9partement n\u2019avait \u00e9t\u00e9 plac\u00e9 en vigilance aux orages, mais la situation pourrait \u00e9voluer ces prochaines heures.\u00a0<\/p>\n<p>    <img   decoding=\"async\" loading=\"lazy\" src=\"https:\/\/www.europesays.com\/fr\/wp-content\/uploads\/2025\/05\/meteo-toulouse-orages-960x640.png\" alt=\"Des orages vont frapper la r\u00e9gion toulousaine et l'Occitanie, lundi 19 mai 2025. \" width=\"960\" height=\"640\"\/><br \/>\n    Des orages vont frapper la r\u00e9gion toulousaine et l\u2019Occitanie, lundi 19 mai 2025. (\u00a9M\u00e9t\u00e9o France \/ Capture d\u2019\u00e9cran)Une semaine pluvieuse ?\u00a0<\/p>\n<p class=\" wall-content\">Si les pr\u00e9visions restent \u00e0 affiner, la semaine s\u2019annonce globalement humide \u00e0 Toulouse, puisque la pluie sera \u00e9galement \u00e0 l\u2019ordre du jour, mardi 20, mercredi 21, jeudi 22 et vendredi 23 mai 2025\u2026 \u00c0 suivre !<\/p>\n<p class=\" wall-content\">Suivez toute l\u2019actualit\u00e9 de vos villes et m\u00e9dias favoris en vous inscrivant \u00e0 <a href=\"https:\/\/moncompte.actu.fr\" title=\"D\u00e9couvez Mon Actu\" rel=\"nofollow noopener\" data-trk=\"{&quot;cta&quot;:{&quot;action&quot;:&quot;https:\\\/\\\/moncompte.actu.fr&quot;,&quot;category&quot;:&quot;mon compte&quot;,&quot;from&quot;:&quot;article footer&quot;,&quot;name&quot;:&quot;Mon actu&quot;,&quot;type&quot;:&quot;cta&quot;}}\" target=\"_blank\">Mon Actu<\/a>.<\/p>\n","protected":false},"excerpt":{"rendered":"Par Gabriel Kenedi Publi\u00e9 le 17 mai 2025 \u00e0 16h30 Apr\u00e8s un temps quasiment estival ce week-end, une&hellip;\n","protected":false},"author":2,"featured_media":107159,"comment_status":"","ping_status":"","sticky":false,"template":"","format":"standard","meta":{"footnotes":""},"categories":[2816],"tags":[1111,11,1777,674,1011,27,2357,12,2680,4594,25,104,2312],"class_list":{"0":"post-107158","1":"post","2":"type-post","3":"status-publish","4":"format-standard","5":"has-post-thumbnail","7":"category-toulouse","8":"tag-actu","9":"tag-actualites","10":"tag-eu","11":"tag-europe","12":"tag-fr","13":"tag-france","14":"tag-meteo-france","15":"tag-news","16":"tag-occitanie","17":"tag-orages","18":"tag-republique-francaise","19":"tag-societe","20":"tag-toulouse"},"share_on_mastodon":{"url":"https:\/\/pubeurope.com\/@fr\/114523664822274134","error":""},"_links":{"self":[{"href":"https:\/\/www.europesays.com\/fr\/wp-json\/wp\/v2\/posts\/107158","targetHints":{"allow":["GET"]}}],"collection":[{"href":"https:\/\/www.europesays.com\/fr\/wp-json\/wp\/v2\/posts"}],"about":[{"href":"https:\/\/www.europesays.com\/fr\/wp-json\/wp\/v2\/types\/post"}],"author":[{"embeddable":true,"href":"https:\/\/www.europesays.com\/fr\/wp-json\/wp\/v2\/users\/2"}],"replies":[{"embeddable":true,"href":"https:\/\/www.europesays.com\/fr\/wp-json\/wp\/v2\/comments?post=107158"}],"version-history":[{"count":0,"href":"https:\/\/www.europesays.com\/fr\/wp-json\/wp\/v2\/posts\/107158\/revisions"}],"wp:featuredmedia":[{"embeddable":true,"href":"https:\/\/www.europesays.com\/fr\/wp-json\/wp\/v2\/media\/107159"}],"wp:attachment":[{"href":"https:\/\/www.europesays.com\/fr\/wp-json\/wp\/v2\/media?parent=107158"}],"wp:term":[{"taxonomy":"category","embeddable":true,"href":"https:\/\/www.europesays.com\/fr\/wp-json\/wp\/v2\/categories?post=107158"},{"taxonomy":"post_tag","embeddable":true,"href":"https:\/\/www.europesays.com\/fr\/wp-json\/wp\/v2\/tags?post=107158"}],"curies":[{"name":"wp","href":"https:\/\/api.w.org\/{rel}","templated":true}]}}