{"id":107164,"date":"2025-05-17T14:36:13","date_gmt":"2025-05-17T14:36:13","guid":{"rendered":"https:\/\/www.europesays.com\/fr\/107164\/"},"modified":"2025-05-17T14:36:13","modified_gmt":"2025-05-17T14:36:13","slug":"un-festival-contre-la-concentration-de-ledition","status":"publish","type":"post","link":"https:\/\/www.europesays.com\/fr\/107164\/","title":{"rendered":"Un festival contre la concentration de l\u2019\u00e9dition"},"content":{"rendered":"\n<p>On voulait cr\u00e9er un lieu o\u00f9 les lecteurs et lectrices se rendraient compte de ce que c\u2019\u00e9tait consommer de la culture au niveau du livre\u00a0\u00bb, insiste Iris Delhoum, \u00e9ditrice de la maison d\u2019\u00e9dition marseillaise Agone. Samedi et dimanche le cours Julien \u00e0 Marseille va se couvrir de livres de sciences humaines \u00e0 l\u2019occasion de la premi\u00e8re \u00e9dition du festival des livres ind\u00e9pendants et politiques (Flip).<\/p>\n<p>L\u2019\u00e9v\u00e9nement veut mettre en avant des maisons d\u2019\u00e9dition \u00ab\u00a0100% ind\u00e9pendantes, explique Iris Delhoum. Comme dans les autres m\u00e9dias, il y a les m\u00eames enjeux de mainmise par des grands groupes sur les grandes maisons d\u2019\u00e9dition et une myriades de petites maisons qui ont tr\u00e8s peu de visibilit\u00e9.\u00a0\u00bb Une vingtaine d\u2019\u00e9diteurs en sciences humaines seront donc pr\u00e9sents, allant de maisons implant\u00e9es comme Divergence, \u00e0 de toutes petites telles que Shed ou Sans soleil. Les tables d\u2019expositions sont d\u2019ailleurs gratuites pour permettre aux \u00e9ditions avec peu de fond de pouvoir \u00eatre pr\u00e9sentes.<\/p>\n<p>Un \u00e9v\u00e9nement gratuit<\/p>\n<p>Le choix de se concentrer sur des livres de sciences humaines n\u2019est pas non plus anodin\u00a0: \u00ab\u00a0On sait que les romans peuvent aussi \u00eatre politiques, mais on a tenu \u00e0 se concentrer sur les sciences humaines car ces publications sont moins m\u00e9diatis\u00e9es\u00a0\u00bb, explique Iris Delhoum.<\/p>\n<p>Cartographie des acteurs de l\u2019\u00e9dition, tables rondes sur l\u2019imp\u00e9rialisme, ventes de livres et concert&#8230; Le programme est d\u00e9j\u00e0 charg\u00e9 pour cette premi\u00e8re \u00e9dition. Les \u00e9v\u00e9nements, gratuits, se d\u00e9rouleront entre le Sauma et la Brasserie communale. \u00ab\u00a0Le but est d\u2019avoir comme th\u00e8me principal la mise en avant des maisons ind\u00e9pendantes, puis d\u2019avoir un th\u00e8me pr\u00e9cis chaque ann\u00e9e. Samedi, les deux tables rondes traiteront de l\u2019imp\u00e9rialisme, avec la question de la remilitarisation et une autre sur le basculement autoritaire du monde\u00a0\u00bb, explique l\u2019organisatrice de l\u2019\u00e9v\u00e9nement.Une initiative qui s\u2019inscrit aussi dans une volont\u00e9 de faire de Marseille un nouveau lieu pour les rencontres autour du livre, alors que Paris en concentre une grande partie. \u00ab\u00a0On a aussi choisi le cours Julien parce que c\u2019est passant. Le but est que les gens s\u2019arr\u00eatent et d\u00e9couvrent ces maisons d\u2019\u00e9dition.\u00a0\u00bb<\/p>\n<p>Un festival qui regroupe des maisons engag\u00e9es de toute la France, invisibles face aux mastodontes de l\u2019\u00e9dition d\u00e9tenus par des milliardaires.<\/p>\n<p><b>Eva Janus<\/b><\/p>\n","protected":false},"excerpt":{"rendered":"On voulait cr\u00e9er un lieu o\u00f9 les lecteurs et lectrices se rendraient compte de ce que c\u2019\u00e9tait consommer&hellip;\n","protected":false},"author":2,"featured_media":107165,"comment_status":"","ping_status":"","sticky":false,"template":"","format":"standard","meta":{"footnotes":""},"categories":[2814],"tags":[1111,11,17316,1777,674,1011,27,884,12,882,25],"class_list":{"0":"post-107164","1":"post","2":"type-post","3":"status-publish","4":"format-standard","5":"has-post-thumbnail","7":"category-marseille","8":"tag-actu","9":"tag-actualites","10":"tag-detenus","11":"tag-eu","12":"tag-europe","13":"tag-fr","14":"tag-france","15":"tag-marseille","16":"tag-news","17":"tag-provence-alpes-cote-dazur","18":"tag-republique-francaise"},"share_on_mastodon":{"url":"https:\/\/pubeurope.com\/@fr\/114523680490963314","error":""},"_links":{"self":[{"href":"https:\/\/www.europesays.com\/fr\/wp-json\/wp\/v2\/posts\/107164","targetHints":{"allow":["GET"]}}],"collection":[{"href":"https:\/\/www.europesays.com\/fr\/wp-json\/wp\/v2\/posts"}],"about":[{"href":"https:\/\/www.europesays.com\/fr\/wp-json\/wp\/v2\/types\/post"}],"author":[{"embeddable":true,"href":"https:\/\/www.europesays.com\/fr\/wp-json\/wp\/v2\/users\/2"}],"replies":[{"embeddable":true,"href":"https:\/\/www.europesays.com\/fr\/wp-json\/wp\/v2\/comments?post=107164"}],"version-history":[{"count":0,"href":"https:\/\/www.europesays.com\/fr\/wp-json\/wp\/v2\/posts\/107164\/revisions"}],"wp:featuredmedia":[{"embeddable":true,"href":"https:\/\/www.europesays.com\/fr\/wp-json\/wp\/v2\/media\/107165"}],"wp:attachment":[{"href":"https:\/\/www.europesays.com\/fr\/wp-json\/wp\/v2\/media?parent=107164"}],"wp:term":[{"taxonomy":"category","embeddable":true,"href":"https:\/\/www.europesays.com\/fr\/wp-json\/wp\/v2\/categories?post=107164"},{"taxonomy":"post_tag","embeddable":true,"href":"https:\/\/www.europesays.com\/fr\/wp-json\/wp\/v2\/tags?post=107164"}],"curies":[{"name":"wp","href":"https:\/\/api.w.org\/{rel}","templated":true}]}}