{"id":107166,"date":"2025-05-17T14:37:15","date_gmt":"2025-05-17T14:37:15","guid":{"rendered":"https:\/\/www.europesays.com\/fr\/107166\/"},"modified":"2025-05-17T14:37:15","modified_gmt":"2025-05-17T14:37:15","slug":"philippe-en-meeting-a-marseille-pendant-que-lr-elit-son-chef-17-05-2025-a-1528","status":"publish","type":"post","link":"https:\/\/www.europesays.com\/fr\/107166\/","title":{"rendered":"Philippe en meeting \u00e0 Marseille pendant que LR \u00e9lit son chef &#8211; 17\/05\/2025 \u00e0 15:28"},"content":{"rendered":"<p>        <img fetchpriority=\"high\" decoding=\"async\" src=\"https:\/\/www.europesays.com\/fr\/wp-content\/uploads\/2025\/05\/49a45ee8970e694b90e14b79d513367c-760x507.jpg\" alt=\"Edouard Philippe, maire du Havre et pr\u00e9sident du parti Horizons, le 26 f\u00e9vrier 2025 \u00e0 Paris ( AFP \/ JOEL SAGET )\" loading=\"eager\" width=\"760\" height=\"507\" style=\"max-width: 100%!important; height: auto;\"\/><\/p>\n<p class=\"c-image-news__legend\">Edouard Philippe, maire du Havre et pr\u00e9sident du parti Horizons, le 26 f\u00e9vrier 2025 \u00e0 Paris ( AFP \/ JOEL SAGET )<\/p>\n<p>\n Edouard Philippe tient samedi \u00e0 Marseille un troisi\u00e8me \u00ab\u00a0meeting inter-r\u00e9gional\u00a0\u00bb, consacr\u00e9 au th\u00e8me de la justice et du \u00ab\u00a0contrat social\u00a0\u00bb, alors que son ancien parti, Les R\u00e9publicains (LR), \u00e9lit ce week-end son pr\u00e9sident, entre un Bruno Retailleau jug\u00e9 compatible et un Laurent Wauquiez nettement plus ferm\u00e9.\n<\/p>\n<p>\n L&rsquo;ancien Premier ministre d&rsquo;Emmanuel Macron (2017-2020), fondateur et pr\u00e9sident du parti Horizons (2021), convie ses soutiens &#8211; plus de 1.700 inscrits &#8211; au Parc Chanot, \u00e0 proximit\u00e9 du stade V\u00e9lodrome.\n<\/p>\n<p>\n Le meeting, pr\u00e9vu initialement dimanche, a \u00e9t\u00e9 avanc\u00e9 voici plusieurs semaines.\n<\/p>\n<p>\n Dimanche soir, seront annonc\u00e9s les r\u00e9sultats du congr\u00e8s LR, qui oppose ces derniers mois le ministre de l&rsquo;Int\u00e9rieur Bruno Retailleau et le pr\u00e9sident du groupe \u00e0 l&rsquo;Assembl\u00e9e, Laurent Wauquiez.\n<\/p>\n<p>\n Edouard Philippe a d&rsquo;ailleurs \u00e9t\u00e9 invit\u00e9 dans les d\u00e9bats de cette campagne interne des LR, M. Wauquiez soup\u00e7onnant M. Retailleau d&rsquo;envisager une alliance \u00e0 son profit.\n<\/p>\n<p>\n M. Wauquiez \u00ab\u00a0veut la puret\u00e9 de la droite, moi je souhaite rassembler, et les \u00e9lecteurs veulent que le pays passe avant le parti. Je n&rsquo;ai rencontr\u00e9 personne sur le terrain me dire qu&rsquo;il fallait qu&rsquo;on se divise\u00a0\u00bb, a r\u00e9torqu\u00e9 Edouard Philippe dans le Parisien.\n<\/p>\n<p>\n A deux ans du terme du second mandat d&rsquo;Emmanuel Macron, Edouard Philippe domine les sondages dans le bloc central pour affronter le candidat du RN au deuxi\u00e8me tour de l&rsquo;\u00e9lection pr\u00e9sidentielle.\n<\/p>\n<p> -\u00ab\u00a0Justice\u00a0\u00bb et \u00ab\u00a0contrat social\u00a0\u00bb-<\/p>\n<p>\n Le maire du Havre doit cependant composer, dans le camp macroniste, avec la potentielle candidature de Gabriel Attal et, sur sa droite, avec le retour au premier plan des R\u00e9publicains, au gouvernement depuis le passage \u00e9ph\u00e9m\u00e8re de Michel Barnier \u00e0 Matignon.\n<\/p>\n<p>\n Apr\u00e8s avoir d\u00e9voil\u00e9 sa m\u00e9thode et son calendrier mi-mars \u00e0 Lille, il doit aborder samedi les th\u00e8mes r\u00e9galiens, et notamment celui de la justice. \u00ab\u00a0Avec quelques propositions concr\u00e8tes\u00a0\u00bb, pr\u00e9cise \u00e0 l&rsquo;AFP M. Philippe, qui abordera la question de la formation des magistrats, des peines plancher et des peines ultra courtes et sugg\u00e8rera \u00ab\u00a0qu&rsquo;on r\u00e9fl\u00e9chisse \u00e0 la mission, voire \u00e0 l&rsquo;existence du juge d&rsquo;application des peines\u00a0\u00bb.\n<\/p>\n<p>\n \u00ab\u00a0Imaginer transformer puissamment le pays sans l\u2019id\u00e9e de s\u2019appuyer sur une plus grande justice est vou\u00e9 \u00e0 l\u2019\u00e9chec\u00a0\u00bb, explique M. Philippe, qui va aborder \u00ab\u00a0la question du contrat social, des injustices auxquelles les Fran\u00e7ais sont confront\u00e9s\u00a0\u00bb.\n<\/p>\n<p>\n Le patron d&rsquo;Horizons va aborder \u00ab\u00a0l&rsquo;injustice faite \u00e0 la jeunesse: l\u2019acc\u00e8s au logement, infiniment  plus dur que les g\u00e9n\u00e9rations d\u2019avant. Le syst\u00e8me de financement de la protection sociale, qui repose essentiellement sur le travail et fait peser sur ses \u00e9paules un poids d\u00e9mentiel\u00a0\u00bb.\n<\/p>\n<p>\n \u00ab\u00a0Il faut traiter cette notion d&rsquo;injustice, et la r\u00e9-instiller dans le contrat social\u00a0\u00bb, pr\u00f4ne-t-il.\n<\/p>\n<p>\n Avant le patron d&rsquo;Horizons (15h45), s&rsquo;exprimeront \u00e9galement le ministre de la Fonction publique Laurent Marcangeli, le maire de Nice et vice-pr\u00e9sident d&rsquo;Horizons Christian Estrosi (ex-LR), le pr\u00e9sident de la r\u00e9gion Renaud Muselier (Renaissance, ex-LR) et la pr\u00e9sidente de la m\u00e9tropole d&rsquo;Aix-Marseille Martine Vassal (LR).<\/p>\n","protected":false},"excerpt":{"rendered":"Edouard Philippe, maire du Havre et pr\u00e9sident du parti Horizons, le 26 f\u00e9vrier 2025 \u00e0 Paris ( AFP&hellip;\n","protected":false},"author":2,"featured_media":107167,"comment_status":"","ping_status":"","sticky":false,"template":"","format":"standard","meta":{"footnotes":""},"categories":[2814],"tags":[400,1111,11,398,408,405,1777,674,1011,27,403,402,399,404,884,12,882,25,401,406,407],"class_list":{"0":"post-107166","1":"post","2":"type-post","3":"status-publish","4":"format-standard","5":"has-post-thumbnail","7":"category-marseille","8":"tag-action-cac-40","9":"tag-actu","10":"tag-actualites","11":"tag-bourse-de-paris","12":"tag-boursorama","13":"tag-cotations","14":"tag-eu","15":"tag-europe","16":"tag-fr","17":"tag-france","18":"tag-indices-devises","19":"tag-investir","20":"tag-investissement","21":"tag-marche-boursier","22":"tag-marseille","23":"tag-news","24":"tag-provence-alpes-cote-dazur","25":"tag-republique-francaise","26":"tag-sicav","27":"tag-trackers","28":"tag-warrants"},"share_on_mastodon":{"url":"https:\/\/pubeurope.com\/@fr\/114523684424837448","error":""},"_links":{"self":[{"href":"https:\/\/www.europesays.com\/fr\/wp-json\/wp\/v2\/posts\/107166","targetHints":{"allow":["GET"]}}],"collection":[{"href":"https:\/\/www.europesays.com\/fr\/wp-json\/wp\/v2\/posts"}],"about":[{"href":"https:\/\/www.europesays.com\/fr\/wp-json\/wp\/v2\/types\/post"}],"author":[{"embeddable":true,"href":"https:\/\/www.europesays.com\/fr\/wp-json\/wp\/v2\/users\/2"}],"replies":[{"embeddable":true,"href":"https:\/\/www.europesays.com\/fr\/wp-json\/wp\/v2\/comments?post=107166"}],"version-history":[{"count":0,"href":"https:\/\/www.europesays.com\/fr\/wp-json\/wp\/v2\/posts\/107166\/revisions"}],"wp:featuredmedia":[{"embeddable":true,"href":"https:\/\/www.europesays.com\/fr\/wp-json\/wp\/v2\/media\/107167"}],"wp:attachment":[{"href":"https:\/\/www.europesays.com\/fr\/wp-json\/wp\/v2\/media?parent=107166"}],"wp:term":[{"taxonomy":"category","embeddable":true,"href":"https:\/\/www.europesays.com\/fr\/wp-json\/wp\/v2\/categories?post=107166"},{"taxonomy":"post_tag","embeddable":true,"href":"https:\/\/www.europesays.com\/fr\/wp-json\/wp\/v2\/tags?post=107166"}],"curies":[{"name":"wp","href":"https:\/\/api.w.org\/{rel}","templated":true}]}}