{"id":107172,"date":"2025-05-17T14:42:08","date_gmt":"2025-05-17T14:42:08","guid":{"rendered":"https:\/\/www.europesays.com\/fr\/107172\/"},"modified":"2025-05-17T14:42:08","modified_gmt":"2025-05-17T14:42:08","slug":"sch-medine-hanouna-pluie-dhommages-apres-la-mort-brutale-du-rappeur-werenoi-a-31-ans","status":"publish","type":"post","link":"https:\/\/www.europesays.com\/fr\/107172\/","title":{"rendered":"SCH, Medine, Hanouna&#8230;Pluie d&rsquo;hommages apr\u00e8s la mort brutale du rappeur Werenoi \u00e0 31 ans"},"content":{"rendered":"<p>            Par<br \/>\n        <strong><br \/>\n            <a href=\"https:\/\/actu.fr\/auteur\/thomas-martin\" title=\"Consulter tous les articles de Thomas Martin\" target=\"_blank\" rel=\"noopener\">Thomas Martin<\/a><br \/>\n        <\/strong><\/p>\n<p>        Publi\u00e9 le<\/p>\n<p>            17 mai 2025 \u00e0 15h05        <\/p>\n<p>Une carri\u00e8re fulgurante stopp\u00e9e nette. Le <a href=\"https:\/\/actu.fr\/ile-de-france\/montreuil_93048\/mort-du-rappeur-werenoi-le-plus-gros-vendeur-de-musique-de-france-aux-millions-d-albums_62650401.html\" target=\"_blank\" rel=\"noopener\">rappeur Werenoi<\/a>, num\u00e9ro un des ventes d\u2019albums en France en 2023 et 2024, est mort brutalement \u00e0 l\u2019\u00e2ge de 31 ans. Un d\u00e9c\u00e8s survenu \u00e0 l\u2019<a href=\"https:\/\/actu.fr\/tag\/hopital-de-la-pitie-salpetriere\" target=\"_blank\" rel=\"noopener\">h\u00f4pital de la Piti\u00e9-Salp\u00eatri\u00e8re<\/a> apr\u00e8s une d\u00e9t\u00e9rioration soudaine de l\u2019\u00e9tat de sant\u00e9 de l\u2019artiste. Depuis, les hommages se succ\u00e8dent sur les r\u00e9seaux sociaux pour saluer celui qui restera pour beaucoup celui de la d\u00e9cennie.\u00a0<\/p>\n<p>\u00ab\u00a0On a perdu un grand artiste\u00a0\u00bb<\/p>\n<p class=\" wall-content\">\u00ab\u00a0Repose en paix mon fr\u00e8re\u00a0\u00bb, a d\u2019abord \u00e9crit Babs, son producteur, sur X, mettant fin au suspense insoutenable pour ses fans. Peu avant, d\u2019autres artistes avaient d\u00e9j\u00e0 rendu hommage au rappeur de Montreuil (Seine-Saint-Denis), notamment <a href=\"https:\/\/actu.fr\/occitanie\/la-grande-motte_34344\/pres-de-montpellier-mauguioi-carnon-u-n-mort-et-un-blesse-tres-grave-par-balles_61524702.html\" target=\"_blank\" rel=\"noopener\">SCH<\/a> et <a href=\"https:\/\/actu.fr\/tag\/medine\" target=\"_blank\" rel=\"noopener\">M\u00e9dine<\/a>, dans leurs stories <a href=\"https:\/\/actu.fr\/tag\/instagram\" target=\"_blank\" rel=\"noopener\">Instagram<\/a>. Le premier avec une photo du chanteur accompagn\u00e9e d\u2019une colombe, le second avec un simple \u00ab\u00a0RIP\u00a0\u00bb.\u00a0<\/p>\n<p class=\" wall-content\">\n<p class=\" wall-content\">D\u2019autres ont embray\u00e9 \u00e0 l\u2019image du footballeur du Bayern Munich Sacha Boey ou encore des rappeurs Maes, Hamza et PLK. Ce dernier commentant : \u00ab\u00a0ravi de t\u2019avoir connu mon ami\u00a0\u00bb.\u00a0<\/p>\n<p class=\" wall-content\">Cyril Hanouna s\u2019est \u00e9galement fendu d\u2019un mot sur ses r\u00e9seaux sociaux saluant \u00ab\u00a0un talent exceptionnel, on perd un grand artiste\u00a0\u00bb.\u00a0<\/p>\n<p class=\" wall-content\">\n<p class=\" wall-content\">Suivez toute l\u2019actualit\u00e9 de vos villes et m\u00e9dias favoris en vous inscrivant \u00e0 <a href=\"https:\/\/moncompte.actu.fr\" title=\"D\u00e9couvez Mon Actu\" rel=\"nofollow noopener\" data-trk=\"{&quot;cta&quot;:{&quot;action&quot;:&quot;https:\\\/\\\/moncompte.actu.fr&quot;,&quot;category&quot;:&quot;mon compte&quot;,&quot;from&quot;:&quot;article footer&quot;,&quot;name&quot;:&quot;Mon actu&quot;,&quot;type&quot;:&quot;cta&quot;}}\" target=\"_blank\">Mon Actu<\/a>.<\/p>\n","protected":false},"excerpt":{"rendered":"Par Thomas Martin Publi\u00e9 le 17 mai 2025 \u00e0 15h05 Une carri\u00e8re fulgurante stopp\u00e9e nette. Le rappeur Werenoi,&hellip;\n","protected":false},"author":2,"featured_media":107173,"comment_status":"","ping_status":"","sticky":false,"template":"","format":"standard","meta":{"footnotes":""},"categories":[1888],"tags":[1111,1928,11,1927,1083,1777,674,1011,27,1652,1391,12,1926,626,1925,3616,25],"class_list":{"0":"post-107172","1":"post","2":"type-post","3":"status-publish","4":"format-standard","5":"has-post-thumbnail","7":"category-paris","8":"tag-actu","9":"tag-actu-paris","10":"tag-actualites","11":"tag-actualites-paris","12":"tag-cyril-hanouna","13":"tag-eu","14":"tag-europe","15":"tag-fr","16":"tag-france","17":"tag-loisirs-culture","18":"tag-necrologie","19":"tag-news","20":"tag-news-paris","21":"tag-paris","22":"tag-paris-news","23":"tag-rap","24":"tag-republique-francaise"},"share_on_mastodon":{"url":"https:\/\/pubeurope.com\/@fr\/114523704089304825","error":""},"_links":{"self":[{"href":"https:\/\/www.europesays.com\/fr\/wp-json\/wp\/v2\/posts\/107172","targetHints":{"allow":["GET"]}}],"collection":[{"href":"https:\/\/www.europesays.com\/fr\/wp-json\/wp\/v2\/posts"}],"about":[{"href":"https:\/\/www.europesays.com\/fr\/wp-json\/wp\/v2\/types\/post"}],"author":[{"embeddable":true,"href":"https:\/\/www.europesays.com\/fr\/wp-json\/wp\/v2\/users\/2"}],"replies":[{"embeddable":true,"href":"https:\/\/www.europesays.com\/fr\/wp-json\/wp\/v2\/comments?post=107172"}],"version-history":[{"count":0,"href":"https:\/\/www.europesays.com\/fr\/wp-json\/wp\/v2\/posts\/107172\/revisions"}],"wp:featuredmedia":[{"embeddable":true,"href":"https:\/\/www.europesays.com\/fr\/wp-json\/wp\/v2\/media\/107173"}],"wp:attachment":[{"href":"https:\/\/www.europesays.com\/fr\/wp-json\/wp\/v2\/media?parent=107172"}],"wp:term":[{"taxonomy":"category","embeddable":true,"href":"https:\/\/www.europesays.com\/fr\/wp-json\/wp\/v2\/categories?post=107172"},{"taxonomy":"post_tag","embeddable":true,"href":"https:\/\/www.europesays.com\/fr\/wp-json\/wp\/v2\/tags?post=107172"}],"curies":[{"name":"wp","href":"https:\/\/api.w.org\/{rel}","templated":true}]}}