{"id":107176,"date":"2025-05-17T14:44:09","date_gmt":"2025-05-17T14:44:09","guid":{"rendered":"https:\/\/www.europesays.com\/fr\/107176\/"},"modified":"2025-05-17T14:44:09","modified_gmt":"2025-05-17T14:44:09","slug":"quinte-du-dimanche-18-mai-2025-a-auteuil-les-pronostics","status":"publish","type":"post","link":"https:\/\/www.europesays.com\/fr\/107176\/","title":{"rendered":"Quint\u00e9 du dimanche 18 mai 2025 \u00e0 Auteuil : les pronostics"},"content":{"rendered":"<p class=\"article-p mdl\">Retrouvez les pronostics de Dominique Cordier pour le Quint\u00e9 du dimanche 18 mai 2025 \u00e0 Auteuil, le Grand Steeple-Chase de Paris. <strong>D\u00e9part \u00e0 16h05. 14 partants. Tirelire de 1.000.000 euros. <\/strong>Steeple-chase. Groupe I. 6.000 m\u00e8tres. Terrain tr\u00e8s souple. Chevaux de 5 ans et plus.&#13;<\/p>\n<p class=\"article-p mdl\">C\u2019est la course la plus spectaculaire de l\u2019ann\u00e9e et la plus belle propos\u00e9e par la discipline de l\u2019obstacle en France, avec ses six kilom\u00e8tres, le passage du Rail-Ditch-and-Fence, la plus importante difficult\u00e9 de la Butte Mortemart et le double-franchissement de la Rivi\u00e8re des Tribunes, excusez du peu.&#13;<\/p>\n<p class=\"article-p mdl\">Tenant du titre, le <strong>6 Gran Diose <\/strong>a devanc\u00e9 l\u2019an pass\u00e9 le <strong>8 Grandeur Nature<\/strong>, qui, sans doute, se verrait bien prendre sa revanche.&#13;<\/p>\n<p class=\"article-p mdl\">Il faudra toutefois compter avec la r\u00e9surrection du <strong>13 Sel Jem<\/strong>, qui vient de faire un retour gagnant apr\u00e8s 12 mois d\u2019absence et qui n\u2019est autre que le vainqueur de l\u2019\u00e9dition 2023 de ce Grand Steeple.&#13;<\/p>\n<p class=\"article-p mdl\">Invaincu en deux sorties cette ann\u00e9e, le 1<strong>0 Goliath du Rheu <\/strong>va d\u00e9couvrir la distance, ce qui ne devrait pas poser probl\u00e8me. Lui aussi a sans doute l\u2019\u00e9toffe d\u2019un laur\u00e9at.&#13;<\/p>\n<p class=\"article-p mdl\">L\u2019outsider de RTL, le <strong>3 Jazz Manouche <\/strong>a \u00e9t\u00e9 pr\u00e9serv\u00e9 par son entourage et s\u2019attelle d\u00e9sormais \u00e0 une t\u00e2che s\u00e9rieuse. Comptant trois victoires sur les \u00ab gros \u00bb d\u2019Auteuil, il a collectionn\u00e9 les accessits derri\u00e8re les sauteurs que nous venons de citer. Une r\u00e9v\u00e9lation n\u2019est pas exclue.&#13;<\/p>\n<p class=\"article-p mdl\">Le <strong>9 Incollable <\/strong>semble \u00eatre un bon outsider \u00e9galement\u2026 comme tous les chevaux que notre s\u00e9lection a laiss\u00e9s de c\u00f4t\u00e9 !&#13;&#13;&#13;&#13;&#13; &#13;<\/p>\n<p>            Les pronostics<\/p>\n<p class=\"article-p mdl\">\n<p>6. Gran Diose&#13;<br \/>13. Sel Jem&#13;<br \/>10. Goliath du Rheu&#13;<br \/>3. Jazz Manouche&#13;<br \/>8. Grandeur Nature&#13;<br \/>14. Kolokico&#13;<br \/>9. Incollable<\/p>\n<p>    L&rsquo;outsider de RTL<\/p>\n<p class=\"article-p mdl\">3. Jazz Manouche<\/p>\n<p>    R\u00e9sultats du vendredi 16 mai 2025 en nocturne \u00e0 Vincennes<\/p>\n<p class=\"article-p mdl\">La favorite de RTL termine 6e, l\u2019outsider de RTL gagne. <\/p>\n<p>    La r\u00e9daction vous recommande<\/p>\n<p class=\"s-newsletter__title\">\n                L\u2019actualit\u00e9 par la r\u00e9daction de RTL dans votre bo\u00eete mail.\n            <\/p>\n<p class=\"s-newsletter__subtitle\">\n                Gr\u00e2ce \u00e0 votre compte RTL abonnez-vous \u00e0 la newsletter RTL info pour suivre toute l&rsquo;actualit\u00e9 au quotidien\n            <\/p>\n<p>\n                                    Lire la suite\n                                <\/p>\n","protected":false},"excerpt":{"rendered":"Retrouvez les pronostics de Dominique Cordier pour le Quint\u00e9 du dimanche 18 mai 2025 \u00e0 Auteuil, le Grand&hellip;\n","protected":false},"author":2,"featured_media":3836,"comment_status":"","ping_status":"","sticky":false,"template":"","format":"standard","meta":{"footnotes":""},"categories":[1888],"tags":[11,2621,2622,2620,1777,674,107,2619,1011,27,12,626,2623,25],"class_list":{"0":"post-107176","1":"post","2":"type-post","3":"status-publish","4":"format-standard","5":"has-post-thumbnail","7":"category-paris","8":"tag-actualites","9":"tag-chevaux","10":"tag-courses","11":"tag-courses-de-trot","12":"tag-eu","13":"tag-europe","14":"tag-fil-info","15":"tag-fil-sport","16":"tag-fr","17":"tag-france","18":"tag-news","19":"tag-paris","20":"tag-quinte","21":"tag-republique-francaise"},"share_on_mastodon":{"url":"https:\/\/pubeurope.com\/@fr\/114523712038887174","error":""},"_links":{"self":[{"href":"https:\/\/www.europesays.com\/fr\/wp-json\/wp\/v2\/posts\/107176","targetHints":{"allow":["GET"]}}],"collection":[{"href":"https:\/\/www.europesays.com\/fr\/wp-json\/wp\/v2\/posts"}],"about":[{"href":"https:\/\/www.europesays.com\/fr\/wp-json\/wp\/v2\/types\/post"}],"author":[{"embeddable":true,"href":"https:\/\/www.europesays.com\/fr\/wp-json\/wp\/v2\/users\/2"}],"replies":[{"embeddable":true,"href":"https:\/\/www.europesays.com\/fr\/wp-json\/wp\/v2\/comments?post=107176"}],"version-history":[{"count":0,"href":"https:\/\/www.europesays.com\/fr\/wp-json\/wp\/v2\/posts\/107176\/revisions"}],"wp:featuredmedia":[{"embeddable":true,"href":"https:\/\/www.europesays.com\/fr\/wp-json\/wp\/v2\/media\/3836"}],"wp:attachment":[{"href":"https:\/\/www.europesays.com\/fr\/wp-json\/wp\/v2\/media?parent=107176"}],"wp:term":[{"taxonomy":"category","embeddable":true,"href":"https:\/\/www.europesays.com\/fr\/wp-json\/wp\/v2\/categories?post=107176"},{"taxonomy":"post_tag","embeddable":true,"href":"https:\/\/www.europesays.com\/fr\/wp-json\/wp\/v2\/tags?post=107176"}],"curies":[{"name":"wp","href":"https:\/\/api.w.org\/{rel}","templated":true}]}}