{"id":107180,"date":"2025-05-17T14:47:10","date_gmt":"2025-05-17T14:47:10","guid":{"rendered":"https:\/\/www.europesays.com\/fr\/107180\/"},"modified":"2025-05-17T14:47:10","modified_gmt":"2025-05-17T14:47:10","slug":"ruslana-premiere-gagnante-ukrainienne-de-leurovision-je-ne-suis-pas-sure-que-la-russie-puisse-revenir-un-jour","status":"publish","type":"post","link":"https:\/\/www.europesays.com\/fr\/107180\/","title":{"rendered":"Ruslana, premi\u00e8re gagnante ukrainienne de l&rsquo;Eurovision : \u00ab\u00a0Je ne suis pas s\u00fbre que la Russie puisse revenir un jour\u00a0\u00bb"},"content":{"rendered":"<p><img decoding=\"async\" class=\"c-ad__placeholder__logo\" src=\"https:\/\/www.europesays.com\/fr\/wp-content\/uploads\/2025\/03\/logo-euronews-grey-6-180x22.svg.svg+xml\" width=\"180\" height=\"22\" alt=\"\" loading=\"lazy\"\/>PUBLICIT\u00c9<\/p>\n<p>En d\u00e9cembre 2003, Ruslana Lyjytchko a \u00e9t\u00e9 choisie pour repr\u00e9senter l&rsquo;Ukraine au concours europ\u00e9en de la chanson.<\/p>\n<p>\u00ab\u00a0J&rsquo;ai imm\u00e9diatement accept\u00e9. J&rsquo;ai appel\u00e9 ma m\u00e8re et je lui ai dit : \u00ab\u00a0Maman, je vais \u00e0 l&rsquo;Eurovision. Et elle m&rsquo;a r\u00e9pondu : \u00ab\u00a0Ruslana, tu vas gagner\u00a0\u00bb.<\/p>\n<p>C&rsquo;\u00e9tait la deuxi\u00e8me fois que l&rsquo;Ukraine participait au concours et tout \u00e9tait nouveau.<\/p>\n<p>\u00ab\u00a0J&rsquo;ai tout pay\u00e9 moi-m\u00eame : promotion, production, h\u00f4tel, costumes et transport pour toute notre d\u00e9l\u00e9gation. J&rsquo;ai d\u00e9pens\u00e9 tout l&rsquo;argent que mon mari et moi avions. C&rsquo;\u00e9tait un tr\u00e8s gros risque pour notre famille\u00a0\u00bb, se souvient-elle.<\/p>\n<p>Mais le risque a pay\u00e9 et la pr\u00e9diction de sa m\u00e8re s&rsquo;est av\u00e9r\u00e9e exacte. V\u00eatue d&rsquo;une tenue inspir\u00e9e de Xena, la guerri\u00e8re, et entour\u00e9e de flammes, Ruslana est mont\u00e9e sur sc\u00e8ne \u00e0 Istanbul avec sa chanson \u00ab\u00a0Wild Dances\u00a0\u00bb et a remport\u00e9 le concours de 2004.<\/p>\n<p>Deux ans plus tard, sa carri\u00e8re prend un tournant inattendu lorsque le t\u00e9l\u00e9phone sonne. C&rsquo;\u00e9tait le pr\u00e9sident de l&rsquo;Ukraine, et il avait une demande inhabituelle.<\/p>\n<p>\u00ab\u00a0Le pr\u00e9sident Viktor Iouchtchenko m&rsquo;a invit\u00e9e \u00e0 se pr\u00e9senter \u00e0 une \u00e9lection l\u00e9gislative. J&rsquo;ai refus\u00e9. Je suis musicienne et je veux faire ma musique. Mais le pr\u00e9sident m&rsquo;a convaincue. Il m&rsquo;a dit que son parti avait besoin de mon nom et que je pouvais contribuer \u00e0 l&rsquo;int\u00e9gration europ\u00e9enne de l&rsquo;Ukraine\u00a0\u00bb, raconte la chanteuse. <\/p>\n<p>Bien que nouvelle \u00e0 la Rada, parlement monocam\u00e9ral ukrainien, Ruslana n&rsquo;est pas \u00e9trang\u00e8re \u00e0 la politique, puisqu&rsquo;elle avait milit\u00e9 lors de la \u00ab\u00a0r\u00e9volution orange\u00a0\u00bb de 2004-2005. Pendant que Ruslana manifestait sur la place Ma\u00efdan \u00e0 Kyiv, les pr\u00e9paratifs du concours Eurovision de la chanson 2005 \u2013 concours devenu populaire en Ukraine gr\u00e2ce au triomphe de \u00ab\u00a0Wild Dances\u00a0\u00bb \u2013 se d\u00e9roulaient \u00e0 quelques minutes de l\u00e0, au Palais des sports.<\/p>\n<p>Mais son passage au parlement a \u00e9t\u00e9 de courte dur\u00e9e et elle a rapidement repris sa carri\u00e8re musicale. Cependant, en 2014, Ruslana est revenue \u00e0 Ma\u00efdan, cette fois en tant que figure cl\u00e9 de la \u00ab\u00a0r\u00e9volution de la dignit\u00e9\u00a0\u00bb.<\/p>\n<p>Bien que sa carri\u00e8re ait \u00e9t\u00e9 \u00e9troitement li\u00e9e \u00e0 la politique, Ruslana ne se consid\u00e8re pas comme une politicienne.<\/p>\n<p><strong>Euronews : souhaiteriez-vous un jour revenir \u00e0 la politique ?<\/strong><\/p>\n<p>\u00ab\u00a0Non, cela n&rsquo;a dur\u00e9 qu&rsquo;un an. Je suis une musicienne, une chanteuse, une artiste, une productrice, une chef d&rsquo;orchestre, une danseuse, une batteuse\u00a0\u00bb, dit-elle.<\/p>\n<p>La politique et la musique sont souvent \u00e9troitement li\u00e9es, en particulier dans le contexte de l&rsquo;Eurovision, m\u00eame si Ruslana pr\u00e9f\u00e8re que l&rsquo;accent soit mis sur les performances vocales et artistiques des participants. <\/p>\n<p>\u00ab\u00a0Je pense que l&rsquo;Eurovision devrait \u00eatre ax\u00e9e sur la musique. Chaque ann\u00e9e, c&rsquo;est une surprise. Nous ne savons jamais qui va gagner ni pourquoi. Ce sont les gens qui d\u00e9cident quel candidat ou quelle chanson sont vraiment uniques\u00a0\u00bb.<\/p>\n<p>Bien qu&rsquo;elle souhaite que l&rsquo;Eurovision reste apolitique, Ruslana soutient fermement la d\u00e9cision d&rsquo;exclure la Russie du concours.<\/p>\n<p>\u00ab\u00a0La Russie ne peut pas participer \u00e0 l&rsquo;Eurovision. En fait, je ne suis pas s\u00fbre que la Russie puisse un jour revenir \u00e0 l&rsquo;Eurovision\u00a0\u00bb, ajoute-t-elle.<\/p>\n<p><strong>Euronews : puisque vous dites que l&rsquo;Eurovision ne devrait pas \u00eatre politique, la Russie ne devrait-elle pas \u00eatre autoris\u00e9e \u00e0 concourir ?<\/strong><\/p>\n<p>\u00ab\u00a0Pour moi, l&rsquo;Eurovision repr\u00e9sente la vraie musique et l&rsquo;amiti\u00e9. Je ne sais pas comment la Russie pourra un jour reconstruire ses relations avec l&rsquo;Europe et l&rsquo;Ukraine. Si la Russie peut d\u00e9truire des villes et tuer des Ukrainiens innocents, comment sa musique peut-elle \u00eatre consid\u00e9r\u00e9e comme authentique ?\u00a0\u00bb, s&rsquo;interroge la chanteuse.<\/p>\n<p>Pour Ruslana, l&rsquo;Eurovision reste un \u00e9v\u00e9nement important et elle suit le concours chaque ann\u00e9e.<\/p>\n<p>\u00ab\u00a0Je vote comme le reste du public. L&rsquo;ann\u00e9e derni\u00e8re, mon favori \u00e9tait la Suisse\u00a0\u00bb, dit-elle.<\/p>\n<p><strong>Euronews : selon vous, qui gagnera cette ann\u00e9e ?<\/strong><\/p>\n<p>\u00ab\u00a0Beaucoup de gens pensent \u00e0 la Su\u00e8de, mais en tant que patriote, je suis convaincue que notre groupe Ziferblat a une chance\u00a0\u00bb, estime Ruslana.<\/p>\n","protected":false},"excerpt":{"rendered":"PUBLICIT\u00c9 En d\u00e9cembre 2003, Ruslana Lyjytchko a \u00e9t\u00e9 choisie pour repr\u00e9senter l&rsquo;Ukraine au concours europ\u00e9en de la chanson.&hellip;\n","protected":false},"author":2,"featured_media":107181,"comment_status":"","ping_status":"","sticky":false,"template":"","format":"standard","meta":{"footnotes":""},"categories":[1590],"tags":[11,8753,1777,674,2025,12,220],"class_list":{"0":"post-107180","1":"post","2":"type-post","3":"status-publish","4":"format-standard","5":"has-post-thumbnail","7":"category-ukraine","8":"tag-actualites","9":"tag-concours-eurovision-de-la-chanson","10":"tag-eu","11":"tag-europe","12":"tag-invasion-de-la-russie-en-ukraine","13":"tag-news","14":"tag-ukraine"},"share_on_mastodon":{"url":"https:\/\/pubeurope.com\/@fr\/114523723769582146","error":""},"_links":{"self":[{"href":"https:\/\/www.europesays.com\/fr\/wp-json\/wp\/v2\/posts\/107180","targetHints":{"allow":["GET"]}}],"collection":[{"href":"https:\/\/www.europesays.com\/fr\/wp-json\/wp\/v2\/posts"}],"about":[{"href":"https:\/\/www.europesays.com\/fr\/wp-json\/wp\/v2\/types\/post"}],"author":[{"embeddable":true,"href":"https:\/\/www.europesays.com\/fr\/wp-json\/wp\/v2\/users\/2"}],"replies":[{"embeddable":true,"href":"https:\/\/www.europesays.com\/fr\/wp-json\/wp\/v2\/comments?post=107180"}],"version-history":[{"count":0,"href":"https:\/\/www.europesays.com\/fr\/wp-json\/wp\/v2\/posts\/107180\/revisions"}],"wp:featuredmedia":[{"embeddable":true,"href":"https:\/\/www.europesays.com\/fr\/wp-json\/wp\/v2\/media\/107181"}],"wp:attachment":[{"href":"https:\/\/www.europesays.com\/fr\/wp-json\/wp\/v2\/media?parent=107180"}],"wp:term":[{"taxonomy":"category","embeddable":true,"href":"https:\/\/www.europesays.com\/fr\/wp-json\/wp\/v2\/categories?post=107180"},{"taxonomy":"post_tag","embeddable":true,"href":"https:\/\/www.europesays.com\/fr\/wp-json\/wp\/v2\/tags?post=107180"}],"curies":[{"name":"wp","href":"https:\/\/api.w.org\/{rel}","templated":true}]}}