{"id":107190,"date":"2025-05-17T14:52:04","date_gmt":"2025-05-17T14:52:04","guid":{"rendered":"https:\/\/www.europesays.com\/fr\/107190\/"},"modified":"2025-05-17T14:52:04","modified_gmt":"2025-05-17T14:52:04","slug":"emmanuel-macron-invite-les-investisseurs-en-albanie-integree-a-lue-dans-deux-ans","status":"publish","type":"post","link":"https:\/\/www.europesays.com\/fr\/107190\/","title":{"rendered":"Emmanuel Macron invite les investisseurs en Albanie, int\u00e9gr\u00e9e \u00e0 l\u2019UE \u00ab dans deux ans \u00bb"},"content":{"rendered":"<p><strong>Publicit\u00e9 gratuite &#8211; Le pr\u00e9sident fran\u00e7ais s\u2019est montr\u00e9 enthousiaste sur les n\u00e9gociations d\u2019adh\u00e9sion de l\u2019Albanie \u00e0 l\u2019UE, commenc\u00e9es en 2022, malgr\u00e9 la persistance de la corruption<\/strong><\/p>\n<p>Le pr\u00e9sident fran\u00e7ais <a href=\"https:\/\/www.20minutes.fr\/politique\/emmanuel-macron\/?at_medium=RSS%20feed&amp;at_campaign=ynews&amp;utm_source=yahoo&amp;utm_medium=rss&amp;utm_campaign=news_feed&amp;utm_content=in_article_link\" rel=\"nofollow noopener\" target=\"_blank\" data-ylk=\"slk:Emmanuel Macron;elm:context_link;itc:0;sec:content-canvas\" class=\"link \">Emmanuel Macron<\/a> a invit\u00e9 samedi \u00e0 Tirana les investisseurs \u00e9trangers \u00e0 venir en Europe, notamment en <a href=\"https:\/\/www.20minutes.fr\/dossier\/albanie?at_medium=RSS%20feed&amp;at_campaign=ynews&amp;utm_source=yahoo&amp;utm_medium=rss&amp;utm_campaign=news_feed&amp;utm_content=in_article_link\" rel=\"nofollow noopener\" target=\"_blank\" data-ylk=\"slk:Albanie;elm:context_link;itc:0;sec:content-canvas\" class=\"link \">Albanie<\/a>, un pays qui sera dans l\u2019Union europ\u00e9enne dans \u00ab deux ans \u00bb a-t-il assur\u00e9. L\u2019Europe est un \u00ab endroit stable et fiable \u00bb, a-t-il martel\u00e9 lors d\u2019un forum \u00e9conomique, \u00ab Priorit\u00e9 Europe \u00bb, organis\u00e9 par l\u2019institut Future Investment Initiative (FII) du publicitaire Richard Attias.<\/p>\n<p>\u00ab Et dans ce monde fou, ne sous-estimez pas la force de telles qualit\u00e9s \u00bb, a-t-il insist\u00e9, alors que le sommet avait pour but de mettre en relation dirigeants et innovateurs europ\u00e9ens avec des fonds souverains et des chefs d\u2019entreprises du <a href=\"https:\/\/www.20minutes.fr\/dossier\/moyen_orient?at_medium=RSS%20feed&amp;at_campaign=ynews&amp;utm_source=yahoo&amp;utm_medium=rss&amp;utm_campaign=news_feed&amp;utm_content=in_article_link\" rel=\"nofollow noopener\" target=\"_blank\" data-ylk=\"slk:Moyen-Orient;elm:context_link;itc:0;sec:content-canvas\" class=\"link \">Moyen-Orient<\/a>, d\u2019Asie et des \u00c9tats-Unis. L\u2019Albanie en est un \u00ab point d\u2019entr\u00e9e \u00bb dans la r\u00e9gion des <a href=\"https:\/\/www.20minutes.fr\/dossier\/balkans?at_medium=RSS%20feed&amp;at_campaign=ynews&amp;utm_source=yahoo&amp;utm_medium=rss&amp;utm_campaign=news_feed&amp;utm_content=in_article_link\" rel=\"nofollow noopener\" target=\"_blank\" data-ylk=\"slk:Balkans;elm:context_link;itc:0;sec:content-canvas\" class=\"link \">Balkans <\/a>et plus largement dans le bassin m\u00e9diterran\u00e9en, a poursuivi le pr\u00e9sident fran\u00e7ais. \u00ab Et dans deux ans, comme il (le Premier ministre albanais Edi Rama) en a le mandat clair, elle rejoindra <a href=\"https:\/\/www.20minutes.fr\/dossier\/ue?at_medium=RSS%20feed&amp;at_campaign=ynews&amp;utm_source=yahoo&amp;utm_medium=rss&amp;utm_campaign=news_feed&amp;utm_content=in_article_link\" rel=\"nofollow noopener\" target=\"_blank\" data-ylk=\"slk:l\u2019UE;elm:context_link;itc:0;sec:content-canvas\" class=\"link \">l\u2019UE <\/a>\u00bb, a assur\u00e9 le pr\u00e9sident fran\u00e7ais.<\/p>\n<p>Une corruption \u00e0 tous les \u00e9tages<\/p>\n<p>Les n\u00e9gociations d\u2019adh\u00e9sion ont commenc\u00e9 en 2022, \u00ab et si nous faisons bien tous nos devoirs, nous pourrions les fermer d\u2019ici 2027. Ce serait incroyable \u00bb, a aussi relev\u00e9 le Premier ministre albanais. L\u2019Albanie est de loin le pays le plus europhile des Balkans : en 2024, 92 % de la population se disait pr\u00eate \u00e0 voter \u00ab oui \u00bb si un r\u00e9f\u00e9rendum avait lieu sur l\u2019adh\u00e9sion \u00e0 l\u2019UE, contre 40 % en Serbie. Les d\u00e9fis \u00e0 relever pour remplir les conditions d\u2019adh\u00e9sion restent immenses, notammen(&#8230;)<\/p>\n<p><a href=\"https:\/\/www.20minutes.fr\/economie\/4154043-20250517-emmanuel-macron-invite-investisseurs-albanie-integree-ue-deux-ans?at_medium=RSS%20feed&amp;at_campaign=ynews&amp;utm_source=yahoo&amp;utm_medium=rss&amp;utm_campaign=news_feed&amp;utm_content=read_more_link\" rel=\"nofollow noopener\" target=\"_blank\" data-ylk=\"slk:Lire la suite sur 20minutes;elm:context_link;itc:0;sec:content-canvas\" class=\"link \">Lire la suite sur 20minutes<\/a><\/p>\n<p>\u00c0 lire aussi :<br \/><a href=\"https:\/\/www.20minutes.fr\/high-tech\/sciences\/4149393-20250418-science-horizon-limite-emmanuel-macron-appelle-chercheurs-americains-venir-france?at_medium=RSS%20feed&amp;at_campaign=ynews&amp;utm_source=yahoo&amp;utm_medium=rss&amp;utm_campaign=news_feed&amp;utm_content=related_content_link\" rel=\"nofollow noopener\" target=\"_blank\" data-ylk=\"slk:\u00ab Ici, la science est un horizon sans limite \u00bb\u2026 Emmanuel Macron appelle les chercheurs am\u00e9ricains \u00e0 venir en France;elm:context_link;itc:0;sec:content-canvas\" class=\"link \">\u00ab Ici, la science est un horizon sans limite \u00bb\u2026 Emmanuel Macron appelle les chercheurs am\u00e9ricains \u00e0 venir en France<\/a><br \/><a href=\"https:\/\/www.20minutes.fr\/societe\/4153949-20250516-homophobie-million-signatures-demander-interdiction-therapies-conversion-ue?at_medium=RSS%20feed&amp;at_campaign=ynews&amp;utm_source=yahoo&amp;utm_medium=rss&amp;utm_campaign=news_feed&amp;utm_content=related_content_link\" rel=\"nofollow noopener\" target=\"_blank\" data-ylk=\"slk:Homophobie : Un million de signatures pour demander l\u2019interdiction des \u00ab th\u00e9rapies \u00bb de conversion dans l\u2019UE;elm:context_link;itc:0;sec:content-canvas\" class=\"link \">Homophobie : Un million de signatures pour demander l\u2019interdiction des \u00ab th\u00e9rapies \u00bb de conversion dans l\u2019UE<\/a><\/p>\n","protected":false},"excerpt":{"rendered":"Publicit\u00e9 gratuite &#8211; Le pr\u00e9sident fran\u00e7ais s\u2019est montr\u00e9 enthousiaste sur les n\u00e9gociations d\u2019adh\u00e9sion de l\u2019Albanie \u00e0 l\u2019UE, commenc\u00e9es&hellip;\n","protected":false},"author":2,"featured_media":107191,"comment_status":"","ping_status":"","sticky":false,"template":"","format":"standard","meta":{"footnotes":""},"categories":[1586],"tags":[11,1073,1777,674,1779,1011,27,22471,1861,22472,12,9962,22470,25,22473,1778,364],"class_list":{"0":"post-107190","1":"post","2":"type-post","3":"status-publish","4":"format-standard","5":"has-post-thumbnail","7":"category-europe","8":"tag-actualites","9":"tag-emmanuel-macron","10":"tag-eu","11":"tag-europe","12":"tag-european-union","13":"tag-fr","14":"tag-france","15":"tag-lalbanie","16":"tag-lue","17":"tag-les-etages","18":"tag-news","19":"tag-president-francais","20":"tag-publicite-gratuite","21":"tag-republique-francaise","22":"tag-richard-attias","23":"tag-ue","24":"tag-union-europeenne"},"share_on_mastodon":{"url":"https:\/\/pubeurope.com\/@fr\/114523743387856725","error":""},"_links":{"self":[{"href":"https:\/\/www.europesays.com\/fr\/wp-json\/wp\/v2\/posts\/107190","targetHints":{"allow":["GET"]}}],"collection":[{"href":"https:\/\/www.europesays.com\/fr\/wp-json\/wp\/v2\/posts"}],"about":[{"href":"https:\/\/www.europesays.com\/fr\/wp-json\/wp\/v2\/types\/post"}],"author":[{"embeddable":true,"href":"https:\/\/www.europesays.com\/fr\/wp-json\/wp\/v2\/users\/2"}],"replies":[{"embeddable":true,"href":"https:\/\/www.europesays.com\/fr\/wp-json\/wp\/v2\/comments?post=107190"}],"version-history":[{"count":0,"href":"https:\/\/www.europesays.com\/fr\/wp-json\/wp\/v2\/posts\/107190\/revisions"}],"wp:featuredmedia":[{"embeddable":true,"href":"https:\/\/www.europesays.com\/fr\/wp-json\/wp\/v2\/media\/107191"}],"wp:attachment":[{"href":"https:\/\/www.europesays.com\/fr\/wp-json\/wp\/v2\/media?parent=107190"}],"wp:term":[{"taxonomy":"category","embeddable":true,"href":"https:\/\/www.europesays.com\/fr\/wp-json\/wp\/v2\/categories?post=107190"},{"taxonomy":"post_tag","embeddable":true,"href":"https:\/\/www.europesays.com\/fr\/wp-json\/wp\/v2\/tags?post=107190"}],"curies":[{"name":"wp","href":"https:\/\/api.w.org\/{rel}","templated":true}]}}