{"id":107196,"date":"2025-05-17T14:55:09","date_gmt":"2025-05-17T14:55:09","guid":{"rendered":"https:\/\/www.europesays.com\/fr\/107196\/"},"modified":"2025-05-17T14:55:09","modified_gmt":"2025-05-17T14:55:09","slug":"face-a-lalgerie-la-france-passe-un-cran-supplementaire-dans-sa-riposte-graduee","status":"publish","type":"post","link":"https:\/\/www.europesays.com\/fr\/107196\/","title":{"rendered":"Face \u00e0 l\u2019Alg\u00e9rie, la France passe un cran suppl\u00e9mentaire dans sa \u00ab\u00a0riposte gradu\u00e9e\u00a0\u00bb"},"content":{"rendered":"<p>        <img decoding=\"async\" loading=\"lazy\" src=\"https:\/\/www.europesays.com\/fr\/wp-content\/uploads\/2025\/05\/6916d81_sirius-fs-upload-1-uenxlpcft2gt-1747491817367-000-32l267z.jpg\"  width=\"728\" height=\"410\" alt=\"Avec cette mesure, la France passe un cran suppl\u00e9mentaire dans sa \u00ab\u00a0riposte gradu\u00e9e\u00a0\u00bb face \u00e0 Alger\"\/>  <\/p>\n<p>ALAIN JOCARD \/ AFP<\/p>\n<p>Avec cette mesure, la France passe un cran suppl\u00e9mentaire dans sa \u00ab\u00a0riposte gradu\u00e9e\u00a0\u00bb face \u00e0 Alger<\/p>\n<p class=\"asset asset-text\">POLITIQUE &#8211; L\u2019escalade continue. En r\u00e9ponse aux derni\u00e8res <a href=\"https:\/\/www.huffingtonpost.fr\/politique\/article\/la-replique-de-la-france-apres-les-nouvelles-expulsions-de-fonctionnaires-par-l-algerie_250005.html\" target=\"_blank\" rel=\"noopener\">d\u00e9cisions \u00ab\u00a0injustifiables et injustifi\u00e9es\u00a0\u00bb<\/a> du pouvoir alg\u00e9rien, la France passe un cran suppl\u00e9mentaire dans <a href=\"https:\/\/www.huffingtonpost.fr\/politique\/article\/bruno-retailleau-declenche-une-riposte-graduee-face-a-l-algerie-voici-de-quoi-il-s-agit_247586.html\" target=\"_blank\" rel=\"noopener\">la \u00ab\u00a0riposte gradu\u00e9e\u00a0\u00bb<\/a> promise par le ministre de l\u2019Int\u00e9rieur <a href=\"https:\/\/www.huffingtonpost.fr\/politique\/article\/apres-la-manifestation-neofasciste-du-9-mai-retailleau-annonce-avoir-saisi-la-justice_249967.html\" target=\"_blank\" rel=\"noopener\">Bruno Retailleau<\/a>. Ce samedi 17\u00a0mai, les r\u00e8gles aux fronti\u00e8res changent.<\/p>\n<p class=\"asset asset-text\">Selon un document interne consult\u00e9 par <a href=\"https:\/\/www.leparisien.fr\/politique\/tensions-paris-alger-les-algeriens-detenteurs-de-passeports-diplomatiques-doivent-desormais-avoir-un-visa-pour-entrer-en-france-17-05-2025-FNRSVFKYNFCJJHACYOCEYDII3E.php\" target=\"_blank\" rel=\"noopener\" title=\"Nouvelle fen\u00eatre\">Le Parisien<\/a> et <a href=\"https:\/\/www.lefigaro.fr\/faits-divers\/crise-france-algerie-les-algeriens-detenteurs-de-passeports-diplomatiques-devront-desormais-detenir-un-visa-pour-entrer-en-france-20250517\" target=\"_blank\" rel=\"noopener\" title=\"Nouvelle fen\u00eatre\">Le Figaro,<\/a> la direction g\u00e9n\u00e9rale de la police nationale (DGPN) demande d\u00e9sormais \u00e0 \u00ab\u00a0tous les services g\u00e9rant les fronti\u00e8res ext\u00e9rieures\u00a0\u00bb de r\u00e9clamer un visa aux Alg\u00e9riens qui d\u00e9tiennent un passeport diplomatique. Ce dont ils n\u2019avaient pas besoin jusqu\u2019ici, gr\u00e2ce aux accords franco-alg\u00e9riens de 2007.<\/p>\n<p class=\"asset asset-text\">\u00ab\u00a0Le ressortissant alg\u00e9rien, titulaire de passeport diplomatique ou de service qui ne d\u00e9tient pas de visa lors de la pr\u00e9sentation en entr\u00e9e aux points de passages frontaliers\u00a0(a\u00e9riens et maritimes), fera l\u2019objet d\u2019une proc\u00e9dure de non-admission\/refoulement\u00a0\u00bb, \u00e9crit ainsi la DGPN dans ce document. Une mesure avec effet imm\u00e9diat et qui doit \u00eatre scrupuleusement respect\u00e9e, est-il pr\u00e9cis\u00e9.<\/p>\n<p>    <strong>Les accords de 2007\u00a0remis en cause<\/strong>    <\/p>\n<p class=\"asset asset-text\">Jusqu\u2019\u00e0 pr\u00e9sent, les accords sign\u00e9s en 2007\u00a0permettaient aux ressortissants Alg\u00e9riens munis d\u2019un passeport diplomatique d\u2019avoir \u00ab\u00a0acc\u00e8s sans visa aux d\u00e9partements fran\u00e7ais m\u00e9tropolitains, pour un s\u00e9jour ininterrompu ou plusieurs s\u00e9jours dont la dur\u00e9e totale ne d\u00e9passe pas 90 jours au cours d\u2019une p\u00e9riode de 180 jours \u00e0 compter de la date de premi\u00e8re entr\u00e9e\u00a0\u00bb.<\/p>\n<p class=\"asset asset-text\">Impossible, d\u00e9sormais. L\u2019\u00e9tat-major demande effectivement aux diff\u00e9rents services concern\u00e9s de veiller \u00ab\u00a0\u00e0 la stricte application de cette nouvelle mesure\u00a0\u00bb restrictive et \u00ab\u00a0de rendre compte de toute difficult\u00e9 rencontr\u00e9e\u00a0\u00bb. Il s\u2019agit d\u2019un cran concret dans la \u00ab\u00a0riposte gradu\u00e9e\u00a0\u00bb voulue et impuls\u00e9e par Bruno Retailleau, au terme d\u2019un nouvel \u00e9pisode de tensions entre les deux capitales.<\/p>\n<p class=\"asset asset-text\">Mercredi dernier, la France a convoqu\u00e9 le charg\u00e9 d\u2019affaires\u00a0alg\u00e9rien\u00a0\u00e0 Paris pour d\u00e9noncer la d\u00e9cision d\u2019Alger d\u2019expulser des fonctionnaires fran\u00e7ais pr\u00e9sents sur le territoire pour une mission de renfort. Avant de riposter en renvoyant des diplomates alg\u00e9riens.<\/p>\n<p class=\"asset asset-text\">Selon le Quai d\u2019Orsay, l\u2019expulsion des fonctionnaires fran\u00e7ais a \u00e9t\u00e9 prise sur la base d\u2019une \u00ab\u00a0d\u00e9cision unilat\u00e9rale des autorit\u00e9s alg\u00e9riennes d\u2019\u00e9tablir de nouvelles conditions d\u2019acc\u00e8s au territoire\u00a0alg\u00e9rien\u00a0pour les agents publics fran\u00e7ais d\u00e9tenteurs d\u2019un passeport officiel, diplomatique ou de service, en violation de l\u2019accord bilat\u00e9ral de 2013\u00a0\u00bb.<\/p>\n<p class=\"asset asset-text\">La relation entre la France et l\u2019Alg\u00e9rie\u00a0est \u00ab\u00a0totalement gel\u00e9e\u00a0\u00bb depuis l\u2019expulsion mi-avril de douze fonctionnaires fran\u00e7ais par Alger et une mesure de repr\u00e9sailles similaires par Paris. La crise, d\u00e9j\u00e0 sourde depuis la d\u00e9tention de l\u2019\u00e9crivain franco-alg\u00e9rien\u00a0Boualem Sansal, s\u2019aggrave donc encore.<\/p>\n<p class=\"asset asset-text\"><strong>\u00c0 voir \u00e9galement sur Le HuffPost\u00a0:<\/strong><\/p>\n<p> La lecture de ce contenu est susceptible d\u2019entra\u00eener un d\u00e9p\u00f4t de cookies de la part de l\u2019op\u00e9rateur tiers qui l\u2019h\u00e9berge. Compte-tenu des choix que vous avez exprim\u00e9s en mati\u00e8re de d\u00e9p\u00f4t de cookies, nous avons bloqu\u00e9 l\u2019affichage de ce contenu. Si vous souhaitez y acc\u00e9der, vous devez accepter la cat\u00e9gorie de cookies \u201cContenus tiers\u201d en cliquant sur le bouton ci-dessous. <\/p>\n<p> Lire la Vid\u00e9o                <\/p>\n","protected":false},"excerpt":{"rendered":"ALAIN JOCARD \/ AFP Avec cette mesure, la France passe un cran suppl\u00e9mentaire dans sa \u00ab\u00a0riposte gradu\u00e9e\u00a0\u00bb face&hellip;\n","protected":false},"author":2,"featured_media":107197,"comment_status":"","ping_status":"","sticky":false,"template":"","format":"standard","meta":{"footnotes":""},"categories":[4],"tags":[11,15,1013,1011,27,14,12,316,25],"class_list":{"0":"post-107196","1":"post","2":"type-post","3":"status-publish","4":"format-standard","5":"has-post-thumbnail","7":"category-france","8":"tag-actualites","9":"tag-algerie","10":"tag-bruno-retailleau","11":"tag-fr","12":"tag-france","13":"tag-international","14":"tag-news","15":"tag-politique","16":"tag-republique-francaise"},"share_on_mastodon":{"url":"https:\/\/pubeurope.com\/@fr\/114523755251615205","error":""},"_links":{"self":[{"href":"https:\/\/www.europesays.com\/fr\/wp-json\/wp\/v2\/posts\/107196","targetHints":{"allow":["GET"]}}],"collection":[{"href":"https:\/\/www.europesays.com\/fr\/wp-json\/wp\/v2\/posts"}],"about":[{"href":"https:\/\/www.europesays.com\/fr\/wp-json\/wp\/v2\/types\/post"}],"author":[{"embeddable":true,"href":"https:\/\/www.europesays.com\/fr\/wp-json\/wp\/v2\/users\/2"}],"replies":[{"embeddable":true,"href":"https:\/\/www.europesays.com\/fr\/wp-json\/wp\/v2\/comments?post=107196"}],"version-history":[{"count":0,"href":"https:\/\/www.europesays.com\/fr\/wp-json\/wp\/v2\/posts\/107196\/revisions"}],"wp:featuredmedia":[{"embeddable":true,"href":"https:\/\/www.europesays.com\/fr\/wp-json\/wp\/v2\/media\/107197"}],"wp:attachment":[{"href":"https:\/\/www.europesays.com\/fr\/wp-json\/wp\/v2\/media?parent=107196"}],"wp:term":[{"taxonomy":"category","embeddable":true,"href":"https:\/\/www.europesays.com\/fr\/wp-json\/wp\/v2\/categories?post=107196"},{"taxonomy":"post_tag","embeddable":true,"href":"https:\/\/www.europesays.com\/fr\/wp-json\/wp\/v2\/tags?post=107196"}],"curies":[{"name":"wp","href":"https:\/\/api.w.org\/{rel}","templated":true}]}}