{"id":107198,"date":"2025-05-17T14:56:11","date_gmt":"2025-05-17T14:56:11","guid":{"rendered":"https:\/\/www.europesays.com\/fr\/107198\/"},"modified":"2025-05-17T14:56:11","modified_gmt":"2025-05-17T14:56:11","slug":"notre-ambition-etait-de-faire-decouvrir-ce-loisir-sportif-a-la-population-locale-a-carhaix-un-parcours-neuf-trous-inaugure-pour-les-20-ans-du-golf-de-la-vallee-de-l","status":"publish","type":"post","link":"https:\/\/www.europesays.com\/fr\/107198\/","title":{"rendered":"\u00ab\u00a0Notre ambition \u00e9tait de faire d\u00e9couvrir ce loisir sportif \u00e0 la population locale\u00a0\u00bb\u00a0: \u00e0 Carhaix, un parcours neuf trous inaugur\u00e9 pour les 20 ans du Golf de la vall\u00e9e de l\u2019Hy\u00e8res"},"content":{"rendered":"<p>Apr\u00e8s <a href=\"https:\/\/www.letelegramme.fr\/finistere\/carhaix-29270\/jai-ete-surpris-par-la-convivialite-qui-regne-au-golf-de-la-vallee-de-lhyeres-un-livre-retrace-les-20-ans-de-carhaix-golf-6808353.php\" target=\"_blank\" rel=\"nofollow noopener\">vingt ans d\u2019existence, le Carhaix-Golf<\/a> est, finalement, arriv\u00e9 \u00e0 l\u2019aboutissement de son projet\u00a0: la cr\u00e9ation d\u2019un parcours de neuf trous classique pour son site de 19 ha. Vendredi 16 mai 2025, c\u2019est \u00e0 l\u2019occasion de l\u2019anniversaire du golf, que son fondateur, Claude Prigent et son nouveau directeur, Benjamin S\u00e9it\u00e9, ont inaugur\u00e9 cette remod\u00e9lisation. Soutenus par la pr\u00e9sence de Nicolas Keribin, r\u00e9f\u00e9rant relation club de la f\u00e9d\u00e9ration fran\u00e7aise de Golf pour la Bretagne, la fin du parcours de six trous marque un tournant pour ce golf de la Vall\u00e9e de l\u2019Hy\u00e8res, qui peut d\u00e9sormais accueillir toutes les comp\u00e9titions de niveau r\u00e9gional et m\u00eame plus haut. Une avanc\u00e9e qui refl\u00e8te l\u2019ambition du collectif, autant que sa volont\u00e9 de s\u2019inscrire durablement dans le paysage breton.<\/p>\n<p>Avec 140 membres, allant de 7 \u00e0 plus de 90 ans, Carhaix-Golf esp\u00e8re franchir le cap des 200 adh\u00e9rents dans les ann\u00e9es \u00e0 venir. Fid\u00e8le \u00e0 son esprit d\u2019ouverture, il propose ce samedi 17 mai 2025, quatre cr\u00e9neaux d\u2019initiation gratuits, entre 9\u00a0h et 16\u00a0h, pour permettre au plus grand nombre de d\u00e9couvrir ce sport, notamment gr\u00e2ce \u00e0 un trou p\u00e9dagogique.<\/p>\n<p><img decoding=\"async\" src=\"https:\/\/www.europesays.com\/fr\/wp-content\/uploads\/2025\/05\/682787c494c5d9b9950ef41a.1.jpeg\" width=\"480\" height=\"300\" class=\"web_golden_m\" loading=\"lazy\" alt=\"Pr\u00e9sent lors de l\u2019inauguration, le maire de Carhaix, Christian Troadec, a officialis\u00e9 l\u2019ouverture du parcours en proc\u00e9dant \u00e0 la traditionnelle coupe du ruban.\"\/>Pr\u00e9sent lors de l\u2019inauguration, le maire de Carhaix, Christian Troadec, a officialis\u00e9 l\u2019ouverture du parcours en proc\u00e9dant \u00e0 la traditionnelle coupe du ruban. (Photo E.\u00a0A.)Un cap de quinze \u00e9l\u00e8ves \u00e0 la rentr\u00e9e<\/p>\n<p>\u00ab\u00a0Si l\u2019un des indicateurs de la bonne sant\u00e9 d\u2019un golf est son \u00e9cole\u00a0\u00bb, souligne Benjamin S\u00e9it\u00e9, directeur et nouveau professeur depuis le 1er mars 2025. Le golf de Carhaix esp\u00e8re franchir un nouveau cap \u00e0 la rentr\u00e9e, avec une quinzaine d\u2019inscrits, contre une dizaine actuellement. \u00ab\u00a0Plus nous aurons de membres, et mieux nous pourrons continuer d\u2019am\u00e9liorer l\u2019\u00e9quipement, am\u00e9nager le parcours, les zones d\u2019entra\u00eenement et les alentours du club-house\u00a0\u00bb, souligne le joueur professionnel, dont la mission principale est de d\u00e9velopper l\u2019attractivit\u00e9 du site, notamment \u00e0 l\u2019\u00e9chelle locale, en ancrant l\u2019\u00e9tablissement sportif dans l\u2019ADN de Carhaix et du Poher, \u00e0 travers son association sportive, son \u00e9cole et l\u2019office des sports.<\/p>\n<p>Rendre le golf accessible dans le Centre-Bretagne<\/p>\n<p>Ouvert en juin 2005 par Claude Prigent et Maryse Le Goff-Prigent, le Carhaix-Golf est le fruit d\u2019un projet audacieux\u00a0: implanter un parcours dans le Centre-Bretagne, loin des m\u00e9tropoles et du littoral, o\u00f9 cette pratique est traditionnellement concentr\u00e9e. \u00ab\u00a0Notre ambition \u00e9tait de faire d\u00e9couvrir ce loisir sportif \u00e0 la population locale, tout en \u0153uvrant au renforcement de l\u2019attractivit\u00e9 du Poher\u00a0\u00bb, explique Claude Prigent. Le club d\u00e9bute modestement avec un parcours de six trous compacts de 1\u00a0100 m et huit membres. Vingt ans plus tard, il s\u2019\u00e9tend sur 1\u00a0630 m, avec un parcours de neuf trous sign\u00e9 par l\u2019architecte Mark Adam, reconnu pour son exp\u00e9rience dans la conception de parcours de golf, notamment en Argentine, o\u00f9 il a fait ses d\u00e9buts. Il est, \u00e9galement, co-propri\u00e9taire du Golf de Saint-Marc \u00e0 Jouy-en-Josas, dans les Yvelines.<\/p>\n<p>Une politique pour la biodiversit\u00e9<\/p>\n<p>Engag\u00e9 dans une politique z\u00e9ro phyto depuis 2017, le Golf entend dans les ann\u00e9es \u00e0 venir, poursuivre ses am\u00e9nagements paysagers, afin de r\u00e9pondre aux objectifs environnementaux. Cette exigence s\u2019intensifie avec l\u2019entr\u00e9e en vigueur de la loi Labb\u00e9, comme l\u2019a indiqu\u00e9 Benjamin S\u00e9it\u00e9 lors de l\u2019inauguration\u00a0: \u00ab\u00a0L\u2019interdiction d\u2019utiliser des produits phytosanitaires sur les terrains de sport engazonn\u00e9s va nous obliger \u00e0 adapter nos m\u00e9thodes d\u2019entretien et de jeu. Cela n\u00e9cessitera d\u2019augmenter les op\u00e9rations m\u00e9caniques sur les greens.\u00a0\u00bb Dans cette perspective, des plantations d\u2019arbres sont d\u00e9j\u00e0 pr\u00e9vues dans les zones de hautes herbes, selon les premi\u00e8res esquisses de l\u2019architecte Juliette Ols.<\/p>\n<p>Pratique<\/p>\n<p class=\"note\">Samedi 17 mai, quatre cr\u00e9neaux d\u2019initiation gratuite au Golf-Carhaix seront propos\u00e9s (9\u00a0h\u00a030, 11\u00a0h, 13\u00a0h\u00a030, 16\u00a0h). Inscription par t\u00e9l\u00e9phone au 02\u00a098\u00a093\u00a079\u00a019 ou \u00e0 l\u2019accueil (non-obligatoire).<\/p>\n","protected":false},"excerpt":{"rendered":"Apr\u00e8s vingt ans d\u2019existence, le Carhaix-Golf est, finalement, arriv\u00e9 \u00e0 l\u2019aboutissement de son projet\u00a0: la cr\u00e9ation d\u2019un parcours&hellip;\n","protected":false},"author":2,"featured_media":107199,"comment_status":"","ping_status":"","sticky":false,"template":"","format":"standard","meta":{"footnotes":""},"categories":[1418],"tags":[5934,1011,27,1472,60],"class_list":{"0":"post-107198","1":"post","2":"type-post","3":"status-publish","4":"format-standard","5":"has-post-thumbnail","7":"category-golf","8":"tag-carhaix-plouguer","9":"tag-fr","10":"tag-france","11":"tag-golf","12":"tag-sports"},"share_on_mastodon":{"url":"https:\/\/pubeurope.com\/@fr\/114523759145764914","error":""},"_links":{"self":[{"href":"https:\/\/www.europesays.com\/fr\/wp-json\/wp\/v2\/posts\/107198","targetHints":{"allow":["GET"]}}],"collection":[{"href":"https:\/\/www.europesays.com\/fr\/wp-json\/wp\/v2\/posts"}],"about":[{"href":"https:\/\/www.europesays.com\/fr\/wp-json\/wp\/v2\/types\/post"}],"author":[{"embeddable":true,"href":"https:\/\/www.europesays.com\/fr\/wp-json\/wp\/v2\/users\/2"}],"replies":[{"embeddable":true,"href":"https:\/\/www.europesays.com\/fr\/wp-json\/wp\/v2\/comments?post=107198"}],"version-history":[{"count":0,"href":"https:\/\/www.europesays.com\/fr\/wp-json\/wp\/v2\/posts\/107198\/revisions"}],"wp:featuredmedia":[{"embeddable":true,"href":"https:\/\/www.europesays.com\/fr\/wp-json\/wp\/v2\/media\/107199"}],"wp:attachment":[{"href":"https:\/\/www.europesays.com\/fr\/wp-json\/wp\/v2\/media?parent=107198"}],"wp:term":[{"taxonomy":"category","embeddable":true,"href":"https:\/\/www.europesays.com\/fr\/wp-json\/wp\/v2\/categories?post=107198"},{"taxonomy":"post_tag","embeddable":true,"href":"https:\/\/www.europesays.com\/fr\/wp-json\/wp\/v2\/tags?post=107198"}],"curies":[{"name":"wp","href":"https:\/\/api.w.org\/{rel}","templated":true}]}}