{"id":107202,"date":"2025-05-17T14:59:08","date_gmt":"2025-05-17T14:59:08","guid":{"rendered":"https:\/\/www.europesays.com\/fr\/107202\/"},"modified":"2025-05-17T14:59:08","modified_gmt":"2025-05-17T14:59:08","slug":"atp-rome-tim-henman-jai-discute-avec-lentraineur-de-tommy-paul-avant-le-match-contre-jannik-sinner-et-il-ma-parle-de-service-volee-et-daller-de-lavant-mais-quand-on-regarde-les-statistiqu","status":"publish","type":"post","link":"https:\/\/www.europesays.com\/fr\/107202\/","title":{"rendered":"ATP &#8211; Rome > Tim Henman : \u00ab\u00a0J&rsquo;ai discut\u00e9 avec l&rsquo;entra\u00eeneur de Tommy Paul avant le match contre Jannik Sinner et il m&rsquo;a parl\u00e9 de service-vol\u00e9e et d&rsquo;aller de l&rsquo;avant. Mais quand on regarde les statistiques du match, il n&rsquo;est mont\u00e9 au filet que cinq fois. Je trouve cela tr\u00e8s surprenant\u00a0\u00bb"},"content":{"rendered":"<p>Consultant pour Sky Sports et invit\u00e9 \u00e0 analyser la demi\u2010finale entre Tommy Paul et Jannik Sinner, Tim Henman a \u00e9t\u00e9 un peu surpris par la tactique de l\u2019Am\u00e9ricain qui a remport\u00e9 la premi\u00e8re manche 6\u20131 avant de subir la loi du num\u00e9ro 1 mondial.<\/p>\n<p>Pour l\u2019an\u00adcien 4e joueur mondial, Paul n\u2019a pas suivi la tactique d\u2019avant match \u00e9labor\u00e9 par son entra\u00ee\u00adneur, Brad\u00a0Stine.\u00a0<\/p>\n<p><strong>\u00ab\u202fJe me demande si, parce qu\u2019il a si bien r\u00e9ussi le premier set, qu\u2019il a gagn\u00e9 6\u20131, il ne s\u2019est pas beau\u00adcoup avanc\u00e9. Il est rest\u00e9 en retrait dans les \u00e9changes, a \u00e9t\u00e9 patient et a m\u00eame attendu les fautes directes de Sinner. Brad Stine, le coach de Tommy, \u00e0 qui j\u2019ai parl\u00e9 avant le match, parlait de service et de vol\u00e9e, d\u2019aller de l\u2019avant, de finir le point au filet et d\u2019uti\u00adliser le revers slic\u00e9. Mais quand on regarde les statis\u00adtiques du match, il n\u2019est mont\u00e9 au filet que cinq fois. Je trouve cela tr\u00e8s surpre\u00adnant. Ses tactiques ont\u2010elles fonc\u00adtionn\u00e9\u202f? Il a gagn\u00e9 un set 6\u20131, mais est\u2010ce d\u00fb \u00e0 son grand jeu ou au mauvais jeu de Sinner\u202f?\u202f\u00bb<\/strong><\/p>\n<p class=\"post-published-date\" style=\"color: silver; font-size: 75%; text-align: left;\">Publi\u00e9 le samedi 17 mai 2025 \u00e0 16:16<\/p>\n","protected":false},"excerpt":{"rendered":"Consultant pour Sky Sports et invit\u00e9 \u00e0 analyser la demi\u2010finale entre Tommy Paul et Jannik Sinner, Tim Henman&hellip;\n","protected":false},"author":2,"featured_media":107203,"comment_status":"","ping_status":"","sticky":false,"template":"","format":"standard","meta":{"footnotes":""},"categories":[1415],"tags":[1011,27,2127,60,1467],"class_list":{"0":"post-107202","1":"post","2":"type-post","3":"status-publish","4":"format-standard","5":"has-post-thumbnail","7":"category-tennis","8":"tag-fr","9":"tag-france","10":"tag-sinner","11":"tag-sports","12":"tag-tennis"},"share_on_mastodon":{"url":"https:\/\/pubeurope.com\/@fr\/114523770931196244","error":""},"_links":{"self":[{"href":"https:\/\/www.europesays.com\/fr\/wp-json\/wp\/v2\/posts\/107202","targetHints":{"allow":["GET"]}}],"collection":[{"href":"https:\/\/www.europesays.com\/fr\/wp-json\/wp\/v2\/posts"}],"about":[{"href":"https:\/\/www.europesays.com\/fr\/wp-json\/wp\/v2\/types\/post"}],"author":[{"embeddable":true,"href":"https:\/\/www.europesays.com\/fr\/wp-json\/wp\/v2\/users\/2"}],"replies":[{"embeddable":true,"href":"https:\/\/www.europesays.com\/fr\/wp-json\/wp\/v2\/comments?post=107202"}],"version-history":[{"count":0,"href":"https:\/\/www.europesays.com\/fr\/wp-json\/wp\/v2\/posts\/107202\/revisions"}],"wp:featuredmedia":[{"embeddable":true,"href":"https:\/\/www.europesays.com\/fr\/wp-json\/wp\/v2\/media\/107203"}],"wp:attachment":[{"href":"https:\/\/www.europesays.com\/fr\/wp-json\/wp\/v2\/media?parent=107202"}],"wp:term":[{"taxonomy":"category","embeddable":true,"href":"https:\/\/www.europesays.com\/fr\/wp-json\/wp\/v2\/categories?post=107202"},{"taxonomy":"post_tag","embeddable":true,"href":"https:\/\/www.europesays.com\/fr\/wp-json\/wp\/v2\/tags?post=107202"}],"curies":[{"name":"wp","href":"https:\/\/api.w.org\/{rel}","templated":true}]}}