{"id":107212,"date":"2025-05-17T15:05:09","date_gmt":"2025-05-17T15:05:09","guid":{"rendered":"https:\/\/www.europesays.com\/fr\/107212\/"},"modified":"2025-05-17T15:05:09","modified_gmt":"2025-05-17T15:05:09","slug":"en-colere-carla-bruni-regle-ses-comptes-avec-le-festival-de-cannes","status":"publish","type":"post","link":"https:\/\/www.europesays.com\/fr\/107212\/","title":{"rendered":"en col\u00e8re, Carla Bruni r\u00e8gle ses comptes avec le Festival de Cannes"},"content":{"rendered":"<p>L\u2019\u00e9pouse de Nicolas Sarkozy a exprim\u00e9 sa col\u00e8re ce vendredi, apr\u00e8s l\u2019annulation de son concert au Troph\u00e9e Chopard, qu\u2019elle impute au vacarme des f\u00eates voisines. Un coup de gueule inattendu contre le Festival de Cannes.<\/p>\n<p class=\"fig-paragraph\">\u00abBonsoir mes amis, je devais chanter ce soir pour le\u00a0<a href=\"http:\/\/madame.lefigaro.fr\/celebrites\/cinema\/a-cannes-le-grand-retour-d-angelina-jolie-marraine-lumineuse-du-trophee-chopard-20250517\" data-fig-type=\"Article\" data-gtm-custom-categorie=\"navigation\" data-gtm-custom-action=\"crossclick\" data-gtm-custom-label=\"Contextuel\" data-gtm-event=\"customEventSPE\" data-fig-domain=\"MADAME\" target=\"_blank\" rel=\"noopener\">Troph\u00e9e Chopard<\/a>\u00a0mais je n\u2019ai pas pu le faire\u00bb, a-t-elle d\u2019abord d\u00e9clar\u00e9 dans une premi\u00e8re story, publi\u00e9e \u00e0 la nuit tomb\u00e9e, \u00e0 l\u2019arri\u00e8re de son taxi. Pr\u00e9sente sur la Croisette \u00e0 l\u2019occasion de ladite soir\u00e9e, ce vendredi 16 mai,\u00a0<a href=\"http:\/\/madame.lefigaro.fr\/bien-etre\/forme-detente\/a-la-recherche-de-mon-summer-body-quand-carla-bruni-fait-du-renforcement-musculaire-20250507\" data-fig-type=\"Article\" data-gtm-custom-categorie=\"navigation\" data-gtm-custom-action=\"crossclick\" data-gtm-custom-label=\"Contextuel\" data-gtm-event=\"customEventSPE\" data-fig-domain=\"MADAME\" target=\"_blank\" rel=\"noopener\">Carla Bruni<\/a>\u00a0devait en effet s\u2019y produire en concert. Mais l\u2019ex-premi\u00e8re dame a \u00e9t\u00e9 contrainte d\u2019annuler sa prestation, couverte par le vacarme des soir\u00e9es alentour.<\/p>\n<p class=\"fig-paragraph\">\u00abJe n\u2019ai pas pu chanter parce que nos voisins, la plage du Carlton, avaient d\u00e9cid\u00e9 de faire une f\u00eate tellement bruyante qu\u2019on n\u2019entendait plus ma musique\u00bb, explique-t-elle encore, avant d\u2019ajouter avec une pointe d\u2019ironie\u00a0: \u00abVoil\u00e0, c\u2019est \u00e7a Cannes. Ce n\u2019est plus le cin\u00e9ma, ce n\u2019est plus la musique, ce n\u2019est plus la chanson. C\u2019est le chaos. Voil\u00e0, merci Festival de Cannes, merci plage du Carlton, merci de tout c\u0153ur.\u00bb<\/p>\n<p class=\"fig-body-link&#10;    \">\n            \u00c0 lire aussi<br \/>\n        <a class=\"fig-body-link__link\" href=\"http:\/\/madame.lefigaro.fr\/celebrites\/actu-people\/emma-stone-attaquee-par-une-abeille-sur-le-tapis-rouge-de-cannes-l-instant-cocasse-devenu-viral-20250517\" data-fig-type=\"Article\" data-gtm-custom-categorie=\"navigation\" data-gtm-custom-action=\"crossclick\" data-gtm-custom-label=\"Contextuel\" data-gtm-event=\"customEventSPE\" data-fig-domain=\"MADAME\" target=\"_blank\" rel=\"noopener\">Emma Stone attaqu\u00e9e par une abeille sur le tapis rouge de Cannes\u00a0: l\u2019instant cocasse devenu viral<\/a>\n<\/p>\n<p>\u00abUne soir\u00e9e merveilleuse\u00bb<\/p>\n<p class=\"fig-paragraph\">L\u2019\u00e9pouse de\u00a0<a href=\"http:\/\/madame.lefigaro.fr\/celebrites\/actu-people\/carla-bruni-sarkozy-avant-de-rencontrer-mon-mari-je-n-etais-pas-dans-une-grande-option-d-engagement-20250427\" data-fig-type=\"Article\" data-gtm-custom-categorie=\"navigation\" data-gtm-custom-action=\"crossclick\" data-gtm-custom-label=\"Contextuel\" data-gtm-event=\"customEventSPE\" data-fig-domain=\"MADAME\" target=\"_blank\" rel=\"noopener\">Nicolas Sarkozy<\/a>\u00a0se faisait une joie d\u2019interpr\u00e9ter quelques-uns de ses morceaux lors de cette soir\u00e9e, organis\u00e9e pour r\u00e9compenser les jeunes talents du 7e art. Cette ann\u00e9e, Angelina Jolie en \u00e9tait la marraine et a remis les prix aux laur\u00e9ats\u00a0:\u00a0<a href=\"http:\/\/madame.lefigaro.fr\/celebrites\/culture\/marie-colomb-a-l-ecole-on-jouait-au-loft-et-deja-j-etais-toujours-loana-20250425\" data-fig-type=\"Article\" data-gtm-custom-categorie=\"navigation\" data-gtm-custom-action=\"crossclick\" data-gtm-custom-label=\"Contextuel\" data-gtm-event=\"customEventSPE\" data-fig-domain=\"MADAME\" target=\"_blank\" rel=\"noopener\">Marie Colomb<\/a>\u00a0et Finn Bennett. \u00abOn avait pr\u00e9par\u00e9 ce concert pour tous les invit\u00e9s, on se faisait une joie de jouer. Mais voil\u00e0, on n\u2019a pas pu le faire, car la plage du Carlton a d\u00e9cid\u00e9 de faire une f\u00eate sans aucun respect pour les artistes d\u2019\u00e0 c\u00f4t\u00e9, ni pour le Troph\u00e9e Chopard. La musique \u00e9tait si assourdissante qu\u2019on n\u2019entendait m\u00eame pas le nom des gagnants\u00bb, a-t-elle continu\u00e9 dans une seconde story \u00e9ph\u00e9m\u00e8re.<\/p>\n<p class=\"fig-paragraph\">Carla Bruni a tenu \u00e0 remercier la pr\u00e9sidente de la Maison, Caroline Scheufele, pour cette soir\u00e9e malgr\u00e9 tout \u00abmerveilleuse\u00bb, lui promettant, \u00e0 l\u2019avenir, de revenir donner un concert \u2014 gratuitement cette fois. La moindre des choses, selon l\u2019ancienne mannequin.<\/p>\n<p>    <a href=\"https:\/\/photo-madame.lefigaro.fr\/celebrites\/actu-people\/les-stars-brillent-a-la-soiree-chopard-a-cannes-20250517\" target=\"_blank\" rel=\"noopener\"><\/p>\n<p class=\"fig-slideshow__title\">\n                    Les stars brillent \u00e0 la soir\u00e9e Chopard \u00e0 Cannes\n                <\/p>\n<p>    <\/a><\/p>\n","protected":false},"excerpt":{"rendered":"L\u2019\u00e9pouse de Nicolas Sarkozy a exprim\u00e9 sa col\u00e8re ce vendredi, apr\u00e8s l\u2019annulation de son concert au Troph\u00e9e Chopard,&hellip;\n","protected":false},"author":2,"featured_media":107213,"comment_status":"","ping_status":"","sticky":false,"template":"","format":"standard","meta":{"footnotes":""},"categories":[1359],"tags":[976,12667,972,58,59,5634,638,1011,27,977,973,975,974],"class_list":{"0":"post-107212","1":"post","2":"type-post","3":"status-publish","4":"format-standard","5":"has-post-thumbnail","7":"category-people","8":"tag-actu-people","9":"tag-carla-bruni","10":"tag-celebrite","11":"tag-divertissement","12":"tag-entertainment","13":"tag-festival-de-cannes","14":"tag-figaro","15":"tag-fr","16":"tag-france","17":"tag-madame","18":"tag-people","19":"tag-potain-de-stars","20":"tag-star"},"share_on_mastodon":{"url":"https:\/\/pubeurope.com\/@fr\/114523794616528406","error":""},"_links":{"self":[{"href":"https:\/\/www.europesays.com\/fr\/wp-json\/wp\/v2\/posts\/107212","targetHints":{"allow":["GET"]}}],"collection":[{"href":"https:\/\/www.europesays.com\/fr\/wp-json\/wp\/v2\/posts"}],"about":[{"href":"https:\/\/www.europesays.com\/fr\/wp-json\/wp\/v2\/types\/post"}],"author":[{"embeddable":true,"href":"https:\/\/www.europesays.com\/fr\/wp-json\/wp\/v2\/users\/2"}],"replies":[{"embeddable":true,"href":"https:\/\/www.europesays.com\/fr\/wp-json\/wp\/v2\/comments?post=107212"}],"version-history":[{"count":0,"href":"https:\/\/www.europesays.com\/fr\/wp-json\/wp\/v2\/posts\/107212\/revisions"}],"wp:featuredmedia":[{"embeddable":true,"href":"https:\/\/www.europesays.com\/fr\/wp-json\/wp\/v2\/media\/107213"}],"wp:attachment":[{"href":"https:\/\/www.europesays.com\/fr\/wp-json\/wp\/v2\/media?parent=107212"}],"wp:term":[{"taxonomy":"category","embeddable":true,"href":"https:\/\/www.europesays.com\/fr\/wp-json\/wp\/v2\/categories?post=107212"},{"taxonomy":"post_tag","embeddable":true,"href":"https:\/\/www.europesays.com\/fr\/wp-json\/wp\/v2\/tags?post=107212"}],"curies":[{"name":"wp","href":"https:\/\/api.w.org\/{rel}","templated":true}]}}