{"id":107216,"date":"2025-05-17T15:07:10","date_gmt":"2025-05-17T15:07:10","guid":{"rendered":"https:\/\/www.europesays.com\/fr\/107216\/"},"modified":"2025-05-17T15:07:10","modified_gmt":"2025-05-17T15:07:10","slug":"liban-etat-de-survie-de-fouad-khoury-helou","status":"publish","type":"post","link":"https:\/\/www.europesays.com\/fr\/107216\/","title":{"rendered":"\u00abLiban : \u00e9tat de survie\u00bb de Fouad Khoury-Helou"},"content":{"rendered":"<p>                                    <a href=\"https:\/\/www.rfi.fr\/fr\/podcasts\/livre-international\/\" title=\"Livre international\" target=\"_blank\" rel=\"noopener\"><\/p>\n<p>        <img decoding=\"async\" fetchpriority=\"high\" src=\"https:\/\/www.europesays.com\/fr\/wp-content\/uploads\/2025\/05\/carre-3000-Livre-international.jpg\" alt=\"Image carr\u00e9e\"   width=\"480\" height=\"480\" loading=\"eager\" class=\"m-figure__img lazy\"\/><\/p>\n<p>                                    <\/a><\/p>\n<p class=\"t-content__chapo\">\n                                                Un ouvrage de 234 pages pour retracer l&rsquo;Histoire du Liban depuis le 19e si\u00e8cle. Un pays au potentiel culturel et \u00e9conomique gigantesque, mais emp\u00eatr\u00e9 dans une violence qui semble inextricable. Dans son livre Liban : \u00e9tat de survie, Fouad Khoury-Helou dresse le portrait d&rsquo;un pays rong\u00e9 par ses dissensions internes. Un pays et une soci\u00e9t\u00e9 qu&rsquo;il conna\u00eet bien puisqu&rsquo;il est le directeur du grand quotidien libanais l&rsquo;Orient-Le Jour.                    <\/p>\n<p>        <img decoding=\"async\" fetchpriority=\"low\" src=\"https:\/\/www.europesays.com\/fr\/wp-content\/uploads\/2025\/05\/liban \u00e9tat de survie.jpg\" alt=\"Couverture du livre \u00abLiban: \u00e9tat de survie\u00bb de Fouad Khoury-Helou, paru aux \u00e9ditions Max Milo le 5 mai 2025.\"   width=\"980\" height=\"551\" loading=\"eager\" class=\"m-figure__img lazy\"\/><\/p>\n<p>                Couverture du livre \u00abLiban: \u00e9tat de survie\u00bb de Fouad Khoury-Helou, paru aux \u00e9ditions Max Milo le 5 mai 2025.                \u00a9 Max Milo            <\/p>\n","protected":false},"excerpt":{"rendered":"Un ouvrage de 234 pages pour retracer l&rsquo;Histoire du Liban depuis le 19e si\u00e8cle. Un pays au potentiel&hellip;\n","protected":false},"author":2,"featured_media":107217,"comment_status":"","ping_status":"","sticky":false,"template":"","format":"standard","meta":{"footnotes":""},"categories":[1357],"tags":[1379,58,59,1011,27,3535,937,12404,3258,1380,3257],"class_list":{"0":"post-107216","1":"post","2":"type-post","3":"status-publish","4":"format-standard","5":"has-post-thumbnail","7":"category-livres","8":"tag-books","9":"tag-divertissement","10":"tag-entertainment","11":"tag-fr","12":"tag-france","13":"tag-geopolitique","14":"tag-histoire","15":"tag-liban","16":"tag-livre-international","17":"tag-livres","18":"tag-moyen-orient"},"share_on_mastodon":{"url":"https:\/\/pubeurope.com\/@fr\/114523802440473076","error":""},"_links":{"self":[{"href":"https:\/\/www.europesays.com\/fr\/wp-json\/wp\/v2\/posts\/107216","targetHints":{"allow":["GET"]}}],"collection":[{"href":"https:\/\/www.europesays.com\/fr\/wp-json\/wp\/v2\/posts"}],"about":[{"href":"https:\/\/www.europesays.com\/fr\/wp-json\/wp\/v2\/types\/post"}],"author":[{"embeddable":true,"href":"https:\/\/www.europesays.com\/fr\/wp-json\/wp\/v2\/users\/2"}],"replies":[{"embeddable":true,"href":"https:\/\/www.europesays.com\/fr\/wp-json\/wp\/v2\/comments?post=107216"}],"version-history":[{"count":0,"href":"https:\/\/www.europesays.com\/fr\/wp-json\/wp\/v2\/posts\/107216\/revisions"}],"wp:featuredmedia":[{"embeddable":true,"href":"https:\/\/www.europesays.com\/fr\/wp-json\/wp\/v2\/media\/107217"}],"wp:attachment":[{"href":"https:\/\/www.europesays.com\/fr\/wp-json\/wp\/v2\/media?parent=107216"}],"wp:term":[{"taxonomy":"category","embeddable":true,"href":"https:\/\/www.europesays.com\/fr\/wp-json\/wp\/v2\/categories?post=107216"},{"taxonomy":"post_tag","embeddable":true,"href":"https:\/\/www.europesays.com\/fr\/wp-json\/wp\/v2\/tags?post=107216"}],"curies":[{"name":"wp","href":"https:\/\/api.w.org\/{rel}","templated":true}]}}