{"id":107220,"date":"2025-05-17T15:09:13","date_gmt":"2025-05-17T15:09:13","guid":{"rendered":"https:\/\/www.europesays.com\/fr\/107220\/"},"modified":"2025-05-17T15:09:13","modified_gmt":"2025-05-17T15:09:13","slug":"gums-sch-rohff-le-monde-du-rap-devaste-par-la-disparition-brutale-du-rappeur","status":"publish","type":"post","link":"https:\/\/www.europesays.com\/fr\/107220\/","title":{"rendered":"Gums, SCH, Rohff\u2026 Le monde du rap d\u00e9vast\u00e9 par la disparition brutale du rappeur"},"content":{"rendered":"\n<p> La lecture de ce contenu est susceptible d\u2019entra\u00eener un d\u00e9p\u00f4t de cookies de la part de l\u2019op\u00e9rateur tiers qui l\u2019h\u00e9berge. Compte-tenu des choix que vous avez exprim\u00e9s en mati\u00e8re de d\u00e9p\u00f4t de cookies, nous avons bloqu\u00e9 l\u2019affichage de ce contenu. Si vous souhaitez y acc\u00e9der, vous devez accepter la cat\u00e9gorie de cookies \u201cContenus tiers\u201d en cliquant sur le bouton ci-dessous. <\/p>\n<p> Lire la Vid\u00e9o              <\/p>\n<p class=\"asset asset-text\">MUSIQUE &#8211; Un choc pour l\u2019industrie du rap, mais pas seulement. La <a href=\"https:\/\/www.huffingtonpost.fr\/culture\/article\/mort-de-werenoi-meilleur-vendeur-d-albums-en-france-en-2024-le-rappeur-avait-31-ans_250152.html\" target=\"_blank\" rel=\"noopener\">disparition tragique et soudaine de l\u2019artiste Werenoi<\/a>, dont les morceaux inondent les ondes et les playlists musicales depuis le d\u00e9but des ann\u00e9es 2020,\u00a0laisse un vide \u00e9norme dans le monde du rap ce samedi 17\u00a0mai.<\/p>\n<p class=\"asset asset-text\">Quelques heures apr\u00e8s l\u2019annonce officielle de sa disparition \u00e0 l\u2019\u00e2ge de 31\u00a0ans par son producteur Babs, un grand nombre de rappeurs ayant collabor\u00e9 (ou pas) avec l\u2019artiste de Montreil ont souhait\u00e9 lui rendre hommage sur les r\u00e9seaux sociaux. C\u2019est le cas du <a href=\"https:\/\/www.huffingtonpost.fr\/culture\/article\/sch-rend-un-hommage-emouvant-a-marcel-pagnol-dans-c-a-vous-a-cannes_250151.html\" target=\"_blank\" rel=\"noopener\">Marseillais SCH<\/a>, qui a pudiquement partag\u00e9 une photo de Werenoi simplement accompagn\u00e9 d\u2019un \u00e9moji colombe.<\/p>\n<p class=\"asset asset-text\">Parmi les interpr\u00e8tes ayant collabor\u00e9 avec lui, Gims a publi\u00e9 une photo avec le rappeur disparu, accompagn\u00e9e d\u2019un message \u00e9mu. \u00ab\u00a0On s\u2019est peu connus mon fr\u00e8re, mais ta pr\u00e9sence fut comme une brise douce\u00a0\u00bb, \u00e9crit-il,<strong> comme vous pouvez le voir ci-dessous\u00a0: <\/strong><\/p>\n<p> La lecture de ce contenu est susceptible d\u2019entra\u00eener un d\u00e9p\u00f4t de cookies de la part de l\u2019op\u00e9rateur tiers qui l\u2019h\u00e9berge. Compte-tenu des choix que vous avez exprim\u00e9s en mati\u00e8re de d\u00e9p\u00f4t de cookies, nous avons bloqu\u00e9 l\u2019affichage de ce contenu. Si vous souhaitez y acc\u00e9der, vous devez accepter la cat\u00e9gorie de cookies \u201cContenus tiers\u201d en cliquant sur le bouton ci-dessous. <\/p>\n<p> Lire la Vid\u00e9o        <\/p>\n<p class=\"asset asset-text\">Maes, Dosseh ou encore Dinos \u2013 qui ont respectivement travaill\u00e9 avec Werenoi sur les morceaux Cordill\u00e8re, La vie de Cesar\u00a0et Performante \u2013 lui ont \u00e9galement rendu un hommage poignant. \u00ab\u00a0Le plus grand des rappels\u00a0\u00bb, a sobrement \u00e9crit le rappeur Dosseh. \u00ab\u00a0Repose en paix mon fr\u00e8re\u00a0\u00bb, \u00e9crit de son c\u00f4t\u00e9 Dinos.<\/p>\n<p>                          <img decoding=\"async\" loading=\"lazy\" src=\"https:\/\/www.europesays.com\/fr\/wp-content\/uploads\/2025\/05\/7770199_sirius-fs-upload-1-kgf8y7fzmakt-1747487748997-design-sans-titre-19.jpg\"  width=\"728\" height=\"410\" alt=\"Les hommages sur Instagram de Maes, Dosseh et Dinos apr\u00e8s l\u2019annonce de la disparition de Werenoi.\"\/>  <\/p>\n<p>Captures d\u2019\u00e9cran Instagram\/Montage Le HuffPost<\/p>\n<p>Les hommages sur Instagram de Maes, Dosseh et Dinos apr\u00e8s l\u2019annonce de la disparition de Werenoi.<\/p>\n<p class=\"asset asset-text\">Bien qu\u2019issu de l\u2019ancienne g\u00e9n\u00e9ration du rap hexagonal, <a href=\"https:\/\/www.huffingtonpost.fr\/culture\/article\/dans-valide-saison-2-rohff-a-mis-les-fans-d-accord_187759.html\" target=\"_blank\" rel=\"noopener\">le rappeur franco-comorien Rohff<\/a> a lui aussi salu\u00e9 la m\u00e9moire de celui qui avait termin\u00e9 <a href=\"https:\/\/www.huffingtonpost.fr\/culture\/article\/dans-le-spotify-wrapped-le-top-10-des-artistes-en-france-sans-aucune-femme-et-uniquement-compose-de-rappeurs_243148.html\" target=\"_blank\" rel=\"noopener\">num\u00e9ro un des ventes d\u2019albums en France en 2023 et 2024<\/a>. \u00ab\u00a0La musique n\u2019a plus aucun apport. La mort met tout le monde d\u2019accord. Prenez bien soin de votre sant\u00e9\u00a0\u00bb, a-t-il \u00e9crit sur X, apr\u00e8s avoir adress\u00e9 ses \u00ab\u00a0condol\u00e9ances \u00e0 sa famille\u00a0\u00bb.<\/p>\n<p class=\"asset asset-text\">\u00ab\u00a0Repose en pais mon gars, une nouvelle qui m\u2019attriste\u00a0\u00bb, a t\u00e9moign\u00e9 Aya Nakamura en story sur Instagram. L\u2019interpr\u00e8te de Djadja avait fait duo avec Werenoi sur Chaleur en 2024. Figure importante pour la promotion du rap en France, le journaliste Mehdi Ma\u00efzi a \u00e9galement r\u00e9agi avec tristesse \u00e0 la mort de Werenoi sur Instagram. \u00ab\u00a0Repose en paix\u00a0\u00bb, a \u00e9crit celui qui occupe le poste de \u00ab\u00a0head of hip-hop\u00a0\u00bb pour Apple Music France.<\/p>\n<p> La lecture de ce contenu est susceptible d\u2019entra\u00eener un d\u00e9p\u00f4t de cookies de la part de l\u2019op\u00e9rateur tiers qui l\u2019h\u00e9berge. Compte-tenu des choix que vous avez exprim\u00e9s en mati\u00e8re de d\u00e9p\u00f4t de cookies, nous avons bloqu\u00e9 l\u2019affichage de ce contenu. Si vous souhaitez y acc\u00e9der, vous devez accepter la cat\u00e9gorie de cookies \u201cContenus tiers\u201d en cliquant sur le bouton ci-dessous. <\/p>\n<p> Lire la Vid\u00e9o        De Pascal Obispo \u00e0 Cyril Hanouna    <\/p>\n<p class=\"asset asset-text\">Mais m\u00eame en dehors de la sc\u00e8ne rap, les hommages se sont multipli\u00e9s ce samedi, apr\u00e8s plusieurs jours de rumeurs sur l\u2019\u00e9tat de sant\u00e9 de l\u2019artiste. Que ce soit footballeur fran\u00e7ais Sacha Boey, joueur du Bayern Munich et ami intime de Werenoi. M\u00eame choc pour l\u2019artiste <a href=\"https:\/\/www.huffingtonpost.fr\/culture\/article\/la-comedie-musicale-les-dix-commandements-de-pascal-obispo-pourra-bien-avoir-lieu_228481.html\" target=\"_blank\" rel=\"noopener\" title=\"Nouvelle fen\u00eatre\">Pascal Obispo<\/a>, auteur d\u2019un duo inattendu avec Werenoi en 2023\u00a0sur la sc\u00e8ne du Z\u00e9nith de Paris. \u00ab\u00a0Triste jour\u00a0\u00bb, a \u00e9crit avec tristesse le chanteur fran\u00e7ais, qui avait d\u00e9couvert le rappeur par l\u2019interm\u00e9diaire de son fils, comme il l\u2019avait confi\u00e9 au <a href=\"https:\/\/www.leparisien.fr\/culture-loisirs\/musique\/le-rappeur-werenoi-plus-gros-vendeur-de-disques-en-france-est-mort-a-31-ans-17-05-2025-6EOAWZGWPFCGHOTZVFIWBCFXIU.php?ts=1747484725019\" target=\"_blank\" rel=\"noopener\" title=\"Nouvelle fen\u00eatre\">Parisien<\/a>.<\/p>\n<p>                          <img decoding=\"async\" loading=\"lazy\" src=\"https:\/\/www.europesays.com\/fr\/wp-content\/uploads\/2025\/05\/fae402d_sirius-fs-upload-1-zurpdsizfyjp-1747487177260-design-sans-titre-18.jpg\"  width=\"728\" height=\"410\" alt=\"Les hommages partag\u00e9s sur Instagram ou Snapchat par SCH, Pascal Obispo et le joueur du Bayern Munich Sacha Boey.\"\/>  <\/p>\n<p>Captures d\u2019\u00e9crans\/Montage Le HuffPost<\/p>\n<p>Les hommages partag\u00e9s sur Instagram ou Snapchat par SCH, Pascal Obispo et le joueur du Bayern Munich Sacha Boey.<\/p>\n<p class=\"asset asset-text\">Le pr\u00e9sentateur Cyril Hanouna s\u2019est lui aussi exprim\u00e9 ce samedi, \u00e9voquant sur X la perte d\u2019\u00ab\u00a0un grand artiste\u00a0\u00bb au \u00ab\u00a0talent exceptionnel\u00a0\u00bb.<\/p>\n<p> La lecture de ce contenu est susceptible d\u2019entra\u00eener un d\u00e9p\u00f4t de cookies de la part de l\u2019op\u00e9rateur tiers qui l\u2019h\u00e9berge. Compte-tenu des choix que vous avez exprim\u00e9s en mati\u00e8re de d\u00e9p\u00f4t de cookies, nous avons bloqu\u00e9 l\u2019affichage de ce contenu. Si vous souhaitez y acc\u00e9der, vous devez accepter la cat\u00e9gorie de cookies \u201cContenus tiers\u201d en cliquant sur le bouton ci-dessous. <\/p>\n<p> Lire la Vid\u00e9o        <\/p>\n<p class=\"asset asset-text\">Une partie de la classe politique fran\u00e7aise \u2013surtout \u00e0 gauche \u2013 a elle aussi \u00e9t\u00e9 \u00ab\u00a0choqu\u00e9e d\u2019apprendre le d\u00e9c\u00e8s de Werenoi \u00e0 l\u2019\u00e2ge de 31\u00a0ans\u00a0\u00bb, comme s\u2019en est \u00e9mu le d\u00e9put\u00e9 LFI Antoine L\u00e9aument sur X. \u00ab\u00a0Il y a tout juste 2 jours, il recevait le prix de l\u2019album de l\u2019ann\u00e9e aux Flammes 2025\u2026\u00a0\u00bb, a-t-il rappel\u00e9 au passage. \u00ab\u00a0Je suis d\u00e9go\u00fbt\u00e9, j\u2019ai pas pu \u00eatre l\u00e0 ce soir. Suite \u00e0 une grosse blessure. Mais c\u2019est que partie remise\u00a0\u00bb, avait r\u00e9v\u00e9l\u00e9 Werenoi <a href=\"https:\/\/www.huffingtonpost.fr\/culture\/article\/la-ceremonie-des-flammes-a-commence-en-retard-et-le-public-y-est-pour-quelque-chose_249984.html\" target=\"_blank\" rel=\"noopener\">lors de cette c\u00e9r\u00e9monie<\/a>, o\u00f9 il \u00e9tait apparu avec le bras en \u00e9charpe dans une vid\u00e9o diffus\u00e9e en direct.<\/p>\n<p> La lecture de ce contenu est susceptible d\u2019entra\u00eener un d\u00e9p\u00f4t de cookies de la part de l\u2019op\u00e9rateur tiers qui l\u2019h\u00e9berge. Compte-tenu des choix que vous avez exprim\u00e9s en mati\u00e8re de d\u00e9p\u00f4t de cookies, nous avons bloqu\u00e9 l\u2019affichage de ce contenu. Si vous souhaitez y acc\u00e9der, vous devez accepter la cat\u00e9gorie de cookies \u201cContenus tiers\u201d en cliquant sur le bouton ci-dessous. <\/p>\n<p> Lire la Vid\u00e9o        <\/p>\n<p class=\"asset asset-text\">Ayant grandi \u00e0 Montreuil (Seine-Saint-Denis), Werenoi a \u00e9galement provoqu\u00e9 une r\u00e9action \u00e9mue du d\u00e9put\u00e9 Alexis Corbi\u00e8re, d\u00e9put\u00e9 divers gauche de ce d\u00e9partement. \u00ab\u00a0Ce d\u00e9part si jeune et si brutal, plonge beaucoup d\u2019habitants de notre ville dans une grande \u00e9motion. Salut l\u2019artiste\u00a0!\u00a0\u00bb, a-t-il partag\u00e9 sur X.<\/p>\n<p class=\"asset asset-text\">M\u00eame \u00e9motion pour la d\u00e9put\u00e9e LFI et vice-pr\u00e9sidente de l\u2019Assembl\u00e9e nationale Cl\u00e9mence Guett\u00e9, qui \u00e9voque sur le m\u00eame r\u00e9seau social une \u00ab\u00a0peine immense\u00a0\u00bb et partage ses \u00ab\u00a0pens\u00e9es pour ses proches et tous ceux qui vivent avec sa musique\u00a0\u00bb.<\/p>\n<p class=\"asset asset-text\"><strong>\u00c0 voir \u00e9galement sur Le HuffPost\u00a0:<\/strong><\/p>\n<p> La lecture de ce contenu est susceptible d\u2019entra\u00eener un d\u00e9p\u00f4t de cookies de la part de l\u2019op\u00e9rateur tiers qui l\u2019h\u00e9berge. Compte-tenu des choix que vous avez exprim\u00e9s en mati\u00e8re de d\u00e9p\u00f4t de cookies, nous avons bloqu\u00e9 l\u2019affichage de ce contenu. Si vous souhaitez y acc\u00e9der, vous devez accepter la cat\u00e9gorie de cookies \u201cContenus tiers\u201d en cliquant sur le bouton ci-dessous. <\/p>\n<p> Lire la Vid\u00e9o                <\/p>\n","protected":false},"excerpt":{"rendered":"La lecture de ce contenu est susceptible d\u2019entra\u00eener un d\u00e9p\u00f4t de cookies de la part de l\u2019op\u00e9rateur tiers&hellip;\n","protected":false},"author":2,"featured_media":107221,"comment_status":"","ping_status":"","sticky":false,"template":"","format":"standard","meta":{"footnotes":""},"categories":[1355],"tags":[251,58,59,1011,27,4879,1361,873,3616,6198],"class_list":{"0":"post-107220","1":"post","2":"type-post","3":"status-publish","4":"format-standard","5":"has-post-thumbnail","7":"category-musique","8":"tag-culture","9":"tag-divertissement","10":"tag-entertainment","11":"tag-fr","12":"tag-france","13":"tag-hommage","14":"tag-music","15":"tag-musique","16":"tag-rap","17":"tag-rappeur"},"share_on_mastodon":{"url":"https:\/\/pubeurope.com\/@fr\/114523810498520010","error":""},"_links":{"self":[{"href":"https:\/\/www.europesays.com\/fr\/wp-json\/wp\/v2\/posts\/107220","targetHints":{"allow":["GET"]}}],"collection":[{"href":"https:\/\/www.europesays.com\/fr\/wp-json\/wp\/v2\/posts"}],"about":[{"href":"https:\/\/www.europesays.com\/fr\/wp-json\/wp\/v2\/types\/post"}],"author":[{"embeddable":true,"href":"https:\/\/www.europesays.com\/fr\/wp-json\/wp\/v2\/users\/2"}],"replies":[{"embeddable":true,"href":"https:\/\/www.europesays.com\/fr\/wp-json\/wp\/v2\/comments?post=107220"}],"version-history":[{"count":0,"href":"https:\/\/www.europesays.com\/fr\/wp-json\/wp\/v2\/posts\/107220\/revisions"}],"wp:featuredmedia":[{"embeddable":true,"href":"https:\/\/www.europesays.com\/fr\/wp-json\/wp\/v2\/media\/107221"}],"wp:attachment":[{"href":"https:\/\/www.europesays.com\/fr\/wp-json\/wp\/v2\/media?parent=107220"}],"wp:term":[{"taxonomy":"category","embeddable":true,"href":"https:\/\/www.europesays.com\/fr\/wp-json\/wp\/v2\/categories?post=107220"},{"taxonomy":"post_tag","embeddable":true,"href":"https:\/\/www.europesays.com\/fr\/wp-json\/wp\/v2\/tags?post=107220"}],"curies":[{"name":"wp","href":"https:\/\/api.w.org\/{rel}","templated":true}]}}