{"id":1072241,"date":"2026-07-18T07:27:21","date_gmt":"2026-07-18T07:27:21","guid":{"rendered":"https:\/\/www.europesays.com\/fr\/1072241\/"},"modified":"2026-07-18T07:27:21","modified_gmt":"2026-07-18T07:27:21","slug":"meteo-quel-temps-est-il-prevu-a-vandoeuvre-les-nancy-et-ses-environs-le-samedi-18-juillet-2026","status":"publish","type":"post","link":"https:\/\/www.europesays.com\/fr\/1072241\/","title":{"rendered":"M\u00e9t\u00e9o. Quel temps est-il pr\u00e9vu \u00e0 Vand\u0153uvre-l\u00e8s-Nancy et ses environs le samedi 18 juillet 2026 ?"},"content":{"rendered":"<p>En d\u00e9but de matin\u00e9e, le ciel sera d\u00e9gag\u00e9 avec une temp\u00e9rature proche de 17 \u00b0C. Puis il deviendra tr\u00e8s nuageux avant de s\u2019\u00e9claircir partiellement vers la fin de la matin\u00e9e, avant un retour \u00e0 un ciel couvert pour la transition vers l\u2019apr\u00e8s-midi. La temp\u00e9rature montera progressivement jusqu\u2019\u00e0 22 \u00b0C. Le vent, d\u2019abord d\u2019Ouest \u00e0 10 km\/h avec des rafales \u00e0 15 km\/h, faiblira \u00e0 5 km\/h en basculant vers le Nord puis vers l\u2019Est-Nord-Est. L\u2019humidit\u00e9 reculera au fil des heures.<\/p>\n<p>Dans l\u2019apr\u00e8s-midi, dans le prolongement de cette matin\u00e9e d\u00e9j\u00e0 changeante, les temp\u00e9ratures grimperont l\u00e9g\u00e8rement de 23 \u00b0C \u00e0 25 \u00b0C avant de redescendre autour de 22 \u00e0 24 \u00b0C en fin de p\u00e9riode. Le ciel passera d\u2019une couverture uniforme \u00e0 des \u00e9claircies temporaires, puis \u00e0 une alternance entre passages d\u00e9gag\u00e9s et nouveaux nuages, avec une humidit\u00e9 globale \u00e9lev\u00e9e. Le vent, d\u2019abord nul, se renforcera entre 5 et 10 km\/h, venant successivement de l\u2019Ouest-Nord-Ouest, du Nord-Ouest, du Sud puis de l\u2019Est-Sud-Est, avec des rafales pouvant atteindre 40 km\/h.<\/p>\n<p>En soir\u00e9e, dans le prolongement des variations observ\u00e9es l\u2019apr\u00e8s-midi, les conditions \u00e9volueront entre passages nuageux et \u00e9claircies, avec une alternance de ciel couvert puis plus d\u00e9gag\u00e9 en seconde partie de soir\u00e9e. La temp\u00e9rature baissera lentement d\u2019environ 25 \u00b0C en d\u00e9but de soir\u00e9e \u00e0 21 \u00b0C en fin de p\u00e9riode. Le vent restera faible, oscillant entre 5 et 15 km\/h, mais avec des rafales pouvant atteindre 30 km\/h, changeant progressivement de direction du Sud-Ouest vers le Nord. L\u2019humidit\u00e9 augmentera au fil des heures, sans variation brusque.<\/p>\n<p>Durant la nuit, fid\u00e8le \u00e0 la tendance de la soir\u00e9e, la temp\u00e9rature restera douce, oscillant entre 20 \u00b0C en d\u00e9but de nuit et 17 \u00e0 18 \u00b0C avant l\u2019aube. Le vent, issu majoritairement du Nord puis du Nord-Nord-Est et du Nord-Nord-Ouest, soufflera entre 5 et 10 km\/h, avec des rafales pouvant atteindre 25 km\/h en d\u00e9but de nuit. Le ciel, d\u2019abord clair ou peu nuageux, se couvrira progressivement jusqu\u2019\u00e0 devenir enti\u00e8rement voil\u00e9 puis couvert. L\u2019humidit\u00e9 augmentera peu \u00e0 peu et restera marqu\u00e9e en fin de nuit.<\/p>\n<p>Pour demain, dans le prolongement de cette nuit humide et nuageuse, la temp\u00e9rature de l\u2019air restera fra\u00eeche en matin\u00e9e autour de 16 \u00e0 17 \u00b0C avant de grimper progressivement jusqu\u2019\u00e0 22 \u00b0C en fin d\u2019apr\u00e8s-midi. Le vent soufflera du Nord puis du Nord-Nord-Ouest, avec une vitesse voisine de 10 km\/h et des rafales passant de 20 \u00e0 30 km\/h au fil des heures. Le ciel \u00e9voluera d\u2019un \u00e9tat peu nuageux \u00e0 couvert, puis tr\u00e8s nuageux en milieu de journ\u00e9e, avant de se d\u00e9gager presque totalement. L\u2019humidit\u00e9, \u00e9lev\u00e9e au d\u00e9but, diminuera nettement vers l\u2019apr\u00e8s-midi.<\/p>\n<p><a href=\"https:\/\/www.ouest-france.fr\/meteo\/grand-est\/vandoeuvre-les-nancy-54500\/\" rel=\"nofollow noopener\" target=\"_blank\">Suivez la m\u00e9t\u00e9o de votre commune en temps r\u00e9el<\/a><\/p>\n<p>Ouest-France vous donne \u00e9galement la possibilit\u00e9 de conna\u00eetre la m\u00e9t\u00e9o de votre commune, heure par heure, sur notre page m\u00e9t\u00e9o d\u00e9di\u00e9e<\/p>\n","protected":false},"excerpt":{"rendered":"En d\u00e9but de matin\u00e9e, le ciel sera d\u00e9gag\u00e9 avec une temp\u00e9rature proche de 17 \u00b0C. Puis il deviendra&hellip;\n","protected":false},"author":2,"featured_media":983519,"comment_status":"","ping_status":"","sticky":false,"template":"","format":"standard","meta":{"footnotes":"","_share_on_mastodon":"0"},"categories":[9635],"tags":[1111,11,11734,1777,674,1011,27,775,1702,9847,12,25,24495,5711],"class_list":["post-1072241","post","type-post","status-publish","format-standard","has-post-thumbnail","category-nancy","tag-actu","tag-actualites","tag-bois-de-haye","tag-eu","tag-europe","tag-fr","tag-france","tag-grand-est","tag-nancy","tag-neuves-maisons","tag-news","tag-republique-francaise","tag-richardmenil","tag-vandoeuvre-les-nancy"],"share_on_mastodon":{"url":"https:\/\/pubeurope.com\/@fr\/116939800404169743","error":""},"_links":{"self":[{"href":"https:\/\/www.europesays.com\/fr\/wp-json\/wp\/v2\/posts\/1072241","targetHints":{"allow":["GET"]}}],"collection":[{"href":"https:\/\/www.europesays.com\/fr\/wp-json\/wp\/v2\/posts"}],"about":[{"href":"https:\/\/www.europesays.com\/fr\/wp-json\/wp\/v2\/types\/post"}],"author":[{"embeddable":true,"href":"https:\/\/www.europesays.com\/fr\/wp-json\/wp\/v2\/users\/2"}],"replies":[{"embeddable":true,"href":"https:\/\/www.europesays.com\/fr\/wp-json\/wp\/v2\/comments?post=1072241"}],"version-history":[{"count":0,"href":"https:\/\/www.europesays.com\/fr\/wp-json\/wp\/v2\/posts\/1072241\/revisions"}],"wp:featuredmedia":[{"embeddable":true,"href":"https:\/\/www.europesays.com\/fr\/wp-json\/wp\/v2\/media\/983519"}],"wp:attachment":[{"href":"https:\/\/www.europesays.com\/fr\/wp-json\/wp\/v2\/media?parent=1072241"}],"wp:term":[{"taxonomy":"category","embeddable":true,"href":"https:\/\/www.europesays.com\/fr\/wp-json\/wp\/v2\/categories?post=1072241"},{"taxonomy":"post_tag","embeddable":true,"href":"https:\/\/www.europesays.com\/fr\/wp-json\/wp\/v2\/tags?post=1072241"}],"curies":[{"name":"wp","href":"https:\/\/api.w.org\/{rel}","templated":true}]}}