{"id":107242,"date":"2025-05-17T15:21:09","date_gmt":"2025-05-17T15:21:09","guid":{"rendered":"https:\/\/www.europesays.com\/fr\/107242\/"},"modified":"2025-05-17T15:21:09","modified_gmt":"2025-05-17T15:21:09","slug":"nancy-un-feu-se-declare-chez-un-locataire-atteint-du-syndrome-de-diogene","status":"publish","type":"post","link":"https:\/\/www.europesays.com\/fr\/107242\/","title":{"rendered":"Nancy. Un feu se d\u00e9clare chez un locataire atteint du syndrome de Diog\u00e8ne"},"content":{"rendered":"<p>Un incendie s\u2019est d\u00e9clar\u00e9, ce samedi, vers 12 h 30, dans un appartement situ\u00e9 au rez-de-chauss\u00e9e de l\u2019immeuble n\u00b0 26 de la rue de Saverne, \u00e0 Nancy.<\/p>\n<p>Le feu a pris, pour une raison ind\u00e9termin\u00e9e, dans la cuisine du logement alors que l\u2019occupant des lieux \u00e9tait absent.<\/p>\n<p>Ce contenu est bloqu\u00e9 car vous n&rsquo;avez pas accept\u00e9 les cookies et autres traceurs.<\/p>\n<p>En cliquant sur \u00ab J\u2019accepte \u00bb, les cookies et autres traceurs seront d\u00e9pos\u00e9s et vous pourrez visualiser les contenus  (<a href=\"\" class=\"consentModule_policy\" target=\"_blank\" title=\"Consulter la politique de protection des donn\u00e9es du fournisseur\">plus d&rsquo;informations<\/a>).<\/p>\n<p>En cliquant sur \u00ab J\u2019accepte tous les cookies \u00bb, vous autorisez des d\u00e9p\u00f4ts de cookies et autres traceurs pour le stockage de vos donn\u00e9es sur nos sites et applications \u00e0 des fins de personnalisation et de ciblage publicitaire.<\/p>\n<p class=\"consentModule_secondaryText\">Vous gardez la possibilit\u00e9 de retirer votre consentement \u00e0 tout moment en consultant notre <a href=\"https:\/\/www.estrepublicain.fr\/protection-des-donnees\" target=\"_blank\" title=\"Consulter notre politique de protection des donn\u00e9es\" rel=\"noopener\">politique de protection des donn\u00e9es<\/a>. <br \/>&#13;<br \/>\n            <a href=\"https:\/\/www.estrepublicain.fr\/faits-divers-justice\/2025\/05\/17\/javascript:Didomi.notice.show()\" class=\"consentModule_cmp\" target=\"_blank\" rel=\"noopener\">G\u00e9rer mes choix<\/a>&#13;\n        <\/p>\n<p>&#13;<br \/>\n                        J&rsquo;accepte&#13;<br \/>\n            J&rsquo;accepte tous les cookies&#13;\n        <\/p>\n<p>Ce dernier souffrirait d\u2019une sorte de syndrome de Diog\u00e8ne et lorsque les pompiers sont arriv\u00e9s sur place, ils ont d\u00e9couvert un v\u00e9ritable capharna\u00fcm dans le logement. Les soldats du feu ont d\u00fb \u00e9vacuer par la fen\u00eatre une partie des objets stock\u00e9s \u00e0 l\u2019int\u00e9rieur, pour acc\u00e9der au feu et \u00e9viter de lui donner du combustible.<\/p>\n<p>Ils ont install\u00e9 une lance et ont rapidement \u00e9teint les flammes avant qu\u2019elles se propagent \u00e0 tout l\u2019appartement. Seule la cuisine a finalement \u00e9t\u00e9 touch\u00e9e par le sinistre. Une vingtaine de pompiers du centre des Rives-de-Meurthe ont \u00e9t\u00e9 mobilis\u00e9s lors de l\u2019intervention.<\/p>\n<p>Des policiers sont \u00e9galement venus sur place et ont effectu\u00e9 les premi\u00e8res constatations. Ils ont \u00e9galement install\u00e9 un p\u00e9rim\u00e8tre de s\u00e9curit\u00e9.<\/p>\n","protected":false},"excerpt":{"rendered":"Un incendie s\u2019est d\u00e9clar\u00e9, ce samedi, vers 12 h 30, dans un appartement situ\u00e9 au rez-de-chauss\u00e9e de l\u2019immeuble&hellip;\n","protected":false},"author":2,"featured_media":107243,"comment_status":"","ping_status":"","sticky":false,"template":"","format":"standard","meta":{"footnotes":""},"categories":[9635],"tags":[1111,11,1704,1777,674,274,1011,27,775,1310,3457,1702,1703,12,25],"class_list":{"0":"post-107242","1":"post","2":"type-post","3":"status-publish","4":"format-standard","5":"has-post-thumbnail","7":"category-nancy","8":"tag-actu","9":"tag-actualites","10":"tag-edition-nancy-et-agglomeration","11":"tag-eu","12":"tag-europe","13":"tag-faits-divers-justice","14":"tag-fr","15":"tag-france","16":"tag-grand-est","17":"tag-incendie","18":"tag-meurthe-et-moselle","19":"tag-nancy","20":"tag-nancy-ville-54b","21":"tag-news","22":"tag-republique-francaise"},"share_on_mastodon":{"url":"https:\/\/pubeurope.com\/@fr\/114523857427246131","error":""},"_links":{"self":[{"href":"https:\/\/www.europesays.com\/fr\/wp-json\/wp\/v2\/posts\/107242","targetHints":{"allow":["GET"]}}],"collection":[{"href":"https:\/\/www.europesays.com\/fr\/wp-json\/wp\/v2\/posts"}],"about":[{"href":"https:\/\/www.europesays.com\/fr\/wp-json\/wp\/v2\/types\/post"}],"author":[{"embeddable":true,"href":"https:\/\/www.europesays.com\/fr\/wp-json\/wp\/v2\/users\/2"}],"replies":[{"embeddable":true,"href":"https:\/\/www.europesays.com\/fr\/wp-json\/wp\/v2\/comments?post=107242"}],"version-history":[{"count":0,"href":"https:\/\/www.europesays.com\/fr\/wp-json\/wp\/v2\/posts\/107242\/revisions"}],"wp:featuredmedia":[{"embeddable":true,"href":"https:\/\/www.europesays.com\/fr\/wp-json\/wp\/v2\/media\/107243"}],"wp:attachment":[{"href":"https:\/\/www.europesays.com\/fr\/wp-json\/wp\/v2\/media?parent=107242"}],"wp:term":[{"taxonomy":"category","embeddable":true,"href":"https:\/\/www.europesays.com\/fr\/wp-json\/wp\/v2\/categories?post=107242"},{"taxonomy":"post_tag","embeddable":true,"href":"https:\/\/www.europesays.com\/fr\/wp-json\/wp\/v2\/tags?post=107242"}],"curies":[{"name":"wp","href":"https:\/\/api.w.org\/{rel}","templated":true}]}}