{"id":107246,"date":"2025-05-17T15:23:09","date_gmt":"2025-05-17T15:23:09","guid":{"rendered":"https:\/\/www.europesays.com\/fr\/107246\/"},"modified":"2025-05-17T15:23:09","modified_gmt":"2025-05-17T15:23:09","slug":"coupe-mediterranee-le-naufrage-gardannais-contre-toulon-en-finale-u16","status":"publish","type":"post","link":"https:\/\/www.europesays.com\/fr\/107246\/","title":{"rendered":"Coupe M\u00e9diterran\u00e9e : le naufrage gardannais contre Toulon en finale U16"},"content":{"rendered":"<p>Promus en U17 National, Gardanne-Biver a laiss\u00e9 \u00e9chappe la coupe en prenant l\u2019eau face \u00e0 Toulon. Apr\u00e8s une \u00e9norme saison en championnat, les jambes \u00e9taient trop lourdes du c\u00f4t\u00e9 de GBFC. Ce samedi matin, les Proven\u00e7aux sont totalement pass\u00e9s \u00e0 c\u00f4t\u00e9 de leur finale. Surclass\u00e9s par Toulon dans tous les compartiments du jeu, ils n\u2019ont jamais exist\u00e9, s\u2019inclinant sur un score fleuve.<\/p>\n<p>\u00ab\u00a0Un non-match\u00a0\u00bb<\/p>\n<p>\u00ab\u00a0Nous avons fait un non-match\u00a0\u00bb, avouait, forc\u00e9ment d\u00e9\u00e7u, l\u2019entra\u00eeneur Samih Mezgueldi apr\u00e8s la rencontre. Une partie pli\u00e9e d\u00e8s le premier acte puisque Gardanne-Biver \u00e9tait d\u00e9j\u00e0 men\u00e9 de quatre buts \u00e0 la pause. \u00ab\u00a0Nous avons demand\u00e9 aux gar\u00e7ons de garder la t\u00eate haute en leur disant qu\u2019il \u00e9tait compliqu\u00e9 de faire pire, poursuivait Mezgueldi. Au final, nous prenons le cinqui\u00e8me but au bout de deux minutes de jeu\u2026\u00a0\u00bb<\/p>\n<p>Malheureusement, le calvaire a continu\u00e9 tout au long de la seconde p\u00e9riode. Pas rassasi\u00e9s, les Toulonnais ont continu\u00e9 d\u2019attaquer, multipliant les assauts offensifs et inscrivant deux nouvelles r\u00e9alisations. La \u00ab\u00a0r\u00e9duction\u00a0\u00bb de l\u2019\u00e9cart d\u2019Axel Mestre en fin de match \u00e9tait anecdotique.<\/p>\n<p>\u00ab\u00a0C\u2019est difficile de terminer la saison sur cette note n\u00e9gative, concluait le coach de Gardanne-Biver. Nous retiendrons tous les efforts fournis au long de la saison, des efforts qui nous ont permis d\u2019acc\u00e9der \u00e0 l\u2019\u00e9chelon national.\u00a0\u00bb Bien que d\u00e9cevante, cette d\u00e9faite ne doit en rien entacher l\u2019incroyable exercice des Proven\u00e7aux, qui ont obtenu une mont\u00e9e historique et qui \u00e9volueront dans la cour des grands d\u2019ici quelques mois.<\/p>\n<p>SC Toulon 7 &#8211; 1 Gardanne-Biver<\/p>\n<p>Stade de la Plaine sportive. Mi-temps\u00a0: 4-0. Arbitre\u00a0: M.\u00a0Merzoug.<\/p>\n<p>Buts &#8211; SC Toulon\u00a0: Ben Hassine (9, 26), Adiama Ntafa (14, 43, 85), Basri (47), Bezzina (88). Gardanne-Biver\u00a0: Mestre (90).<\/p>\n<p>SC TOULON\u00a0: Alberganti &#8211; Touil, Badji, Leccese, Essouldi (cap.) &#8211; Nabe, Djemai &#8211; Basri, Traor\u00e9, Ben Hassine &#8211; Adiama Ntafa (Bezzina, Vincent, Ousfane). Entra\u00eeneur\u00a0: John Mendy.<\/p>\n<p>GARDANNE-BIVER FC\u00a0: Assad &#8211; Orta, Chudzik (cap.), Mze M\u2019Voulana &#8211; Castro, Abdeljellil, Mungan, Jaoua &#8211; Lemaire Bergognon, Mohammedi, Duplan (Mestre, Callea, Barrou). Entra\u00eeneur\u00a0: Samih Mezgueldi.<\/p>\n","protected":false},"excerpt":{"rendered":"Promus en U17 National, Gardanne-Biver a laiss\u00e9 \u00e9chappe la coupe en prenant l\u2019eau face \u00e0 Toulon. Apr\u00e8s une&hellip;\n","protected":false},"author":2,"featured_media":107247,"comment_status":"","ping_status":"","sticky":false,"template":"","format":"standard","meta":{"footnotes":""},"categories":[9619],"tags":[17,1111,11,1444,615,1777,674,63,1011,27,22481,1252,1336,12,882,25,60,2310],"class_list":{"0":"post-107246","1":"post","2":"type-post","3":"status-publish","4":"format-standard","5":"has-post-thumbnail","7":"category-toulon","8":"tag-17","9":"tag-actu","10":"tag-actualites","11":"tag-contre","12":"tag-coupe","13":"tag-eu","14":"tag-europe","15":"tag-football","16":"tag-fr","17":"tag-france","18":"tag-gardannais","19":"tag-mediterranee","20":"tag-naufrage","21":"tag-news","22":"tag-provence-alpes-cote-dazur","23":"tag-republique-francaise","24":"tag-sports","25":"tag-toulon"},"share_on_mastodon":{"url":"https:\/\/pubeurope.com\/@fr\/114523865282863094","error":""},"_links":{"self":[{"href":"https:\/\/www.europesays.com\/fr\/wp-json\/wp\/v2\/posts\/107246","targetHints":{"allow":["GET"]}}],"collection":[{"href":"https:\/\/www.europesays.com\/fr\/wp-json\/wp\/v2\/posts"}],"about":[{"href":"https:\/\/www.europesays.com\/fr\/wp-json\/wp\/v2\/types\/post"}],"author":[{"embeddable":true,"href":"https:\/\/www.europesays.com\/fr\/wp-json\/wp\/v2\/users\/2"}],"replies":[{"embeddable":true,"href":"https:\/\/www.europesays.com\/fr\/wp-json\/wp\/v2\/comments?post=107246"}],"version-history":[{"count":0,"href":"https:\/\/www.europesays.com\/fr\/wp-json\/wp\/v2\/posts\/107246\/revisions"}],"wp:featuredmedia":[{"embeddable":true,"href":"https:\/\/www.europesays.com\/fr\/wp-json\/wp\/v2\/media\/107247"}],"wp:attachment":[{"href":"https:\/\/www.europesays.com\/fr\/wp-json\/wp\/v2\/media?parent=107246"}],"wp:term":[{"taxonomy":"category","embeddable":true,"href":"https:\/\/www.europesays.com\/fr\/wp-json\/wp\/v2\/categories?post=107246"},{"taxonomy":"post_tag","embeddable":true,"href":"https:\/\/www.europesays.com\/fr\/wp-json\/wp\/v2\/tags?post=107246"}],"curies":[{"name":"wp","href":"https:\/\/api.w.org\/{rel}","templated":true}]}}