{"id":107252,"date":"2025-05-17T15:26:18","date_gmt":"2025-05-17T15:26:18","guid":{"rendered":"https:\/\/www.europesays.com\/fr\/107252\/"},"modified":"2025-05-17T15:26:18","modified_gmt":"2025-05-17T15:26:18","slug":"loire-atlantique-ligue-1-deja-relegue-montpellier-joue-pour-la-saison-prochaine-sport","status":"publish","type":"post","link":"https:\/\/www.europesays.com\/fr\/107252\/","title":{"rendered":"Loire Atlantique &#8211; Ligue 1. D\u00e9j\u00e0 rel\u00e9gu\u00e9, Montpellier joue pour la saison prochaine . Sport"},"content":{"rendered":"<p>C\u2019\u00e9tait au c\u0153ur de l\u2019\u00e9t\u00e9 et les Canaris prolongeaient l\u2019embellie du d\u00e9but de saison en s\u2019imposant \u00e0 la Mosson (1-3), pour leur succ\u00e8s le plus prolifique de la saison (avec Lens le 24\u00a0f\u00e9vrier). S\u2019ils n\u2019ont pas confirm\u00e9 les espoirs du mois d\u2019ao\u00fbt, leur adversaire a, lui, compl\u00e8tement d\u00e9viss\u00e9 et n\u2019est plus que le fant\u00f4me de cette p\u00e9riode.<\/p>\n<p><strong>Lire aussi :<\/strong> <a href=\"https:\/\/nantes.maville.com\/sport\/detail_-info-ouest-france.-lutte-contre-l-homophobie-mostafa-mohamed-refuse-de-jouer-avec-le-fc-nantes-_8-6808793_actu.Htm\" target=\"_blank\" rel=\"noopener\">FC Nantes &#8211; Montpellier. Mostafa Mohamed refuse de jouer le dernier match de Ligue 1<\/a><\/p>\n<p>Lanterne rouge du championnat et d\u00e9j\u00e0 en Ligue 2, les Montpelli\u00e9rains n\u2019ont plus gagn\u00e9 depuis 15\u00a0matches et un d\u00e9placement \u00e0 Toulouse (1-2), il y a quatre mois. Ils ont m\u00eame \u00e9tabli un nouveau record de d\u00e9faites cette saison, en s\u2019inclinant 25\u00a0fois en 33\u00a0sorties.<\/p>\n<p>\u00ab Il y a quelque chose qui se met en place \u00bb<\/p>\n<p>Leur d\u00e9fense prend l\u2019eau (32\u00a0buts en 14\u00a0matches) et les attaquants sont amorphes (2\u00a0bus en 12\u00a0matches). En nommant Zoumana Camara le 8\u00a0avril dernier sur le banc du MHSC, les dirigeants profitent ainsi de la fin de saison pour pr\u00e9parer le prochain exercice.<\/p>\n<p>Savanier, Delort et Khazri ont disparu du onze de d\u00e9part, les jeunes ont fait leur apparition pour <strong>\u00ab\u00a0des matches de travail\u00a0\u00bb.<\/strong> Une \u00e9quipe en roue libre\u00a0? Elle a tenu Reims en \u00e9chec (0-0) et bien r\u00e9sist\u00e9 \u00e0 Brest (1-0) dans ses derni\u00e8res sorties, ce qui n\u2019a pas \u00e9chapp\u00e9 \u00e0 l\u2019entra\u00eeneur du FC Nantes. <strong>\u00ab\u00a0Il faut regarder les matches,<\/strong> met en garde Antoine Kombouar\u00e9, qui a eu sous ses ordres l\u2019ancien formateur du PSG. <strong>Ils perdent, mais il y a quelque chose qui se met en place. Il a recr\u00e9\u00e9 un esprit de groupe, une base solide, avec une volont\u00e9 de faire du jeu. Il leur manque juste de finir leurs actions.\u00a0\u00bb<\/strong><\/p>\n<p>\u00a0<\/p>\n","protected":false},"excerpt":{"rendered":"C\u2019\u00e9tait au c\u0153ur de l\u2019\u00e9t\u00e9 et les Canaris prolongeaient l\u2019embellie du d\u00e9but de saison en s\u2019imposant \u00e0 la&hellip;\n","protected":false},"author":2,"featured_media":107253,"comment_status":"","ping_status":"","sticky":false,"template":"","format":"standard","meta":{"footnotes":""},"categories":[9599],"tags":[1111,11,3809,1465,5492,1777,674,63,1011,27,1792,1922,2208,12,2680,25,479,517,1470],"class_list":{"0":"post-107252","1":"post","2":"type-post","3":"status-publish","4":"format-standard","5":"has-post-thumbnail","7":"category-montpellier","8":"tag-actu","9":"tag-actualites","10":"tag-ball","11":"tag-basket","12":"tag-caen","13":"tag-eu","14":"tag-europe","15":"tag-football","16":"tag-fr","17":"tag-france","18":"tag-handball","19":"tag-info","20":"tag-montpellier","21":"tag-news","22":"tag-occitanie","23":"tag-republique-francaise","24":"tag-rugby","25":"tag-sport","26":"tag-volley"},"share_on_mastodon":{"url":"https:\/\/pubeurope.com\/@fr\/114523877178678775","error":""},"_links":{"self":[{"href":"https:\/\/www.europesays.com\/fr\/wp-json\/wp\/v2\/posts\/107252","targetHints":{"allow":["GET"]}}],"collection":[{"href":"https:\/\/www.europesays.com\/fr\/wp-json\/wp\/v2\/posts"}],"about":[{"href":"https:\/\/www.europesays.com\/fr\/wp-json\/wp\/v2\/types\/post"}],"author":[{"embeddable":true,"href":"https:\/\/www.europesays.com\/fr\/wp-json\/wp\/v2\/users\/2"}],"replies":[{"embeddable":true,"href":"https:\/\/www.europesays.com\/fr\/wp-json\/wp\/v2\/comments?post=107252"}],"version-history":[{"count":0,"href":"https:\/\/www.europesays.com\/fr\/wp-json\/wp\/v2\/posts\/107252\/revisions"}],"wp:featuredmedia":[{"embeddable":true,"href":"https:\/\/www.europesays.com\/fr\/wp-json\/wp\/v2\/media\/107253"}],"wp:attachment":[{"href":"https:\/\/www.europesays.com\/fr\/wp-json\/wp\/v2\/media?parent=107252"}],"wp:term":[{"taxonomy":"category","embeddable":true,"href":"https:\/\/www.europesays.com\/fr\/wp-json\/wp\/v2\/categories?post=107252"},{"taxonomy":"post_tag","embeddable":true,"href":"https:\/\/www.europesays.com\/fr\/wp-json\/wp\/v2\/tags?post=107252"}],"curies":[{"name":"wp","href":"https:\/\/api.w.org\/{rel}","templated":true}]}}