{"id":107256,"date":"2025-05-17T15:30:22","date_gmt":"2025-05-17T15:30:22","guid":{"rendered":"https:\/\/www.europesays.com\/fr\/107256\/"},"modified":"2025-05-17T15:30:22","modified_gmt":"2025-05-17T15:30:22","slug":"grenoble-une-balade-theatrale-au-cimetiere-saint-roch-ce-dimanche-18-mai","status":"publish","type":"post","link":"https:\/\/www.europesays.com\/fr\/107256\/","title":{"rendered":"Grenoble. Une balade th\u00e9\u00e2trale au cimeti\u00e8re Saint-Roch ce dimanche 18\u00a0mai"},"content":{"rendered":"<p>\u201cFid\u00e8les au poste\u00a0!\u201d est une balade th\u00e9\u00e2trale cr\u00e9\u00e9e dans le cadre des 80 ans de la Lib\u00e9ration et jou\u00e9e par la troupe Palindrome, avec de jeunes com\u00e9diens amateurs. Elle aura lieu les dimanches 18\u00a0mai et 22\u00a0juin. Le rendez-vous est fix\u00e9 devant la chapelle du cimeti\u00e8re Saint-Roch \u00e0 Grenoble. L\u2019histoire\u00a0: la troupe du lyc\u00e9e local pr\u00e9sente un spectacle en l\u2019honneur des R\u00e9sistants. Une heure avant, le prof organise l\u2019ultime r\u00e9p\u00e9tition, \u00e0 grand renfort de figurants. Mais Pierre, jeune d\u00e9sabus\u00e9, casse par erreur le poste radio du spectacle et n\u2019a alors plus qu\u2019une heure pour le remettre en \u00e9tat. Mais la radio se d\u00e9traque et fait jouer les ondes \u00e0 travers le temps. Elles vont conduire le jeune homme sur la route de son histoire familiale et le relier aux \u00e9v\u00e9nements de 1944.<\/p>\n<p class=\"note\">Dimanches 18\u00a0mai et 22\u00a0juin\u00a0\u00e0 15\u00a0h, rendez-vous devant la chapelle du cimeti\u00e8re Saint-Roch. Gratuit. Sur inscription <a href=\"http:\/\/www.saintrochgrenoble.fr\" rel=\"nofollow noopener\" target=\"_blank\">www.saintrochgrenoble.fr<\/a>.\u00a0<\/p>\n","protected":false},"excerpt":{"rendered":"\u201cFid\u00e8les au poste\u00a0!\u201d est une balade th\u00e9\u00e2trale cr\u00e9\u00e9e dans le cadre des 80 ans de la Lib\u00e9ration et&hellip;\n","protected":false},"author":2,"featured_media":107257,"comment_status":"","ping_status":"","sticky":false,"template":"","format":"standard","meta":{"footnotes":""},"categories":[9566],"tags":[1111,11,2430,7782,1687,112,1777,674,1011,27,2731,2732,12,25],"class_list":{"0":"post-107256","1":"post","2":"type-post","3":"status-publish","4":"format-standard","5":"has-post-thumbnail","7":"category-grenoble","8":"tag-actu","9":"tag-actualites","10":"tag-auvergne-rhone-alpes","11":"tag-balades-et-randonnees","12":"tag-culture-loisirs","13":"tag-edition-grenoble-agglomeration","14":"tag-eu","15":"tag-europe","16":"tag-fr","17":"tag-france","18":"tag-grenoble","19":"tag-grenoble-bassin","20":"tag-news","21":"tag-republique-francaise"},"share_on_mastodon":{"url":"https:\/\/pubeurope.com\/@fr\/114523892850118237","error":""},"_links":{"self":[{"href":"https:\/\/www.europesays.com\/fr\/wp-json\/wp\/v2\/posts\/107256","targetHints":{"allow":["GET"]}}],"collection":[{"href":"https:\/\/www.europesays.com\/fr\/wp-json\/wp\/v2\/posts"}],"about":[{"href":"https:\/\/www.europesays.com\/fr\/wp-json\/wp\/v2\/types\/post"}],"author":[{"embeddable":true,"href":"https:\/\/www.europesays.com\/fr\/wp-json\/wp\/v2\/users\/2"}],"replies":[{"embeddable":true,"href":"https:\/\/www.europesays.com\/fr\/wp-json\/wp\/v2\/comments?post=107256"}],"version-history":[{"count":0,"href":"https:\/\/www.europesays.com\/fr\/wp-json\/wp\/v2\/posts\/107256\/revisions"}],"wp:featuredmedia":[{"embeddable":true,"href":"https:\/\/www.europesays.com\/fr\/wp-json\/wp\/v2\/media\/107257"}],"wp:attachment":[{"href":"https:\/\/www.europesays.com\/fr\/wp-json\/wp\/v2\/media?parent=107256"}],"wp:term":[{"taxonomy":"category","embeddable":true,"href":"https:\/\/www.europesays.com\/fr\/wp-json\/wp\/v2\/categories?post=107256"},{"taxonomy":"post_tag","embeddable":true,"href":"https:\/\/www.europesays.com\/fr\/wp-json\/wp\/v2\/tags?post=107256"}],"curies":[{"name":"wp","href":"https:\/\/api.w.org\/{rel}","templated":true}]}}