{"id":107258,"date":"2025-05-17T15:31:20","date_gmt":"2025-05-17T15:31:20","guid":{"rendered":"https:\/\/www.europesays.com\/fr\/107258\/"},"modified":"2025-05-17T15:31:20","modified_gmt":"2025-05-17T15:31:20","slug":"pro-d2-fcg-honores-au-stade-des-alpes-qui-sont-les-partants-a-la-fin-de-la-saison","status":"publish","type":"post","link":"https:\/\/www.europesays.com\/fr\/107258\/","title":{"rendered":"Pro D2. FCG\u00a0: honor\u00e9s au Stade des Alpes, qui sont les partants \u00e0 la fin de la saison\u00a0?"},"content":{"rendered":"<p>C\u2019est une tradition d\u00e9sormais bien ancr\u00e9e, dans presque tous les clubs professionnels de rugby. Le dernier match \u00e0 domicile d\u2019une saison donne l\u2019occasion de saluer les joueurs et membres du staff qui ne porteront plus les couleurs maison quelques semaines plus tard.<\/p>\n<p>Pour le FC Grenoble, \u00e7a s\u2019est pass\u00e9 <a href=\"https:\/\/www.ledauphine.com\/sport\/2025\/05\/16\/une-victoire-tres-laborieuse-et-une-premiere-place-recuperee-le-fcg-finit-sur-une-impression-mitigee\" target=\"_blank\" rel=\"noopener\">vendredi 16\u00a0mai \u00e0 l\u2019issue du match victorieux contre Nevers (51-42)<\/a>\u00a0; mais pas sur la pelouse du Stade des Alpes. La c\u00e9r\u00e9monie des maillots s\u2019est d\u00e9roul\u00e9e sur le parvis Ouest du stade, au milieu des supporters, chauff\u00e9s \u00e0 blanc par le DJ. Apr\u00e8s un mot tr\u00e8s court introductif de la part de Patrick Goffi, les joueurs et les membres du staff ont re\u00e7u, un \u00e0 un, un maillot du FCG sous cadre.<\/p>\n","protected":false},"excerpt":{"rendered":"C\u2019est une tradition d\u00e9sormais bien ancr\u00e9e, dans presque tous les clubs professionnels de rugby. Le dernier match \u00e0&hellip;\n","protected":false},"author":2,"featured_media":107259,"comment_status":"","ping_status":"","sticky":false,"template":"","format":"standard","meta":{"footnotes":""},"categories":[9566],"tags":[1111,11,2430,112,1777,674,2727,1701,1011,27,2731,2732,108,12,2308,25,479,517],"class_list":{"0":"post-107258","1":"post","2":"type-post","3":"status-publish","4":"format-standard","5":"has-post-thumbnail","7":"category-grenoble","8":"tag-actu","9":"tag-actualites","10":"tag-auvergne-rhone-alpes","11":"tag-edition-grenoble-agglomeration","12":"tag-eu","13":"tag-europe","14":"tag-fcg-fc-grenoble-rugby","15":"tag-fil-info-sport","16":"tag-fr","17":"tag-france","18":"tag-grenoble","19":"tag-grenoble-bassin","20":"tag-isere","21":"tag-news","22":"tag-pro-d2","23":"tag-republique-francaise","24":"tag-rugby","25":"tag-sport"},"share_on_mastodon":{"url":"https:\/\/pubeurope.com\/@fr\/114523896834609682","error":""},"_links":{"self":[{"href":"https:\/\/www.europesays.com\/fr\/wp-json\/wp\/v2\/posts\/107258","targetHints":{"allow":["GET"]}}],"collection":[{"href":"https:\/\/www.europesays.com\/fr\/wp-json\/wp\/v2\/posts"}],"about":[{"href":"https:\/\/www.europesays.com\/fr\/wp-json\/wp\/v2\/types\/post"}],"author":[{"embeddable":true,"href":"https:\/\/www.europesays.com\/fr\/wp-json\/wp\/v2\/users\/2"}],"replies":[{"embeddable":true,"href":"https:\/\/www.europesays.com\/fr\/wp-json\/wp\/v2\/comments?post=107258"}],"version-history":[{"count":0,"href":"https:\/\/www.europesays.com\/fr\/wp-json\/wp\/v2\/posts\/107258\/revisions"}],"wp:featuredmedia":[{"embeddable":true,"href":"https:\/\/www.europesays.com\/fr\/wp-json\/wp\/v2\/media\/107259"}],"wp:attachment":[{"href":"https:\/\/www.europesays.com\/fr\/wp-json\/wp\/v2\/media?parent=107258"}],"wp:term":[{"taxonomy":"category","embeddable":true,"href":"https:\/\/www.europesays.com\/fr\/wp-json\/wp\/v2\/categories?post=107258"},{"taxonomy":"post_tag","embeddable":true,"href":"https:\/\/www.europesays.com\/fr\/wp-json\/wp\/v2\/tags?post=107258"}],"curies":[{"name":"wp","href":"https:\/\/api.w.org\/{rel}","templated":true}]}}