{"id":107262,"date":"2025-05-17T15:33:12","date_gmt":"2025-05-17T15:33:12","guid":{"rendered":"https:\/\/www.europesays.com\/fr\/107262\/"},"modified":"2025-05-17T15:33:12","modified_gmt":"2025-05-17T15:33:12","slug":"direct-suivez-le-match-de-la-montee-pour-chauray-a-la-ta-rennes","status":"publish","type":"post","link":"https:\/\/www.europesays.com\/fr\/107262\/","title":{"rendered":"DIRECT. Suivez le match de la mont\u00e9e pour Chauray \u00e0 la TA Rennes"},"content":{"rendered":"<p><strong>L&rsquo;avant match <\/strong><\/p>\n<p><strong>&gt; 17 h 30.<\/strong> Les compositions sont connues. Fabrice Fontaine aligne le m\u00eame onze que face \u00e0 Angers. Blancheton gardera les cages. Devant lui, Abese, Ciss\u00e9, Woum Woum et Bouquet. Au milieu, Yoncourt, Do Rogeiro avec Alic un cran plus haut. Sur les c\u00f4t\u00e9s, Djikine et Chibah tenteront d&rsquo;alimenter Lemoine-Cl\u00e9ment. <\/p>\n<p><strong>&gt; 17 h 20. <\/strong>A quarante minutes du coup d&rsquo;envoi, les deux \u00e9quipes sont parties \u00e0 l&rsquo;\u00e9chauffement. Les Chauraisiens sont concentr\u00e9s et d\u00e9termin\u00e9s.  <\/p>\n<\/p>\n<p><strong>&gt; Samir Chibah, au service du collectif. <\/strong>Revenu au bercail cet \u00e9t\u00e9, le joueur offensif polyvalent <a target=\"_self\" href=\"https:\/\/www.lanouvellerepublique.fr\/deux-sevres\/commune\/chauray\/national-3-a-chauray-samir-chibah-au-service-du-collectif-1747408504\" rel=\"noopener\">change r\u00e9guli\u00e8rement de post<\/a>e. \u00ab Tant que je prends du plaisir et que le match est gagn\u00e9\u2026 Lors de mon premier match en DH, j\u2019avais m\u00eame d\u00e9pann\u00e9 au poste de lat\u00e9ral gauche avec Bastien Hinschberger. \u00bb<\/p>\n<p><strong>&gt; Une belle amiti\u00e9 \u00e0 Chauray. <\/strong>Le football, c&rsquo;est aussi de fantastiques histoires humaines \u00e0 l&rsquo;image du trio Tobias Woum Woum, Balamine Ciss\u00e9 et J\u00e9r\u00f4me Lemoine-Cl\u00e9ment. \u00ab Je me suis vite rapproch\u00e9 de Tobias puis de Balamine. \u00c7a s\u2019est fait naturellement, raconte le buteur J\u00e9r\u00f4me Lemoine-Cl\u00e9ment. Nous sommes dans la m\u00eame situation sportive avec un projet commun autour du football. Nous nous tirons vers le haut. \u00bb<\/p>\n<p>Bienvenue dans ce direct depuis Rennes. La donne est simple pour le FC Chauray. En cas de victoire face \u00e0 la TA, le club deux-s\u00e9vrien acc\u00e9dera au National 2. Une premi\u00e8re dans l\u2019histoire d\u2019un club cr\u00e9e en 1971.<\/p>\n","protected":false},"excerpt":{"rendered":"L&rsquo;avant match &gt; 17 h 30. Les compositions sont connues. Fabrice Fontaine aligne le m\u00eame onze que face&hellip;\n","protected":false},"author":2,"featured_media":107263,"comment_status":"","ping_status":"","sticky":false,"template":"","format":"standard","meta":{"footnotes":""},"categories":[2821],"tags":[1392,1111,11,829,22484,2545,1777,674,63,1011,27,22485,12,584,25,60],"class_list":{"0":"post-107262","1":"post","2":"type-post","3":"status-publish","4":"format-standard","5":"has-post-thumbnail","7":"category-rennes","8":"tag-a-la-une-local","9":"tag-actu","10":"tag-actualites","11":"tag-bretagne","12":"tag-chauray","13":"tag-deux-sevres","14":"tag-eu","15":"tag-europe","16":"tag-football","17":"tag-fr","18":"tag-france","19":"tag-nationaux-football","20":"tag-news","21":"tag-rennes","22":"tag-republique-francaise","23":"tag-sports"},"share_on_mastodon":{"url":"https:\/\/pubeurope.com\/@fr\/114523904708485125","error":""},"_links":{"self":[{"href":"https:\/\/www.europesays.com\/fr\/wp-json\/wp\/v2\/posts\/107262","targetHints":{"allow":["GET"]}}],"collection":[{"href":"https:\/\/www.europesays.com\/fr\/wp-json\/wp\/v2\/posts"}],"about":[{"href":"https:\/\/www.europesays.com\/fr\/wp-json\/wp\/v2\/types\/post"}],"author":[{"embeddable":true,"href":"https:\/\/www.europesays.com\/fr\/wp-json\/wp\/v2\/users\/2"}],"replies":[{"embeddable":true,"href":"https:\/\/www.europesays.com\/fr\/wp-json\/wp\/v2\/comments?post=107262"}],"version-history":[{"count":0,"href":"https:\/\/www.europesays.com\/fr\/wp-json\/wp\/v2\/posts\/107262\/revisions"}],"wp:featuredmedia":[{"embeddable":true,"href":"https:\/\/www.europesays.com\/fr\/wp-json\/wp\/v2\/media\/107263"}],"wp:attachment":[{"href":"https:\/\/www.europesays.com\/fr\/wp-json\/wp\/v2\/media?parent=107262"}],"wp:term":[{"taxonomy":"category","embeddable":true,"href":"https:\/\/www.europesays.com\/fr\/wp-json\/wp\/v2\/categories?post=107262"},{"taxonomy":"post_tag","embeddable":true,"href":"https:\/\/www.europesays.com\/fr\/wp-json\/wp\/v2\/tags?post=107262"}],"curies":[{"name":"wp","href":"https:\/\/api.w.org\/{rel}","templated":true}]}}