{"id":107268,"date":"2025-05-17T15:36:23","date_gmt":"2025-05-17T15:36:23","guid":{"rendered":"https:\/\/www.europesays.com\/fr\/107268\/"},"modified":"2025-05-17T15:36:23","modified_gmt":"2025-05-17T15:36:23","slug":"nice-une-enseigne-tres-attendue-ouvre-dans-ce-centre-commercial-du-centre-ville","status":"publish","type":"post","link":"https:\/\/www.europesays.com\/fr\/107268\/","title":{"rendered":"Nice. Une enseigne tr\u00e8s attendue ouvre dans ce centre commercial du centre-ville"},"content":{"rendered":"<p>            Par<br \/>\n        <strong><br \/>\n            <a href=\"https:\/\/actu.fr\/auteur\/manon-reinhardt\" title=\"Consulter tous les articles de Manon Reinhardt\" target=\"_blank\" rel=\"noopener\">Manon Reinhardt<\/a><br \/>\n        <\/strong><\/p>\n<p>        Publi\u00e9 le<\/p>\n<p>            13 mai 2025 \u00e0 7h04        <\/p>\n<p>C\u2019est officiel, <strong>Snipes est ouvert<\/strong>\u2009! L\u2019enseigne allemande de v\u00eatements sportwear et de baskets, concurrent de JD Sports, s\u2019est install\u00e9e dans le centre commercial Nic\u00e9toile, en centre-ville de <a href=\"https:\/\/actu.fr\/provence-alpes-cote-d-azur\/nice_06088\" target=\"_blank\" rel=\"noopener\">Nice<\/a> (<a href=\"https:\/\/actu.fr\/provence-alpes-cote-d-azur\/alpes-maritimes_06\" target=\"_blank\" rel=\"noopener\">Alpes-Maritimes<\/a>).<\/p>\n<p class=\" wall-content\">Elle remplace ainsi les magasins Courir et Aldo qui proposaient une liquidation totale il y a quelques mois.<\/p>\n<p>Du sportwear et des sneakers<\/p>\n<p class=\" wall-content\">Elle \u00e9tait tr\u00e8s attendue\u2009: Snipes, l\u2019enseigne allemande de sportwear, concurrent direct de JD Sports, a officiellement ouvert ses portes <strong>depuis ce vendredi 9\u00a0mai 2025<\/strong>. Il propose du pr\u00eat-\u00e0-porter mais \u00e9galement une large gamme de sneakers. Nike, Adidas, Puma\u2026 les marques sont tr\u00e8s nombreuses.<\/p>\n<p class=\" wall-content\">Il remplace les magasins Aldo et Courir, ferm\u00e9s depuis fin janvier. La boutique est situ\u00e9e au niveau -1.<\/p>\n<p>    <img   decoding=\"async\" loading=\"lazy\" src=\"https:\/\/www.europesays.com\/fr\/wp-content\/uploads\/2025\/05\/snipes-nicetoile-2-960x640.jpeg\" alt=\"L'enseigne est d\u00e9sormais ouverte au public dans le centre commercial Nic\u00e9toile.\" width=\"960\" height=\"640\"\/><br \/>\n    L\u2019enseigne est d\u00e9sormais ouverte au public dans le centre commercial Nic\u00e9toile. (\u00a9Manon Reinhardt \/ actu Nice)Vid\u00e9os : en ce moment sur Actu<\/p>\n<p class=\" wall-content\">Snipes est une entreprise allemande cr\u00e9\u00e9e en 1998. Elle compte plus de 220 magasins dans 9 pays diff\u00e9rents, dont 4 sur la C\u00f4te d\u2019Azur, en France.<\/p>\n<p class=\" wall-content\">Suivez toute l\u2019actualit\u00e9 de vos villes et m\u00e9dias favoris en vous inscrivant \u00e0 <a href=\"https:\/\/moncompte.actu.fr\" title=\"D\u00e9couvez Mon Actu\" rel=\"nofollow noopener\" data-trk=\"{&quot;cta&quot;:{&quot;action&quot;:&quot;https:\\\/\\\/moncompte.actu.fr&quot;,&quot;category&quot;:&quot;mon compte&quot;,&quot;from&quot;:&quot;article footer&quot;,&quot;name&quot;:&quot;Mon actu&quot;,&quot;type&quot;:&quot;cta&quot;}}\" target=\"_blank\">Mon Actu<\/a>.<\/p>\n<ul class=\"ac-article-tag wall-content\">\n<li><a href=\"https:\/\/actu.fr\/tag\/commerce\" data-trk=\"{&quot;cta&quot;:{&quot;action&quot;:&quot;Commerce&quot;,&quot;category&quot;:&quot;tag&quot;,&quot;from&quot;:&quot;article footer&quot;,&quot;name&quot;:&quot;Commerce&quot;,&quot;type&quot;:&quot;cta&quot;}}\" target=\"_blank\" rel=\"noopener\">#Commerce<\/a><\/li>\n<li><a href=\"https:\/\/actu.fr\/tag\/nouveaux-commerces\" data-trk=\"{&quot;cta&quot;:{&quot;action&quot;:&quot;Nouveaux commerces&quot;,&quot;category&quot;:&quot;tag&quot;,&quot;from&quot;:&quot;article footer&quot;,&quot;name&quot;:&quot;Nouveaux commerces&quot;,&quot;type&quot;:&quot;cta&quot;}}\" target=\"_blank\" rel=\"noopener\">#Nouveaux commerces<\/a><\/li>\n<\/ul>\n","protected":false},"excerpt":{"rendered":"Par Manon Reinhardt Publi\u00e9 le 13 mai 2025 \u00e0 7h04 C\u2019est officiel, Snipes est ouvert\u2009! L\u2019enseigne allemande de&hellip;\n","protected":false},"author":2,"featured_media":107269,"comment_status":"","ping_status":"","sticky":false,"template":"","format":"standard","meta":{"footnotes":""},"categories":[2819],"tags":[1111,11,215,33,1777,674,1011,27,12,2401,3147,882,25],"class_list":{"0":"post-107268","1":"post","2":"type-post","3":"status-publish","4":"format-standard","5":"has-post-thumbnail","7":"category-nice","8":"tag-actu","9":"tag-actualites","10":"tag-commerce","11":"tag-economie","12":"tag-eu","13":"tag-europe","14":"tag-fr","15":"tag-france","16":"tag-news","17":"tag-nice","18":"tag-nouveaux-commerces","19":"tag-provence-alpes-cote-dazur","20":"tag-republique-francaise"},"share_on_mastodon":{"url":"https:\/\/pubeurope.com\/@fr\/114523916473612233","error":""},"_links":{"self":[{"href":"https:\/\/www.europesays.com\/fr\/wp-json\/wp\/v2\/posts\/107268","targetHints":{"allow":["GET"]}}],"collection":[{"href":"https:\/\/www.europesays.com\/fr\/wp-json\/wp\/v2\/posts"}],"about":[{"href":"https:\/\/www.europesays.com\/fr\/wp-json\/wp\/v2\/types\/post"}],"author":[{"embeddable":true,"href":"https:\/\/www.europesays.com\/fr\/wp-json\/wp\/v2\/users\/2"}],"replies":[{"embeddable":true,"href":"https:\/\/www.europesays.com\/fr\/wp-json\/wp\/v2\/comments?post=107268"}],"version-history":[{"count":0,"href":"https:\/\/www.europesays.com\/fr\/wp-json\/wp\/v2\/posts\/107268\/revisions"}],"wp:featuredmedia":[{"embeddable":true,"href":"https:\/\/www.europesays.com\/fr\/wp-json\/wp\/v2\/media\/107269"}],"wp:attachment":[{"href":"https:\/\/www.europesays.com\/fr\/wp-json\/wp\/v2\/media?parent=107268"}],"wp:term":[{"taxonomy":"category","embeddable":true,"href":"https:\/\/www.europesays.com\/fr\/wp-json\/wp\/v2\/categories?post=107268"},{"taxonomy":"post_tag","embeddable":true,"href":"https:\/\/www.europesays.com\/fr\/wp-json\/wp\/v2\/tags?post=107268"}],"curies":[{"name":"wp","href":"https:\/\/api.w.org\/{rel}","templated":true}]}}