{"id":1072747,"date":"2026-07-18T13:02:17","date_gmt":"2026-07-18T13:02:17","guid":{"rendered":"https:\/\/www.europesays.com\/fr\/1072747\/"},"modified":"2026-07-18T13:02:17","modified_gmt":"2026-07-18T13:02:17","slug":"mon-bonheur-personnel-est-incompatible-avec-ma-fonction-politique-attaque-pour-avoir-eu-un-enfant-par-gpa-le-chef-des-deputes-conservateurs-allemands-demissionne","status":"publish","type":"post","link":"https:\/\/www.europesays.com\/fr\/1072747\/","title":{"rendered":"\u00ab\u00a0Mon bonheur personnel est incompatible avec ma fonction politique\u00a0\u00bb : attaqu\u00e9 pour avoir eu un enfant par GPA, le chef des d\u00e9put\u00e9s conservateurs allemands d\u00e9missionne"},"content":{"rendered":"<p class=\"article-p mdl\">Le chef des d\u00e9put\u00e9s conservateurs allemands, Jens Spahn, a d\u00e9missionn\u00e9 samedi 18 juillet apr\u00e8s des attaques au sein de son propre camp pour avoir eu avec son mari un enfant via la gestation pour autrui (GPA) aux \u00c9tats-Unis, une pratique interdite en Allemagne, a appris l&rsquo;AFP de sources au sein du parti.<\/p>\n<p class=\"article-p mdl\">Pr\u00e9sident du groupe parlementaire CDU\/CSU du\u00a0<a class=\"link\" href=\"https:\/\/www.rtl.fr\/actu\/international\/merz-fait-ce-que-les-francais-n-ont-jamais-fait-en-50-ans-le-chancelier-allemand-annonce-un-choc-de-reformes-7900652217\" title=\"&quot;Merz fait ce que les Fran\u00e7ais n&#039;ont jamais fait en 50 ans&quot; : le chancelier allemand annonce un choc de r\u00e9formes\" target=\"_blank\" rel=\"nofollow noopener\">chancelier Friedrich Merz<\/a>, Jens Spahn a adress\u00e9 une lettre \u00e0 ses coll\u00e8gues obtenue par l&rsquo;AFP dans laquelle il \u00e9crit : \u00ab\u00a0Ces derniers jours, j&rsquo;ai compris que mon bonheur personnel, qui consiste \u00e0 fonder une famille avec mon mari et \u00e0 devenir p\u00e8re, est incompatible avec ma fonction politique\u00a0\u00bb.<\/p>\n<p class=\"article-p mdl\">La CDU s&rsquo;oppose farouchement \u00e0 la gestation pour autrui et a r\u00e9cemment vot\u00e9, lors d&rsquo;un congr\u00e8s du parti en f\u00e9vrier, en faveur du maintien de l&rsquo;interdiction en vigueur en Allemagne. Jens Spahn et son mari sont r\u00e9cemment devenus parents gr\u00e2ce \u00e0 une m\u00e8re porteuse aux \u00c9tats-Unis.<\/p>\n<p>            \u00ab\u00a0Conflit int\u00e9rieur\u00a0\u00bb<\/p>\n<p class=\"article-p mdl\">Cette d\u00e9cision, r\u00e9v\u00e9l\u00e9e jeudi dans la presse allemande, a imm\u00e9diatement suscit\u00e9 des critiques au sein de la CDU, avec notamment des appels \u00e0 la d\u00e9mission de Jens Spahn, ainsi que des accusations d&rsquo;hypocrisie de la part d&rsquo;autres responsables politiques. Jens Spahn a tent\u00e9 de se d\u00e9fendre vendredi lors d&rsquo;une interview en podcast accord\u00e9e au quotidien Bild, affirmant qu&rsquo;il \u00ab\u00a0avait longtemps \u00e9t\u00e9 en proie \u00e0 un conflit int\u00e9rieur, notamment sur la question de la maternit\u00e9 de substitution\u00a0\u00bb, avant de finalement d\u00e9cider d&rsquo;avoir un enfant avec cette m\u00e9thode.<\/p>\n<p class=\"article-p mdl\">Vendredi, Friedrich Merz a refus\u00e9 de s&rsquo;exprimer publiquement sur la d\u00e9cision de Jens Spahn, mais a indiqu\u00e9 que la question serait d\u00e9battue par le comit\u00e9 ex\u00e9cutif national du parti. Le chancelier a \u00e9galement d\u00e9clar\u00e9 qu&rsquo;il ne voyait \u00ab\u00a0aucune raison\u00a0\u00bb de modifier la l\u00e9gislation allemande sur la gestation pour autrui, ni de revenir sur l&rsquo;opposition de longue date de la CDU \u00e0 cette pratique.<\/p>\n<p class=\"article-p mdl\">\u00c2g\u00e9 de 46 ans, Jens Spahn a \u00e9t\u00e9 ministre de la Sant\u00e9 pendant la pand\u00e9mie de Covid-19 dans le gouvernement d&rsquo;Angela Merkel. Ces derni\u00e8res ann\u00e9es, il s&rsquo;est impos\u00e9 comme une figure de proue de l&rsquo;aile droite de la CDU, pr\u00f4nant notamment une ligne plus dure en mati\u00e8re d&rsquo;immigration.<\/p>\n<p>    La r\u00e9daction vous recommande<\/p>\n<p class=\"s-newsletter__title\">\n                L\u2019actualit\u00e9 par la r\u00e9daction de RTL dans votre bo\u00eete mail.\n            <\/p>\n<p class=\"s-newsletter__subtitle\">\n                Gr\u00e2ce \u00e0 votre compte RTL abonnez-vous \u00e0 la newsletter RTL info pour suivre toute l&rsquo;actualit\u00e9 au quotidien\n            <\/p>\n<p>\n                                    Lire la suite\n                                <\/p>\n<p class=\"article-google-preferred__title\">Ne laissez pas Google d\u00e9cider de vos sources.<\/p>\n<p>    <a href=\"https:\/\/www.google.com\/preferences\/source?q=https:\/\/www.rtl.fr\" target=\"_blank\" rel=\"noopener noreferrer nofollow\" class=\"article-google-preferred__btn at-class\" data-at-event=\"action\" data-at-category=\"actualite\" data-at-chapter1=\"pied_article\" data-at-chapter2=\"actu_international\" data-at-click=\"favori_google\">Ajouter RTL comme source pr\u00e9f\u00e9r\u00e9e<\/a><\/p>\n","protected":false},"excerpt":{"rendered":"Le chef des d\u00e9put\u00e9s conservateurs allemands, Jens Spahn, a d\u00e9missionn\u00e9 samedi 18 juillet apr\u00e8s des attaques au sein&hellip;\n","protected":false},"author":2,"featured_media":1072748,"comment_status":"","ping_status":"","sticky":false,"template":"","format":"standard","meta":{"footnotes":"","_share_on_mastodon":"0"},"categories":[1586],"tags":[11,672,1777,674,1779,107,1011,27,18868,12,25,71,1778,364],"class_list":["post-1072747","post","type-post","status-publish","format-standard","has-post-thumbnail","category-europe","tag-actualites","tag-allemagne","tag-eu","tag-europe","tag-european-union","tag-fil-info","tag-fr","tag-france","tag-gpa","tag-news","tag-republique-francaise","tag-sante","tag-ue","tag-union-europeenne"],"share_on_mastodon":{"url":"https:\/\/pubeurope.com\/@fr\/116941117609031429","error":""},"_links":{"self":[{"href":"https:\/\/www.europesays.com\/fr\/wp-json\/wp\/v2\/posts\/1072747","targetHints":{"allow":["GET"]}}],"collection":[{"href":"https:\/\/www.europesays.com\/fr\/wp-json\/wp\/v2\/posts"}],"about":[{"href":"https:\/\/www.europesays.com\/fr\/wp-json\/wp\/v2\/types\/post"}],"author":[{"embeddable":true,"href":"https:\/\/www.europesays.com\/fr\/wp-json\/wp\/v2\/users\/2"}],"replies":[{"embeddable":true,"href":"https:\/\/www.europesays.com\/fr\/wp-json\/wp\/v2\/comments?post=1072747"}],"version-history":[{"count":0,"href":"https:\/\/www.europesays.com\/fr\/wp-json\/wp\/v2\/posts\/1072747\/revisions"}],"wp:featuredmedia":[{"embeddable":true,"href":"https:\/\/www.europesays.com\/fr\/wp-json\/wp\/v2\/media\/1072748"}],"wp:attachment":[{"href":"https:\/\/www.europesays.com\/fr\/wp-json\/wp\/v2\/media?parent=1072747"}],"wp:term":[{"taxonomy":"category","embeddable":true,"href":"https:\/\/www.europesays.com\/fr\/wp-json\/wp\/v2\/categories?post=1072747"},{"taxonomy":"post_tag","embeddable":true,"href":"https:\/\/www.europesays.com\/fr\/wp-json\/wp\/v2\/tags?post=1072747"}],"curies":[{"name":"wp","href":"https:\/\/api.w.org\/{rel}","templated":true}]}}