{"id":107276,"date":"2025-05-17T15:40:21","date_gmt":"2025-05-17T15:40:21","guid":{"rendered":"https:\/\/www.europesays.com\/fr\/107276\/"},"modified":"2025-05-17T15:40:21","modified_gmt":"2025-05-17T15:40:21","slug":"une-grande-premiere-pour-la-ville","status":"publish","type":"post","link":"https:\/\/www.europesays.com\/fr\/107276\/","title":{"rendered":"une grande premi\u00e8re pour la ville"},"content":{"rendered":"<p>            Par<br \/>\n        <strong><br \/>\n            <a href=\"https:\/\/actu.fr\/auteur\/aurelien-cardot\" title=\"Consulter tous les articles de Aurelien Cardot\" rel=\"nofollow noopener\" target=\"_blank\">Aurelien Cardot<\/a><br \/>\n        <\/strong><\/p>\n<p>        Publi\u00e9 le<\/p>\n<p>            16 mai 2025 \u00e0 11h15        <\/p>\n<p>On croyait ne plus jamais le revoir dans le ciel bordelais. Et pourtant, <strong>le faucon p\u00e8lerin<\/strong>, ce rapace l\u00e9gendaire capable de fondre sur sa proie \u00e0 plus de 300\u00a0km\/h, a choisi <a href=\"http:\/\/actu.fr\/bordeaux\" rel=\"nofollow noopener\" target=\"_blank\">Bordeaux<\/a> pour y <strong>faire na\u00eetre ses petits<\/strong>.<\/p>\n<p class=\" wall-content\">Le 18 avril 2025, deux poussins sont n\u00e9s dans une cavit\u00e9 de l\u2019\u00e9glise Sainte-Marie, sur l\u2019avenue Thiers. Une sc\u00e8ne rarissime en pleine ville.<\/p>\n<p>Un couple observ\u00e9 depuis f\u00e9vrier<\/p>\n<p class=\" wall-content\">Tout commence le 21\u00a0f\u00e9vrier dernier. Un <strong>couple de faucons<\/strong> est rep\u00e9r\u00e9 pr\u00e8s de l\u2019\u00e9glise Sainte-Marie. Quatre jours plus tard, les b\u00e9n\u00e9voles de la <a href=\"https:\/\/www.facebook.com\/LPOAquitaine\/?locale=fr_FR\" rel=\"nofollow noopener\" target=\"_blank\">Ligue pour la protection des oiseaux (LPO)<\/a> assistent \u00e0 un <strong>accouplement<\/strong>, avant que la femelle commence \u00e0 couver, cach\u00e9e dans une cavit\u00e9 du b\u00e2timent.<\/p>\n<p class=\" wall-content\">Enfin, mi-avril, <strong>deux petites boules de plumes font leur apparition<\/strong>. Nourris r\u00e9guli\u00e8rement par leurs parents, les poussins devraient prendre leur envol fin mai, restant encore quelques mois aux abords du nid jusqu\u2019\u00e0 leur \u00e9mancipation.<\/p>\n<p>Pourquoi c\u2019est si rare \u00e0 Bordeaux<\/p>\n<p class=\" wall-content\">C\u2019est une premi\u00e8re pour Bordeaux selon la LPO. Car cet oiseau embl\u00e9matique avait <strong>quasiment disparu<\/strong> de France dans les ann\u00e9es 1960, victime de la pollution, du braconnage et de l\u2019effondrement de son habitat naturel.<\/p>\n<p>Vid\u00e9os : en ce moment sur Actu<\/p>\n<p class=\" wall-content\">Depuis, il avait bien tent\u00e9 quelques retours dans l\u2019agglom\u00e9ration, mais sans jamais r\u00e9ussir \u00e0 s\u2019installer durablement en c\u0153ur de ville.<\/p>\n<p class=\" wall-content\">Le retour de ce rapace en zone urbaine est un <strong>signe encourageant<\/strong>. Il illustre le succ\u00e8s des mesures de protection mises en place depuis plusieurs d\u00e9cennies. Un plus pour l\u2019<strong>\u00e9cosyst\u00e8me<\/strong>, ce pr\u00e9dateur jouant un r\u00f4le essentiel dans son \u00e9quilibre en r\u00e9gulant les populations d\u2019oiseaux, notamment de pigeons et d\u2019\u00e9tourneaux<\/p>\n<p>Un rendez-vous pour les observer<\/p>\n<p class=\" wall-content\">Pour c\u00e9l\u00e9brer cette naissance, la LPO et la Ville de Bordeaux organisent une apr\u00e8s-midi d\u2019observation samedi 17\u00a0mai, de 14h \u00e0 18h, au pied de l\u2019\u00e9glise Sainte-Marie.<\/p>\n<p class=\" wall-content\">Longues-vues, b\u00e9n\u00e9voles et passionn\u00e9s seront sur place pour raconter l\u2019histoire de ce retour inattendu, et faire d\u00e9couvrir au public ce chasseur de haut vol.<\/p>\n<p class=\" wall-content\">Suivez toute l\u2019actualit\u00e9 de vos villes et m\u00e9dias favoris en vous inscrivant \u00e0 <a href=\"https:\/\/moncompte.actu.fr\" title=\"D\u00e9couvez Mon Actu\" rel=\"nofollow noopener\" data-trk=\"{&quot;cta&quot;:{&quot;action&quot;:&quot;https:\\\/\\\/moncompte.actu.fr&quot;,&quot;category&quot;:&quot;mon compte&quot;,&quot;from&quot;:&quot;article footer&quot;,&quot;name&quot;:&quot;Mon actu&quot;,&quot;type&quot;:&quot;cta&quot;}}\" target=\"_blank\">Mon Actu<\/a>.<\/p>\n","protected":false},"excerpt":{"rendered":"Par Aurelien Cardot Publi\u00e9 le 16 mai 2025 \u00e0 11h15 On croyait ne plus jamais le revoir dans&hellip;\n","protected":false},"author":2,"featured_media":107277,"comment_status":"","ping_status":"","sticky":false,"template":"","format":"standard","meta":{"footnotes":""},"categories":[2817],"tags":[1111,11,1867,1130,1997,1777,674,1011,27,12,2219,52,25],"class_list":{"0":"post-107276","1":"post","2":"type-post","3":"status-publish","4":"format-standard","5":"has-post-thumbnail","7":"category-bordeaux","8":"tag-actu","9":"tag-actualites","10":"tag-animaux","11":"tag-biodiversite","12":"tag-bordeaux","13":"tag-eu","14":"tag-europe","15":"tag-fr","16":"tag-france","17":"tag-news","18":"tag-nouvelle-aquitaine","19":"tag-planete","20":"tag-republique-francaise"},"share_on_mastodon":{"url":"https:\/\/pubeurope.com\/@fr\/114523932319368886","error":""},"_links":{"self":[{"href":"https:\/\/www.europesays.com\/fr\/wp-json\/wp\/v2\/posts\/107276","targetHints":{"allow":["GET"]}}],"collection":[{"href":"https:\/\/www.europesays.com\/fr\/wp-json\/wp\/v2\/posts"}],"about":[{"href":"https:\/\/www.europesays.com\/fr\/wp-json\/wp\/v2\/types\/post"}],"author":[{"embeddable":true,"href":"https:\/\/www.europesays.com\/fr\/wp-json\/wp\/v2\/users\/2"}],"replies":[{"embeddable":true,"href":"https:\/\/www.europesays.com\/fr\/wp-json\/wp\/v2\/comments?post=107276"}],"version-history":[{"count":0,"href":"https:\/\/www.europesays.com\/fr\/wp-json\/wp\/v2\/posts\/107276\/revisions"}],"wp:featuredmedia":[{"embeddable":true,"href":"https:\/\/www.europesays.com\/fr\/wp-json\/wp\/v2\/media\/107277"}],"wp:attachment":[{"href":"https:\/\/www.europesays.com\/fr\/wp-json\/wp\/v2\/media?parent=107276"}],"wp:term":[{"taxonomy":"category","embeddable":true,"href":"https:\/\/www.europesays.com\/fr\/wp-json\/wp\/v2\/categories?post=107276"},{"taxonomy":"post_tag","embeddable":true,"href":"https:\/\/www.europesays.com\/fr\/wp-json\/wp\/v2\/tags?post=107276"}],"curies":[{"name":"wp","href":"https:\/\/api.w.org\/{rel}","templated":true}]}}