{"id":107282,"date":"2025-05-17T15:43:14","date_gmt":"2025-05-17T15:43:14","guid":{"rendered":"https:\/\/www.europesays.com\/fr\/107282\/"},"modified":"2025-05-17T15:43:14","modified_gmt":"2025-05-17T15:43:14","slug":"toulouse-on-sait-ce-qui-va-remplacer-lemblematique-boutique-de-donuts-cocorosa-et-cest-tout-aussi-bon","status":"publish","type":"post","link":"https:\/\/www.europesays.com\/fr\/107282\/","title":{"rendered":"Toulouse. On sait ce qui va remplacer l&#8217;embl\u00e9matique boutique de donuts CocoRosa (et c&rsquo;est tout aussi bon !)"},"content":{"rendered":"<p>            Par<br \/>\n        <strong><br \/>\n            <a href=\"https:\/\/actu.fr\/auteur\/mareva-laville-actu-fr\" title=\"Consulter tous les articles de Mar\u00e9va Laville\" target=\"_blank\" rel=\"noopener\">Mar\u00e9va Laville<\/a><br \/>\n        <\/strong><\/p>\n<p>        Publi\u00e9 le<\/p>\n<p>            17 mai 2025 \u00e0 17h06        <\/p>\n<p>Fin d\u2019une grande aventure pour le <a href=\"https:\/\/actu.fr\/occitanie\/toulouse_31555\/toulouse-il-lance-le-premier-bar-100-donuts-de-la-ville-dans-un-quartier-tres-apprecie_46029051.html\" target=\"_blank\" rel=\"noopener\">tout premier commerce \u00e0 monoproduit<\/a> de <a href=\"http:\/\/www.actu.fr\/toulouse\" target=\"_blank\" rel=\"noopener\"><strong>Toulouse<\/strong><\/a>. La mythique <strong>boutique de donuts et bagels CocoRosa<\/strong> va baisser officiellement le rideau samedi 17\u00a0mai 2025. En proposant \u00e0 ses plus fid\u00e8les clients une belle transition.<br \/>Ce samedi sera l\u2019occasion de d\u00e9couvrir ce qui prendra la rel\u00e8ve du CocoRosa. Pour un donut achet\u00e9, la sp\u00e9cialit\u00e9 du repreneur sera offerte. Et ce n\u2019est autre qu\u2019un\u2026 Cookie\u2009! Une gourmandise bien en vogue dans la Ville rose.<\/p>\n<p>Du donut\u2026 au cookie\u2009!<\/p>\n<p class=\" wall-content\"><strong>D\u00e8s le 7\u00a0juin 2025,<\/strong> date de r\u00e9ouverture du local, c\u2019est l\u2019enseigne <strong>Oh My Cooks<\/strong> qui remplacera celle de CocoRosa. Avec, aux manettes, Marie Fraiture et MeeRa Viguier.<\/p>\n<p class=\" wall-content\">Les deux associ\u00e9es poss\u00e8dent d\u00e9j\u00e0 <a href=\"https:\/\/actu.fr\/occitanie\/toulouse_31555\/toulouse-apres-deux-ans-en-livraison-ces-cookies-dodus-debarquent-en-ville_59525418.html\" target=\"_blank\" rel=\"noopener\">leur boutique depuis 2023<\/a> dans le quartier des Carmes, place Mage, o\u00f9 il fait bon s\u2019offrir un cookie et le d\u00e9guster avec une boisson, \u00e0 l\u2019int\u00e9rieur ou en terrasse. Mais rue Boulbonne,<strong> \u00ab\u2009on aura un concept diff\u00e9rent,<\/strong> ce ne sera que de la <strong>vente \u00e0 emporter<\/strong>\u2009\u00bb, pr\u00e9sente Marie.<\/p>\n<p>    <img   decoding=\"async\" loading=\"lazy\" src=\"https:\/\/www.europesays.com\/fr\/wp-content\/uploads\/2025\/05\/ohmycooks-960x640.jpeg\" alt=\"Les deux fondatrices d'Oh My Cooks voulaient ouvrir un second point de vente \u00e0 Toulouse. Elles ont trouv\u00e9, rue Boulbonne.\" width=\"960\" height=\"640\"\/><br \/>\n    Les deux fondatrices d\u2019Oh My Cooks voulaient ouvrir un second point de vente \u00e0 Toulouse. Elles ont trouv\u00e9, rue Boulbonne. (\u00a9Laboxdigital)Des cookies sous toutes ses formes et saveurs<\/p>\n<p class=\" wall-content\">\u00c0 deux pas de la place Saint-Georges, le deuxi\u00e8me Oh My Cooks aura plut\u00f4t l\u2019allure d\u2019une belle vitrine et d\u2019une boutique remplie de tout ce que savent faire Marie et MeeRa.<\/p>\n<p>Vid\u00e9os : en ce moment sur Actu<\/p>\n<blockquote class=\"ac-article-quote wall-content\">\n<p>Place Mage, on manquait de place pour mettre en avant tous nos produits. Rue Boulbonne, ce sera plus facile d&rsquo;exposer.<\/p>\n<p>    <strong>Marie Fraiture<\/strong><br \/>\n        Cofondatrice d&rsquo;Oh My Cooks    <\/p><\/blockquote>\n<p class=\" wall-content\">On trouvera alors les <strong>douze saveurs de cookies<\/strong> d\u2019Oh My Cooks, dont ses best-sellers\u2009: le chocolat noir-fleur de sel, celui au c\u0153ur de nocciolata ou encore celui au chocolat au lait, cacahu\u00e8tes caram\u00e9lis\u00e9es et caramel. \u00ab\u2009On proposera aussi nos produits annex\u00e9s\u2009\u00bb, annonce Marie. \u00c0 savoir, la tr\u00e8s appr\u00e9ci\u00e9e <strong>p\u00e2te \u00e0 cookie crue<\/strong> (cookie dough), les<strong> cookies format minis<\/strong> appel\u00e9s \u00ab\u2009cookiesnous\u2009\u00bb ou encore les <strong>g\u00e2teaux de cookie<\/strong> en format 6-8 parts. Du 100\u2009% cookie.<\/p>\n<p class=\" wall-content\"><a href=\"https:\/\/www.instagram.com\/p\/DD9y_bdoyuY\/embed\" title=\"Ouvrir le lien sur Instagram\" target=\"_blank\" rel=\"noopener\">Visualiser le contenu sur Instagram<\/a><\/p>\n<p class=\" wall-content\">Du monoproduit, comme <a href=\"https:\/\/actu.fr\/occitanie\/toulouse_31555\/restos-a-toulouse-le-coup-de-food-du-mangeur-masque-le-bagel-fait-son-trou-chez-cocorosa_61540271.html\" target=\"_blank\" rel=\"noopener\">CocoRosa<\/a> avant. \u00ab\u2009Son histoire est inspirante pour nous. On est vraiment contentes de prendre le relais. C\u2019est une belle opportunit\u00e9\u2009! D\u2019autant qu\u2019on voulait ouvrir un deuxi\u00e8me point de vente dans un endroit plus passant. Chacun a son quartier \u00e0 Toulouse donc c\u2019est int\u00e9ressant d\u2019aller \u00e0 Saint-Georges. Et\u2026 On r\u00eavait d\u2019\u00eatre rue Boulbonne\u2009!\u2009\u00bb, sourit Marie. V\u0153u exauc\u00e9, et palais d\u00e9j\u00e0 \u00e9moustill\u00e9 pour les Toulousains.<\/p>\n<p>Oh My Cooks<br \/>Ouverture \u00e0 la place du CocoRosa, 46 rue Boulbonne, d\u00e8s le 7\u00a0juin<br \/>Du mardi au samedi, en continu, de 11h \u00e0 18h<\/p>\n<p>    <a href=\"https:\/\/www.google.com\/maps\/embed?pb=!1m18!1m12!1m3!1d4446.7362293891365!2d1.4454060773239803!3d43.60133737110458!2m3!1f0!2f0!3f0!3m2!1i1024!2i768!4f13.1!3m3!1m2!1s0x12aebd314438d0fd%3A0xbeef42de24921d0b!2sCocorosa%20Donuts%20%26%20Bagels!5e1!3m2!1sfr!2sfr!4v1747392641268!5m2!1sfr!2sfr\" title=\"Ouvrie le lien\" target=\"_blank\" rel=\"noopener\">Cliquez ici pour visualiser le contenu<\/a><\/p>\n<p class=\" wall-content\">Suivez toute l\u2019actualit\u00e9 de vos villes et m\u00e9dias favoris en vous inscrivant \u00e0 <a href=\"https:\/\/moncompte.actu.fr\" title=\"D\u00e9couvez Mon Actu\" rel=\"nofollow noopener\" data-trk=\"{&quot;cta&quot;:{&quot;action&quot;:&quot;https:\\\/\\\/moncompte.actu.fr&quot;,&quot;category&quot;:&quot;mon compte&quot;,&quot;from&quot;:&quot;article footer&quot;,&quot;name&quot;:&quot;Mon actu&quot;,&quot;type&quot;:&quot;cta&quot;}}\" target=\"_blank\">Mon Actu<\/a>.<\/p>\n<ul class=\"ac-article-tag wall-content\">\n<li><a href=\"https:\/\/actu.fr\/tag\/nouveaux-commerces-a-toulouse\" data-trk=\"{&quot;cta&quot;:{&quot;action&quot;:&quot;Nouveaux commerces \\u00e0 Toulouse&quot;,&quot;category&quot;:&quot;tag&quot;,&quot;from&quot;:&quot;article footer&quot;,&quot;name&quot;:&quot;Nouveaux commerces \\u00e0 Toulouse&quot;,&quot;type&quot;:&quot;cta&quot;}}\" target=\"_blank\" rel=\"noopener\">#Nouveaux commerces \u00e0 Toulouse<\/a><\/li>\n<\/ul>\n<p>                    <script async src=\"\/\/www.instagram.com\/embed.js\"><\/script><\/p>\n","protected":false},"excerpt":{"rendered":"Par Mar\u00e9va Laville Publi\u00e9 le 17 mai 2025 \u00e0 17h06 Fin d\u2019une grande aventure pour le tout premier&hellip;\n","protected":false},"author":2,"featured_media":107283,"comment_status":"","ping_status":"","sticky":false,"template":"","format":"standard","meta":{"footnotes":""},"categories":[2816],"tags":[1111,11,1777,674,1011,27,1652,12,2849,2680,25,2312],"class_list":{"0":"post-107282","1":"post","2":"type-post","3":"status-publish","4":"format-standard","5":"has-post-thumbnail","7":"category-toulouse","8":"tag-actu","9":"tag-actualites","10":"tag-eu","11":"tag-europe","12":"tag-fr","13":"tag-france","14":"tag-loisirs-culture","15":"tag-news","16":"tag-nouveaux-commerces-a-toulouse","17":"tag-occitanie","18":"tag-republique-francaise","19":"tag-toulouse"},"share_on_mastodon":{"url":"https:\/\/pubeurope.com\/@fr\/114523943925543266","error":""},"_links":{"self":[{"href":"https:\/\/www.europesays.com\/fr\/wp-json\/wp\/v2\/posts\/107282","targetHints":{"allow":["GET"]}}],"collection":[{"href":"https:\/\/www.europesays.com\/fr\/wp-json\/wp\/v2\/posts"}],"about":[{"href":"https:\/\/www.europesays.com\/fr\/wp-json\/wp\/v2\/types\/post"}],"author":[{"embeddable":true,"href":"https:\/\/www.europesays.com\/fr\/wp-json\/wp\/v2\/users\/2"}],"replies":[{"embeddable":true,"href":"https:\/\/www.europesays.com\/fr\/wp-json\/wp\/v2\/comments?post=107282"}],"version-history":[{"count":0,"href":"https:\/\/www.europesays.com\/fr\/wp-json\/wp\/v2\/posts\/107282\/revisions"}],"wp:featuredmedia":[{"embeddable":true,"href":"https:\/\/www.europesays.com\/fr\/wp-json\/wp\/v2\/media\/107283"}],"wp:attachment":[{"href":"https:\/\/www.europesays.com\/fr\/wp-json\/wp\/v2\/media?parent=107282"}],"wp:term":[{"taxonomy":"category","embeddable":true,"href":"https:\/\/www.europesays.com\/fr\/wp-json\/wp\/v2\/categories?post=107282"},{"taxonomy":"post_tag","embeddable":true,"href":"https:\/\/www.europesays.com\/fr\/wp-json\/wp\/v2\/tags?post=107282"}],"curies":[{"name":"wp","href":"https:\/\/api.w.org\/{rel}","templated":true}]}}