{"id":107284,"date":"2025-05-17T15:45:16","date_gmt":"2025-05-17T15:45:16","guid":{"rendered":"https:\/\/www.europesays.com\/fr\/107284\/"},"modified":"2025-05-17T15:45:16","modified_gmt":"2025-05-17T15:45:16","slug":"que-faire-le-dimanche-18-mai-du-cote-de-lille-10-idees-de-sorties","status":"publish","type":"post","link":"https:\/\/www.europesays.com\/fr\/107284\/","title":{"rendered":"Que faire le dimanche 18 mai du c\u00f4t\u00e9 de Lille ? 10 id\u00e9es de sorties"},"content":{"rendered":"<p>            Par<br \/>\n        <strong><br \/>\n            <a href=\"https:\/\/actu.fr\/auteur\/redaction-lille\" title=\"Consulter tous les articles de R\u00e9daction Lille\" rel=\"nofollow noopener\" target=\"_blank\">R\u00e9daction Lille<\/a><br \/>\n        <\/strong><\/p>\n<p>        Publi\u00e9 le<\/p>\n<p>            17 mai 2025 \u00e0 17h00        <\/p>\n<p>En manque d\u2019inspiration pour occuper votre journ\u00e9e du <b>dimanche 18\u00a0mai 2025<\/b>\u2009? Pour vous aider, nous avons s\u00e9lectionn\u00e9 pour vous <b>10 id\u00e9es de sorties <\/b>\u00e0 <a href=\"https:\/\/actu.fr\/hauts-de-france\/lille_59350\" rel=\"nofollow noopener\" target=\"_blank\">Lille<\/a> (Nord) et dans ses alentours pour passer une bonne journ\u00e9e. Il ne vous reste plus qu\u2019\u00e0\u00a0choisir\u2009!<\/p>\n<p>Nos\u00a010 id\u00e9es de sorties pour ce dimanche<\/p>\n<ul class=\" wall-content\">\n<li><b><a href=\"https:\/\/actu.fr\/hauts-de-france\/tourcoing_59599\/tourcoing-expo-metal-hurlant-plus-que-de-la-bande-dessinee-un-art-de-vivre-rocknroll_62646298.html\" rel=\"nofollow noopener\" target=\"_blank\">Expo \u00ab\u2009M\u00e9tal Hurlant\u2009\u00bb\u2009: plus que de la bande dessin\u00e9e, un art de vivre \u00ab\u2009rock\u2019n\u2019roll\u2009\u00bb<\/a><\/b><\/li>\n<\/ul>\n<p class=\" wall-content\">Jusqu\u2019au 27\u00a0septembre, l\u2019ancien Hospice d\u2019Havr\u00e9 \u00e0 Tourcoing se met \u00e0 la bande dessin\u00e9e et \u00e0 l\u2019esprit \u00ab\u2009rock\u2019n\u2019roll\u2009\u00bb avec une exposition d\u00e9di\u00e9e \u00e0 la revue \u00ab\u2009M\u00e9tal Hurlant\u2009\u00bb.<\/p>\n<ul class=\" wall-content\">\n<li><b><a href=\"https:\/\/actu.fr\/hauts-de-france\/lambersart_59328\/a-deux-pas-de-lille-un-grand-marche-de-createurs-est-organise-en-bord-de-deule-ce-dimanche_62624088.html\" rel=\"nofollow noopener\" target=\"_blank\">\u00c0 deux pas de Lille, un grand march\u00e9 de cr\u00e9ateurs est organis\u00e9 en bord de De\u00fble ce dimanche<\/a><\/b><\/li>\n<\/ul>\n<p class=\" wall-content\">Voil\u00e0 qui promet un joli moment\u2009! Ce dimanche 18\u00a0mai \u00e0 Lambersart, tout pr\u00e8s de Lille, un grand march\u00e9 de cr\u00e9ateurs vous attend en bord de De\u00fble.<\/p>\n<ul class=\" wall-content\">\n<li><b><a href=\"https:\/\/actu.fr\/hauts-de-france\/wambrechies_59636\/pres-de-lille-une-grande-fete-de-la-biere-musicale-et-gratuite-aura-lieu-ce-dimanche-dans-un-magnifique-parc_62634597.html\" rel=\"nofollow noopener\" target=\"_blank\">Pr\u00e8s de Lille. Une grande f\u00eate de la bi\u00e8re musicale et gratuite aura lieu ce dimanche dans un magnifique parc<\/a><\/b><\/li>\n<\/ul>\n<p>Vid\u00e9os : en ce moment sur Actu<\/p>\n<p class=\" wall-content\">On a d\u00e9j\u00e0 h\u00e2te d\u2019y \u00eatre ! Dimanche 18 mai 2025, une grande f\u00eate de la bi\u00e8re musicale se d\u00e9roulera dans un magnifique parc de Wambrechies, pr\u00e8s de Lille. Et l\u2019entr\u00e9e est gratuite !<\/p>\n<ul class=\" wall-content\">\n<li><a href=\"https:\/\/actu.fr\/hauts-de-france\/bondues_59090\/pres-de-lille-la-guinguette-de-la-ferme-rouvre-pour-une-nouvelle-saison_62627410.html\" rel=\"nofollow noopener\" target=\"_blank\"><b>Pr\u00e8s de Lille, la Guinguette de la Ferme rouvre pour une nouvelle saison<\/b><\/a><\/li>\n<\/ul>\n<p class=\" wall-content\">La saison des guinguettes est de retour\u2009! Celle de la Ferme, situ\u00e9e \u00e0 Bondues dans la m\u00e9tropole de Lille (Nord), rouvre ses portes le samedi 17\u00a0mai 2025 pour une 2e saison.<\/p>\n<ul class=\" wall-content\">\n<li><b><a href=\"https:\/\/actu.fr\/hauts-de-france\/lille_59350\/lille-echassiers-danseuses-trois-soirees-festives-pour-celebrer-les-15-ans-du-casino-barriere-ce-week-end_62647985.html\" rel=\"nofollow noopener\" target=\"_blank\">\u00c9chassiers, danseuses\u2026 Trois soir\u00e9es festives pour c\u00e9l\u00e9brer les 15\u00a0ans du Casino Barri\u00e8re de Lille ce week-end<\/a><\/b><\/li>\n<\/ul>\n<p class=\" wall-content\">Du vendredi\u00a016 au dimanche 18\u00a0mai, le Casino Barri\u00e8re de Lille c\u00e9l\u00e8bre ses 15\u00a0ans d\u2019ouverture. Au programme\u2009: performances, musique, lots \u00e0 gagner et autres surprises\u2009!<\/p>\n<ul class=\" wall-content\">\n<li><b><a href=\"https:\/\/actu.fr\/hauts-de-france\/roubaix_59512\/la-nuit-des-arts-est-de-retour-a-roubaix-cest-le-rendez-vous-a-ne-pas-manquer_62633056.html\" rel=\"nofollow noopener\" target=\"_blank\">La Nuit des Arts est de retour \u00e0 Roubaix, c\u2019est le rendez-vous \u00e0 ne pas manquer\u2009!<\/a><\/b><\/li>\n<\/ul>\n<p class=\" wall-content\">Du vendredi\u00a016 au dimanche 18\u00a0mai, la ville de Roubaix revient avec sa 28e \u00e9dition de la Nuit des Arts.<\/p>\n<ul class=\" wall-content\">\n<li><b><a href=\"https:\/\/actu.fr\/hauts-de-france\/lille_59350\/les-geek-days-reviennent-a-lille-quelles-nouveautes-pour-ledition-de-mai-2025_62623304.html\" rel=\"nofollow noopener\" target=\"_blank\">Les Geek Days reviennent \u00e0 Lille\u2009: quelles nouveaut\u00e9s pour l\u2019\u00e9dition de mai\u00a02025\u2009?<\/a><\/b><\/li>\n<\/ul>\n<p class=\" wall-content\">Ce week-end, Lille Grand Palais se transforme en temple de la pop culture pour les Geek Days. Ce qui vous attend pour cette \u00e9dition.<\/p>\n<ul class=\" wall-content\">\n<li><b><a href=\"https:\/\/actu.fr\/hauts-de-france\/lille_59350\/lille-piste-de-danse-gateaux-geants-fanions-cest-la-fete-a-saint-so-avec-lexpo-des-enfants-momart_62605266.html\" rel=\"nofollow noopener\" target=\"_blank\">Lille. Piste de danse, g\u00e2teaux g\u00e9ants, fanions\u2026 C\u2019est la f\u00eate \u00e0 Saint-So avec l\u2019expo des enfants M\u00f4m\u2019Art<\/a><\/b><\/li>\n<\/ul>\n<p class=\" wall-content\">L\u2019exposition M\u00f4m\u2019Art de 2025, r\u00e9alis\u00e9e par des enfants de Lille, Lomme et Hellemmes, aborde diff\u00e9rents aspects de la f\u00eate, \u00e0 Saint-Sauveur. Une exposition qui vaut le d\u00e9tour\u2009!<\/p>\n<ul class=\" wall-content\">\n<li><b><a href=\"https:\/\/actu.fr\/hauts-de-france\/esquelbecq_59210\/balade-les-jardins-du-chateau-desquelbecq-rouvrent-leurs-portes-pour-la-saison-2025_62601404.html\" rel=\"nofollow noopener\" target=\"_blank\">Balade\u2009: les jardins du ch\u00e2teau d\u2019Esquelbecq rouvrent leurs portes pour la saison<\/a><\/b><\/li>\n<\/ul>\n<p class=\" wall-content\">Depuis le 10\u00a0mai, les jardins du ch\u00e2teau d\u2019Esquelbecq ont ouvert leurs portes aux visiteurs pour la saison. Une belle balade en perspective\u2009!<\/p>\n<ul class=\" wall-content\">\n<li><b><a href=\"https:\/\/actu.fr\/loisirs-culture\/voici-les-brocantes-et-vide-greniers-organises-dans-le-nord-le-week-end-des-17-et-18-mai_62632885.html\" rel=\"nofollow noopener\" target=\"_blank\">Les brocantes et vide-greniers pr\u00e9vus vers Lille et dans le Nord ce week-end<\/a><\/b><\/li>\n<\/ul>\n<p class=\" wall-content\">Le week-end des samedi\u00a017 et dimanche 18\u00a0mai, \u00e9norm\u00e9ment de brocantes, vide-greniers et autres braderies sont organis\u00e9s vers Lille et plus g\u00e9n\u00e9ralement dans le Nord. On vous r\u00e9sume les infos pratiques.<\/p>\n<p class=\" wall-content\"><b>A.V.<\/b><\/p>\n<p class=\" wall-content\">Suivez toute l\u2019actualit\u00e9 de vos villes et m\u00e9dias favoris en vous inscrivant \u00e0 <a href=\"https:\/\/moncompte.actu.fr\" title=\"D\u00e9couvez Mon Actu\" rel=\"nofollow noopener\" data-trk=\"{&quot;cta&quot;:{&quot;action&quot;:&quot;https:\\\/\\\/moncompte.actu.fr&quot;,&quot;category&quot;:&quot;mon compte&quot;,&quot;from&quot;:&quot;article footer&quot;,&quot;name&quot;:&quot;Mon actu&quot;,&quot;type&quot;:&quot;cta&quot;}}\" target=\"_blank\">Mon Actu<\/a>.<\/p>\n<ul class=\"ac-article-tag wall-content\">\n<li><a href=\"https:\/\/actu.fr\/tag\/bon-plan-a-lille\" data-trk=\"{&quot;cta&quot;:{&quot;action&quot;:&quot;Bon plan \\u00e0 Lille&quot;,&quot;category&quot;:&quot;tag&quot;,&quot;from&quot;:&quot;article footer&quot;,&quot;name&quot;:&quot;Bon plan \\u00e0 Lille&quot;,&quot;type&quot;:&quot;cta&quot;}}\" rel=\"nofollow noopener\" target=\"_blank\">#Bon plan \u00e0 Lille<\/a><\/li>\n<li><a href=\"https:\/\/actu.fr\/tag\/famille\" data-trk=\"{&quot;cta&quot;:{&quot;action&quot;:&quot;Famille&quot;,&quot;category&quot;:&quot;tag&quot;,&quot;from&quot;:&quot;article footer&quot;,&quot;name&quot;:&quot;Famille&quot;,&quot;type&quot;:&quot;cta&quot;}}\" rel=\"nofollow noopener\" target=\"_blank\">#Famille<\/a><\/li>\n<\/ul>\n","protected":false},"excerpt":{"rendered":"Par R\u00e9daction Lille Publi\u00e9 le 17 mai 2025 \u00e0 17h00 En manque d\u2019inspiration pour occuper votre journ\u00e9e du&hellip;\n","protected":false},"author":2,"featured_media":107285,"comment_status":"","ping_status":"","sticky":false,"template":"","format":"standard","meta":{"footnotes":""},"categories":[2815],"tags":[1111,11,6557,1777,674,652,1011,27,811,1307,1652,12,25],"class_list":{"0":"post-107284","1":"post","2":"type-post","3":"status-publish","4":"format-standard","5":"has-post-thumbnail","7":"category-lille","8":"tag-actu","9":"tag-actualites","10":"tag-bon-plan-a-lille","11":"tag-eu","12":"tag-europe","13":"tag-famille","14":"tag-fr","15":"tag-france","16":"tag-hauts-de-france","17":"tag-lille","18":"tag-loisirs-culture","19":"tag-news","20":"tag-republique-francaise"},"share_on_mastodon":{"url":"https:\/\/pubeurope.com\/@fr\/114523951799083996","error":""},"_links":{"self":[{"href":"https:\/\/www.europesays.com\/fr\/wp-json\/wp\/v2\/posts\/107284","targetHints":{"allow":["GET"]}}],"collection":[{"href":"https:\/\/www.europesays.com\/fr\/wp-json\/wp\/v2\/posts"}],"about":[{"href":"https:\/\/www.europesays.com\/fr\/wp-json\/wp\/v2\/types\/post"}],"author":[{"embeddable":true,"href":"https:\/\/www.europesays.com\/fr\/wp-json\/wp\/v2\/users\/2"}],"replies":[{"embeddable":true,"href":"https:\/\/www.europesays.com\/fr\/wp-json\/wp\/v2\/comments?post=107284"}],"version-history":[{"count":0,"href":"https:\/\/www.europesays.com\/fr\/wp-json\/wp\/v2\/posts\/107284\/revisions"}],"wp:featuredmedia":[{"embeddable":true,"href":"https:\/\/www.europesays.com\/fr\/wp-json\/wp\/v2\/media\/107285"}],"wp:attachment":[{"href":"https:\/\/www.europesays.com\/fr\/wp-json\/wp\/v2\/media?parent=107284"}],"wp:term":[{"taxonomy":"category","embeddable":true,"href":"https:\/\/www.europesays.com\/fr\/wp-json\/wp\/v2\/categories?post=107284"},{"taxonomy":"post_tag","embeddable":true,"href":"https:\/\/www.europesays.com\/fr\/wp-json\/wp\/v2\/tags?post=107284"}],"curies":[{"name":"wp","href":"https:\/\/api.w.org\/{rel}","templated":true}]}}