{"id":107288,"date":"2025-05-17T15:47:11","date_gmt":"2025-05-17T15:47:11","guid":{"rendered":"https:\/\/www.europesays.com\/fr\/107288\/"},"modified":"2025-05-17T15:47:11","modified_gmt":"2025-05-17T15:47:11","slug":"mon-grand-frere-est-mort-dans-mes-bras","status":"publish","type":"post","link":"https:\/\/www.europesays.com\/fr\/107288\/","title":{"rendered":"Mon grand fr\u00e8re est mort dans mes bras"},"content":{"rendered":"<p>Dans les affaires de banditisme, personne n&rsquo;a jamais rien fait. \u00c0 d\u00e9faut d&rsquo;\u00e9l\u00e9ments mat\u00e9riels, les tombereaux de d\u00e9n\u00e9gations et d&rsquo;alibis plus ou moins solides qui se d\u00e9versent dans les pr\u00e9toires sont tels que les faits en deviennent parfois presque abstraits. Et puis surgissent les victimes et leurs proches.<\/p>\n<p>Ainsi ce vendredi 16 mai, <a href=\"https:\/\/www.laprovence.com\/article\/faits-divers-justice\/66890047372109\/triple-assassinat-cite-bassens-a-marseille-en-2016-la-blessure-embarrassante-dun-accuse-en-fuite\" target=\"_blank\" rel=\"nofollow noopener\">au terme d&rsquo;une premi\u00e8re semaine de proc\u00e8s<\/a> devant la cour d&rsquo;assises des Bouches-du-Rh\u00f4ne, le triple assassinat de la cit\u00e9 Bassens, \u00e0 <a href=\"https:\/\/www.laprovence.com\/bouches-du-rhone\/marseille-13055\" target=\"_blank\" rel=\"nofollow noopener\">Marseille<\/a>, commis 9 ans plus t\u00f4t, devient brutalement concret, lorsque la solide carrure de Mohamed s&rsquo;affaisse en un sanglot sur la barre des t\u00e9moins. \u00ab\u00a0C&rsquo;est tr\u00e8s dur de revenir ici. Mais moi, j&rsquo;\u00e9tais oblig\u00e9. Pour mon fr\u00e8re\u00a0\u00bb, dit-il, la voix soudain cass\u00e9e par l&rsquo;\u00e9motion.<\/p>\n","protected":false},"excerpt":{"rendered":"Dans les affaires de banditisme, personne n&rsquo;a jamais rien fait. \u00c0 d\u00e9faut d&rsquo;\u00e9l\u00e9ments mat\u00e9riels, les tombereaux de d\u00e9n\u00e9gations&hellip;\n","protected":false},"author":2,"featured_media":107289,"comment_status":"","ping_status":"","sticky":false,"template":"","format":"standard","meta":{"footnotes":""},"categories":[2814],"tags":[7086,17,1111,11,6744,22487,11911,1777,674,274,1011,27,884,11078,12,882,25,22486],"class_list":{"0":"post-107288","1":"post","2":"type-post","3":"status-publish","4":"format-standard","5":"has-post-thumbnail","7":"category-marseille","8":"tag-7086","9":"tag-17","10":"tag-actu","11":"tag-actualites","12":"tag-assassinat","13":"tag-bassens","14":"tag-cite","15":"tag-eu","16":"tag-europe","17":"tag-faits-divers-justice","18":"tag-fr","19":"tag-france","20":"tag-marseille","21":"tag-mon","22":"tag-news","23":"tag-provence-alpes-cote-dazur","24":"tag-republique-francaise","25":"tag-triple"},"share_on_mastodon":{"url":"https:\/\/pubeurope.com\/@fr\/114523959669387699","error":""},"_links":{"self":[{"href":"https:\/\/www.europesays.com\/fr\/wp-json\/wp\/v2\/posts\/107288","targetHints":{"allow":["GET"]}}],"collection":[{"href":"https:\/\/www.europesays.com\/fr\/wp-json\/wp\/v2\/posts"}],"about":[{"href":"https:\/\/www.europesays.com\/fr\/wp-json\/wp\/v2\/types\/post"}],"author":[{"embeddable":true,"href":"https:\/\/www.europesays.com\/fr\/wp-json\/wp\/v2\/users\/2"}],"replies":[{"embeddable":true,"href":"https:\/\/www.europesays.com\/fr\/wp-json\/wp\/v2\/comments?post=107288"}],"version-history":[{"count":0,"href":"https:\/\/www.europesays.com\/fr\/wp-json\/wp\/v2\/posts\/107288\/revisions"}],"wp:featuredmedia":[{"embeddable":true,"href":"https:\/\/www.europesays.com\/fr\/wp-json\/wp\/v2\/media\/107289"}],"wp:attachment":[{"href":"https:\/\/www.europesays.com\/fr\/wp-json\/wp\/v2\/media?parent=107288"}],"wp:term":[{"taxonomy":"category","embeddable":true,"href":"https:\/\/www.europesays.com\/fr\/wp-json\/wp\/v2\/categories?post=107288"},{"taxonomy":"post_tag","embeddable":true,"href":"https:\/\/www.europesays.com\/fr\/wp-json\/wp\/v2\/tags?post=107288"}],"curies":[{"name":"wp","href":"https:\/\/api.w.org\/{rel}","templated":true}]}}