{"id":1072887,"date":"2026-07-18T14:40:20","date_gmt":"2026-07-18T14:40:20","guid":{"rendered":"https:\/\/www.europesays.com\/fr\/1072887\/"},"modified":"2026-07-18T14:40:20","modified_gmt":"2026-07-18T14:40:20","slug":"pere-dun-enfant-ne-sous-gpa-le-chef-des-deputes-conservateurs-allemands-demissionne-apres-des-critiques-dans-son-propre-camp","status":"publish","type":"post","link":"https:\/\/www.europesays.com\/fr\/1072887\/","title":{"rendered":"P\u00e8re d\u2019un enfant n\u00e9 sous GPA, le chef des d\u00e9put\u00e9s conservateurs allemands d\u00e9missionne apr\u00e8s des critiques dans son propre camp"},"content":{"rendered":"<p>\n    L\u2019ancien ministre de la Sant\u00e9 d\u2019Angela Merkel et son mari sont r\u00e9cemment devenus parents gr\u00e2ce \u00e0 une m\u00e8re porteuse aux \u00c9tats-Unis.<\/p>\n<p class=\"fig-paragraph\">Le chef des d\u00e9put\u00e9s conservateurs allemands,\u00a0<a href=\"https:\/\/www.lefigaro.fr\/international\/2017\/09\/24\/01003-20170924ARTFIG00114-allemagne-jens-spahn-l-homme-qui-veut-pousser-angela-merkel-a-droite.php\" data-fig-type=\"Article\" data-gtm-custom-categorie=\"navigation\" data-gtm-custom-action=\"crossclick\" data-gtm-custom-label=\"Contextuel\" data-gtm-event=\"customEventSPE\" data-fig-domain=\"LEFIGARO\" rel=\"nofollow noopener\" target=\"_blank\">Jens Spahn<\/a>, a d\u00e9missionn\u00e9 samedi apr\u00e8s des attaques au sein de son propre camp pour avoir eu avec son mari un enfant via la gestation pour autrui (GPA) aux \u00c9tats-Unis, une pratique interdite en Allemagne, a appris l&rsquo;AFP de sources au sein du parti.<\/p>\n<p class=\"fig-paragraph\">Pr\u00e9sident du groupe parlementaire CDU\/CSU du chancelier\u00a0<a href=\"http:\/\/www.lefigaro.fr\/international\/l-allemagne-va-participer-d-ici-2027-a-un-exercice-francais-de-dissuasion-nucleaire-annonce-friedrich-merz-20260717\" data-fig-type=\"NewsFlash\" data-gtm-custom-categorie=\"navigation\" data-gtm-custom-action=\"crossclick\" data-gtm-custom-label=\"Contextuel\" data-gtm-event=\"customEventSPE\" data-fig-domain=\"LEFIGARO\" rel=\"nofollow noopener\" target=\"_blank\">Friedrich Merz<\/a>, Jens Spahn a adress\u00e9 une lettre \u00e0 ses coll\u00e8gues obtenue par l&rsquo;AFP dans laquelle il \u00e9crit\u00a0: \u00abCes derniers jours, j&rsquo;ai compris que mon bonheur personnel, qui consiste \u00e0 fonder une famille avec mon mari et \u00e0 devenir p\u00e8re, est incompatible avec ma fonction politique\u00bb.<\/p>\n<p>                                            <a class=\"fig-a11y-skip\" href=\"#fig-a11y-skip-main-inarticle\" is=\"fig-a11y-skip\" data-trigger-mode=\"visible-once\"><br \/>\n    Passer la publicit\u00e9<br \/>\n<\/a>            <\/p>\n<p class=\"fig-paragraph\">La\u00a0<a href=\"http:\/\/www.lefigaro.fr\/international\/allemagne-la-cdu-l-emporte-en-rhenanie-palatinat-nouvelle-percee-pour-l-afd-20260323\" data-fig-type=\"NewsFlash\" data-gtm-custom-categorie=\"navigation\" data-gtm-custom-action=\"crossclick\" data-gtm-custom-label=\"Contextuel\" data-gtm-event=\"customEventSPE\" data-fig-domain=\"LEFIGARO\" rel=\"nofollow noopener\" target=\"_blank\">CDU<\/a>, le parti de Jens Spahn et Friedrich Merz, s&rsquo;oppose farouchement \u00e0 la gestation pour autrui et a r\u00e9cemment vot\u00e9, lors d&rsquo;un congr\u00e8s du parti en f\u00e9vrier, en faveur du maintien de l&rsquo;interdiction en vigueur en Allemagne.<\/p>\n<p class=\"fig-paragraph\">Jens Spahn et son mari sont r\u00e9cemment devenus parents gr\u00e2ce \u00e0 une m\u00e8re porteuse aux \u00c9tats-Unis. Cette d\u00e9cision, r\u00e9v\u00e9l\u00e9e jeudi dans la presse allemande, a imm\u00e9diatement suscit\u00e9 des critiques au sein de la CDU avec notamment des appels \u00e0 la d\u00e9mission de Jens Spahn, ainsi que des accusations d&rsquo;hypocrisie de la part d&rsquo;autres responsables politiques.<\/p>\n<p class=\"fig-body-link\">\n            \u00c0 lire aussi<br \/>\n        <a class=\"fig-body-link__link\" href=\"http:\/\/www.lefigaro.fr\/international\/allemagne-un-depute-conservateur-sous-le-feu-des-critiques-apres-avoir-eu-recours-a-une-gpa-20260717\" data-fig-type=\"NewsFlash\" data-gtm-custom-categorie=\"navigation\" data-gtm-custom-action=\"crossclick\" data-gtm-custom-label=\"Contextuel\" data-gtm-event=\"customEventSPE\" data-fig-domain=\"LEFIGARO\" rel=\"nofollow noopener\" target=\"_blank\"><br \/>\n                Allemagne\u00a0: un d\u00e9put\u00e9 conservateur sous le feu des critiques apr\u00e8s avoir eu recours \u00e0 une GPA<br \/>\n    <\/a>\n<\/p>\n<p>                                            Figure de proue de l\u2019aile droite de la CDU<\/p>\n<p class=\"fig-paragraph\">Jens Spahn a tent\u00e9 de se d\u00e9fendre vendredi lors d&rsquo;une interview en podcast accord\u00e9e au quotidien Bild, affirmant qu&rsquo;il \u00abavait longtemps \u00e9t\u00e9 en proie \u00e0 un conflit int\u00e9rieur, notamment sur la question de la maternit\u00e9 de substitution\u00bb, avant de finalement d\u00e9cider d&rsquo;avoir un enfant avec cette m\u00e9thode.<\/p>\n<p class=\"fig-paragraph\">Vendredi, Friedrich Merz a refus\u00e9 de s&rsquo;exprimer publiquement sur la d\u00e9cision de Jens Spahn, mais a indiqu\u00e9 que la question serait d\u00e9battue par le comit\u00e9 ex\u00e9cutif national du parti. Le chancelier a \u00e9galement d\u00e9clar\u00e9 qu&rsquo;il ne voyait \u00abaucune raison\u00bb de modifier la l\u00e9gislation allemande sur la gestation pour autrui, ni de revenir sur l&rsquo;opposition de longue date de la CDU \u00e0 cette pratique.<\/p>\n<p class=\"fig-paragraph\">\u00c2g\u00e9 de 46 ans, Jens Spahn a \u00e9t\u00e9 ministre de la Sant\u00e9 pendant la pand\u00e9mie de Covid-19 dans le gouvernement d&rsquo;Angela Merkel. Ces derni\u00e8res ann\u00e9es, il s&rsquo;est impos\u00e9 comme une figure de proue de l&rsquo;aile droite de la CDU, pr\u00f4nant notamment une ligne plus dure en mati\u00e8re d&rsquo;immigration.<\/p>\n","protected":false},"excerpt":{"rendered":"L\u2019ancien ministre de la Sant\u00e9 d\u2019Angela Merkel et son mari sont r\u00e9cemment devenus parents gr\u00e2ce \u00e0 une m\u00e8re&hellip;\n","protected":false},"author":2,"featured_media":1072888,"comment_status":"","ping_status":"","sticky":false,"template":"","format":"standard","meta":{"footnotes":"","_share_on_mastodon":"0"},"categories":[5],"tags":[11,672,1011,27,18868,14,12,28],"class_list":["post-1072887","post","type-post","status-publish","format-standard","has-post-thumbnail","category-international","tag-actualites","tag-allemagne","tag-fr","tag-france","tag-gpa","tag-international","tag-news","tag-world"],"share_on_mastodon":{"url":"https:\/\/pubeurope.com\/@fr\/116941503089684360","error":""},"_links":{"self":[{"href":"https:\/\/www.europesays.com\/fr\/wp-json\/wp\/v2\/posts\/1072887","targetHints":{"allow":["GET"]}}],"collection":[{"href":"https:\/\/www.europesays.com\/fr\/wp-json\/wp\/v2\/posts"}],"about":[{"href":"https:\/\/www.europesays.com\/fr\/wp-json\/wp\/v2\/types\/post"}],"author":[{"embeddable":true,"href":"https:\/\/www.europesays.com\/fr\/wp-json\/wp\/v2\/users\/2"}],"replies":[{"embeddable":true,"href":"https:\/\/www.europesays.com\/fr\/wp-json\/wp\/v2\/comments?post=1072887"}],"version-history":[{"count":0,"href":"https:\/\/www.europesays.com\/fr\/wp-json\/wp\/v2\/posts\/1072887\/revisions"}],"wp:featuredmedia":[{"embeddable":true,"href":"https:\/\/www.europesays.com\/fr\/wp-json\/wp\/v2\/media\/1072888"}],"wp:attachment":[{"href":"https:\/\/www.europesays.com\/fr\/wp-json\/wp\/v2\/media?parent=1072887"}],"wp:term":[{"taxonomy":"category","embeddable":true,"href":"https:\/\/www.europesays.com\/fr\/wp-json\/wp\/v2\/categories?post=1072887"},{"taxonomy":"post_tag","embeddable":true,"href":"https:\/\/www.europesays.com\/fr\/wp-json\/wp\/v2\/tags?post=1072887"}],"curies":[{"name":"wp","href":"https:\/\/api.w.org\/{rel}","templated":true}]}}