{"id":107290,"date":"2025-05-17T15:48:09","date_gmt":"2025-05-17T15:48:09","guid":{"rendered":"https:\/\/www.europesays.com\/fr\/107290\/"},"modified":"2025-05-17T15:48:09","modified_gmt":"2025-05-17T15:48:09","slug":"un-rassemblement-ce-samedi-pour-le-respect-des-mineurs-isoles","status":"publish","type":"post","link":"https:\/\/www.europesays.com\/fr\/107290\/","title":{"rendered":"un rassemblement ce samedi \u00ab\u00a0pour le respect des mineurs isol\u00e9s\u00a0\u00bb"},"content":{"rendered":"<p>Le jardin des Chartreux bient\u00f4t \u00e9vacu\u00e9 \u00e0 Lyon : un rassemblement ce samedi \u00ab\u00a0pour le respect des mineurs isol\u00e9s\u00a0\u00bb &#8211; DR Collectif<\/p>\n<p itemprop=\"description\"><strong>Ce samedi \u00e0 14h, un rassemblement aura lieu sur la place des Terreaux pour soutenir les mineurs du jardin des Chartreux (Lyon 1er).<\/strong><\/p>\n<p>Menac\u00e9s d\u2019expulsion par la municipalit\u00e9, les 280 mineurs isol\u00e9s situ\u00e9s dans le jardin des Chartreux vont pouvoir compter sur l\u2019appui du collectif Soutien-Migrants Croix Rousse pour tenter de se d\u00e9fendre. Un appel au rassemblement a \u00e9t\u00e9 lanc\u00e9 pour le respect des droits des mineurs isol\u00e9s. La mobilisation aura lieu sur la place des Terreaux ce samedi 17 mai, \u00e0 partir de 14h.<\/p>\n<p>\u00ab\u00a0La mairie de Lyon affirme vouloir expulser le campement situ\u00e9 au jardin des Chartreux dans lequel n\u2019ont eu d\u2019autre choix que de s\u2019installer sous des tentes les mineurs en recours \u00e0 la rue. La pr\u00e9fecture, rencontr\u00e9e en d\u00e9l\u00e9gation le 30 avril, assume de ne pas chercher de solution pour la mise \u00e0 l\u2019abri de ces jeunes vuln\u00e9rables\u00a0\u00bb, annonce le collectif dans un communiqu\u00e9 paru cette semaine.<\/p>\n<p>La M\u00e9tropole de Lyon est, elle aussi, dans le viseur des manifestants pour ne pas avoir appliqu\u00e9 la pr\u00e9somption de minorit\u00e9 inscrit dans la Convention Internationale des Droits de l\u2019Enfant, ratifi\u00e9e par la France en 1990.<\/p>\n<p>Par le biais de cette mobilisation, le collectif r\u00e9clame \u00e0 ce que les mineurs du jardin des Chartreux soient mis \u00e0 l\u2019abri, prot\u00e9g\u00e9s et ne soient pas expuls\u00e9s de ce lieu tant qu\u2019aucune solution ne sera propos\u00e9e par la Ville.<\/p>\n","protected":false},"excerpt":{"rendered":"Le jardin des Chartreux bient\u00f4t \u00e9vacu\u00e9 \u00e0 Lyon : un rassemblement ce samedi \u00ab\u00a0pour le respect des mineurs&hellip;\n","protected":false},"author":2,"featured_media":107291,"comment_status":"","ping_status":"","sticky":false,"template":"","format":"standard","meta":{"footnotes":""},"categories":[1889],"tags":[1111,11,2813,2190,2430,1109,251,1112,2811,1777,674,118,1011,27,1922,1110,1114,2428,2810,12,241,316,25,2812,517,800],"class_list":{"0":"post-107290","1":"post","2":"type-post","3":"status-publish","4":"format-standard","5":"has-post-thumbnail","7":"category-lyon","8":"tag-actu","9":"tag-actualites","10":"tag-article","11":"tag-asvel","12":"tag-auvergne-rhone-alpes","13":"tag-breves","14":"tag-culture","15":"tag-depeches","16":"tag-economique","17":"tag-eu","18":"tag-europe","19":"tag-faits-divers","20":"tag-fr","21":"tag-france","22":"tag-info","23":"tag-informations","24":"tag-infos","25":"tag-lyon","26":"tag-lyonmag","27":"tag-news","28":"tag-ol","29":"tag-politique","30":"tag-republique-francaise","31":"tag-sociale","32":"tag-sport","33":"tag-transports"},"share_on_mastodon":{"url":"https:\/\/pubeurope.com\/@fr\/114523963654102841","error":""},"_links":{"self":[{"href":"https:\/\/www.europesays.com\/fr\/wp-json\/wp\/v2\/posts\/107290","targetHints":{"allow":["GET"]}}],"collection":[{"href":"https:\/\/www.europesays.com\/fr\/wp-json\/wp\/v2\/posts"}],"about":[{"href":"https:\/\/www.europesays.com\/fr\/wp-json\/wp\/v2\/types\/post"}],"author":[{"embeddable":true,"href":"https:\/\/www.europesays.com\/fr\/wp-json\/wp\/v2\/users\/2"}],"replies":[{"embeddable":true,"href":"https:\/\/www.europesays.com\/fr\/wp-json\/wp\/v2\/comments?post=107290"}],"version-history":[{"count":0,"href":"https:\/\/www.europesays.com\/fr\/wp-json\/wp\/v2\/posts\/107290\/revisions"}],"wp:featuredmedia":[{"embeddable":true,"href":"https:\/\/www.europesays.com\/fr\/wp-json\/wp\/v2\/media\/107291"}],"wp:attachment":[{"href":"https:\/\/www.europesays.com\/fr\/wp-json\/wp\/v2\/media?parent=107290"}],"wp:term":[{"taxonomy":"category","embeddable":true,"href":"https:\/\/www.europesays.com\/fr\/wp-json\/wp\/v2\/categories?post=107290"},{"taxonomy":"post_tag","embeddable":true,"href":"https:\/\/www.europesays.com\/fr\/wp-json\/wp\/v2\/tags?post=107290"}],"curies":[{"name":"wp","href":"https:\/\/api.w.org\/{rel}","templated":true}]}}