{"id":1072925,"date":"2026-07-18T15:16:42","date_gmt":"2026-07-18T15:16:42","guid":{"rendered":"https:\/\/www.europesays.com\/fr\/1072925\/"},"modified":"2026-07-18T15:16:42","modified_gmt":"2026-07-18T15:16:42","slug":"mandi-fait-ses-adieux-aux-supporters-du-lille-osc","status":"publish","type":"post","link":"https:\/\/www.europesays.com\/fr\/1072925\/","title":{"rendered":"Mandi fait ses adieux aux supporters du Lille OSC"},"content":{"rendered":"<p style=\"text-align: justify;\"><strong>A\u00efssa Mandi (34 ans) ne fera pas plus de deux saisons avec Lille OSC. Le d\u00e9fenseur central, \u00e9lu meilleur joueur du club lors du d\u00e9funt exercice par les supporters lillois, va retourner en Espagne o\u00f9 il devrait porter les couleur de Levante UD sous r\u00e9serve d\u2019une visite m\u00e9dicale pr\u00e9vue dans les jours \u00e0 venir. Le d\u00e9part du Nord de la France ent\u00e9rin\u00e9, le vice-capitaine des Verts a tenu \u00e0 remercier le public des Dogues dans un message publi\u00e9 sur Instagram. Sous la publication, les fans et ses co\u00e9quipiers ont tenu \u00e0 lui rendre hommage et lui t\u00e9moigner leur admiration.<\/strong><\/p>\n<p><a href=\"https:\/\/lagazettedufennec.com\/?pm_click=213557\" target=\"_blank\" rel=\"noopener nofollow\"><img loading=\"lazy\" width=\"2560\" height=\"660\" alt=\"\" decoding=\"async\" style=\"max-width:100%;height:auto;display:block;width:100%\" class=\"perfmatters-lazy\" src=\"https:\/\/www.europesays.com\/fr\/wp-content\/uploads\/2026\/06\/970x250.jpg-scaled.jpeg\"\/><\/a><\/p>\n<p style=\"text-align: justify;\">Non,<strong> A\u00efssa Mandi<\/strong> n\u2019a pas encore fait ses adieux au public alg\u00e9rien. Lui qui n\u2019a pas forc\u00e9ment l\u2019intention de raccrocher avec la s\u00e9lection contrairement \u00e0<strong> Riyad Mahrez<\/strong> qui a annonc\u00e9 sa retraite internationale apr\u00e8s l\u2019\u00e9limination de l\u2019<strong>Alg\u00e9rie<\/strong> face \u00e0 la <strong>Suisse<\/strong> en seizi\u00e8mes de finale de la <strong>Coupe du Monde 2026<\/strong>.<\/p>\n<\/p>\n<p>Une impression contrast\u00e9e entre le club et la s\u00e9lection<\/p>\n<p style=\"text-align: justify;\">N\u00e9anmoins, pour ce qui est de son chapitre fran\u00e7ais, le deuxi\u00e8me apr\u00e8s celui avec le <strong>Stade de Reims<\/strong>, il est d\u00e9finitivement tourn\u00e9. Ainsi, <strong>Mandi<\/strong> s\u2019est adress\u00e9 aux inconditionnels du team nordique. \u201cMerci le LOSC \u00a0Apr\u00e8s 2 belles ann\u00e9es, il est temps pour moi de vous dire au revoir ! J\u2019ai pris \u00e9norm\u00e9ment de plaisir \u00e0 \u00e9voluer dans ce club, aux c\u00f4t\u00e9s d\u2019un groupe exceptionnel. Merci \u00e0 mes co\u00e9quipiers, au staff, \u00e0 toutes les personnes qui travaillent au quotidien pour le club et bien s\u00fbr aux supporters pour leur soutien. Je vous souhaite le meilleur pour la suite et je serai votre premier supporter en Ligue des Champions, la saison prochaine \u00a0Encore une fois, MERCI pour tout\u201d, a-t-il \u00e9crit.<\/p>\n<p style=\"text-align: justify;\">Avec le <strong>LOSC<\/strong>, le <strong>Fennec<\/strong> a disput\u00e9 <strong>71 rencontres <\/strong>et inscrit <strong>1 but<\/strong> \u00e9copant de<strong> 14 cartons jaunes et 1 rouge.\u00a0<\/strong>Bien que f\u00e9brile avec l\u2019<strong>\u00e9quipe nationale<\/strong>, <strong>Mandi<\/strong> aura donn\u00e9 satisfaction lors de sa pige lilloise. Le contraste entre les deux rendements est intriguant mais peut s\u2019expliquer dans le fait qu\u2019il soit plus performant dans une d\u00e9fense avec<strong> trois axiaux<\/strong>. Ses prestations laborieuses lors du <strong>Mondial 2026<\/strong> avec un axe \u00e0 deux qu\u2019il a constitu\u00e9 avec <strong>Ramy Benseba\u00efni<\/strong> ne peuvent qu\u2019alimenter ce constat. Pour clore, on rappellera que son bail avec la formation de <strong>Valence<\/strong> devrait courir <strong>jusqu\u2019en juin 2028<\/strong>.<\/p>\n<p><strong>LIRE AUSSI <\/strong>: https:\/\/lagazettedufennec.com\/mertaco-aissa-mandi-a-trouve-un-club-dans-un-championnat-majeur\/<\/p>\n","protected":false},"excerpt":{"rendered":"A\u00efssa Mandi (34 ans) ne fera pas plus de deux saisons avec Lille OSC. Le d\u00e9fenseur central, \u00e9lu&hellip;\n","protected":false},"author":2,"featured_media":1072926,"comment_status":"","ping_status":"","sticky":false,"template":"","format":"standard","meta":{"footnotes":"","_share_on_mastodon":"0"},"categories":[2815],"tags":[1111,11,78013,111013,111014,1777,674,1011,27,811,54238,453,1307,44780,12,80241,25,29803,464],"class_list":["post-1072925","post","type-post","status-publish","format-standard","has-post-thumbnail","category-lille","tag-actu","tag-actualites","tag-aissa-mandi","tag-algu00e9rie-coupe-du-monde-2026","tag-algu00e9rie-suisse","tag-eu","tag-europe","tag-fr","tag-france","tag-hauts-de-france","tag-levante","tag-liga","tag-lille","tag-lille-osc","tag-news","tag-ramy-bensebaini","tag-republique-francaise","tag-riyad-mahrez","tag-stade-de-reims"],"share_on_mastodon":{"url":"https:\/\/pubeurope.com\/@fr\/116941645906582410","error":""},"_links":{"self":[{"href":"https:\/\/www.europesays.com\/fr\/wp-json\/wp\/v2\/posts\/1072925","targetHints":{"allow":["GET"]}}],"collection":[{"href":"https:\/\/www.europesays.com\/fr\/wp-json\/wp\/v2\/posts"}],"about":[{"href":"https:\/\/www.europesays.com\/fr\/wp-json\/wp\/v2\/types\/post"}],"author":[{"embeddable":true,"href":"https:\/\/www.europesays.com\/fr\/wp-json\/wp\/v2\/users\/2"}],"replies":[{"embeddable":true,"href":"https:\/\/www.europesays.com\/fr\/wp-json\/wp\/v2\/comments?post=1072925"}],"version-history":[{"count":0,"href":"https:\/\/www.europesays.com\/fr\/wp-json\/wp\/v2\/posts\/1072925\/revisions"}],"wp:featuredmedia":[{"embeddable":true,"href":"https:\/\/www.europesays.com\/fr\/wp-json\/wp\/v2\/media\/1072926"}],"wp:attachment":[{"href":"https:\/\/www.europesays.com\/fr\/wp-json\/wp\/v2\/media?parent=1072925"}],"wp:term":[{"taxonomy":"category","embeddable":true,"href":"https:\/\/www.europesays.com\/fr\/wp-json\/wp\/v2\/categories?post=1072925"},{"taxonomy":"post_tag","embeddable":true,"href":"https:\/\/www.europesays.com\/fr\/wp-json\/wp\/v2\/tags?post=1072925"}],"curies":[{"name":"wp","href":"https:\/\/api.w.org\/{rel}","templated":true}]}}