{"id":107294,"date":"2025-05-17T15:52:16","date_gmt":"2025-05-17T15:52:16","guid":{"rendered":"https:\/\/www.europesays.com\/fr\/107294\/"},"modified":"2025-05-17T15:52:16","modified_gmt":"2025-05-17T15:52:16","slug":"coupe-de-france-feminine-de-handball-en-finale-contre-metz-les-lionnes-veulent-montrer-quissy-cest-paris","status":"publish","type":"post","link":"https:\/\/www.europesays.com\/fr\/107294\/","title":{"rendered":"Coupe de France f\u00e9minine de handball\u00a0: en finale contre Metz, les Lionnes veulent montrer qu\u2019Issy c\u2019est Paris"},"content":{"rendered":"<p class=\"paragraph text_align_left\">L\u2019Accor Arena est pr\u00eate \u00e0 rugir. Les Lionnes du Paris 92 vont-elles remporter ce samedi soir (19h30) la premi\u00e8re Coupe de France de <a href=\"https:\/\/www.leparisien.fr\/sports\/handball\/\" target=\"_blank\" rel=\"noreferrer nofollow noopener\">handball <\/a>de l\u2019histoire du club ? Une certitude : les Franciliennes ne sont pas favorites contre Metz, invaincu de toutes comp\u00e9titions depuis quasiment un an\u2026 Le club des <a href=\"https:\/\/www.leparisien.fr\/hauts-de-seine-92\/\" target=\"_blank\" rel=\"noreferrer nofollow noopener\">Hauts-de-Seine<\/a> jouera cr\u00e2nement sa chance et essaiera de prendre sa revanche sur les Lorraines, d\u00e9j\u00e0 victorieuses (37-24) dans le m\u00eame duel en 2023.<\/p>\n<p class=\"paragraph text_align_left\">Oui, vous avez bien lu \u00ab club des Hauts-de-Seine \u00bb\u2026 alors que sa d\u00e9nomination est \u00ab Paris 92 \u00bb. Depuis 2018, le d\u00e9partement de l\u2019Ouest parisien a tout simplement rejoint les partenaires historiques du club que sont la ville d\u2018<a href=\"https:\/\/www.leparisien.fr\/hauts-de-seine-92\/issy-les-moulineaux-92130\/\" target=\"_blank\" rel=\"noreferrer nofollow noopener\">Issy-les-Moulineaux<\/a>, la ville de <a href=\"https:\/\/www.leparisien.fr\/paris-75\/\" target=\"_blank\" rel=\"noreferrer nofollow noopener\">Paris<\/a> et la r\u00e9gion <a href=\"https:\/\/www.leparisien.fr\/info-paris-ile-de-france-oise\/\" target=\"_blank\" rel=\"noreferrer nofollow noopener\">\u00cele-de-France<\/a>, \u00e0 l\u2019instar des rugbymen du <a href=\"https:\/\/www.leparisien.fr\/sports\/rugby\/lou-racing-92-29-15-pas-de-finale-en-challenge-cup-pour-les-ciel-et-blanc-battus-logiquement-a-gerland-04-05-2025-PDWMJNLBLBD33EPQ7FMUTVSHRM.php\" target=\"_blank\" rel=\"noreferrer nofollow noopener\">Racing 92<\/a>. D\u2018o\u00f9 cette nouvelle (et \u00e9ni\u00e8me) appellation qui caract\u00e9rise la partie professionnelle du club iss\u00e9en, la section amateur gardant le nom Issy Paris Handball (IPH).<\/p>\n","protected":false},"excerpt":{"rendered":"L\u2019Accor Arena est pr\u00eate \u00e0 rugir. Les Lionnes du Paris 92 vont-elles remporter ce samedi soir (19h30) la&hellip;\n","protected":false},"author":2,"featured_media":107295,"comment_status":"","ping_status":"","sticky":false,"template":"","format":"standard","meta":{"footnotes":""},"categories":[1888],"tags":[1111,1928,11,1927,1777,674,1011,27,1792,12,1926,626,1925,25,60],"class_list":{"0":"post-107294","1":"post","2":"type-post","3":"status-publish","4":"format-standard","5":"has-post-thumbnail","7":"category-paris","8":"tag-actu","9":"tag-actu-paris","10":"tag-actualites","11":"tag-actualites-paris","12":"tag-eu","13":"tag-europe","14":"tag-fr","15":"tag-france","16":"tag-handball","17":"tag-news","18":"tag-news-paris","19":"tag-paris","20":"tag-paris-news","21":"tag-republique-francaise","22":"tag-sports"},"share_on_mastodon":{"url":"https:\/\/pubeurope.com\/@fr\/114523979381356417","error":""},"_links":{"self":[{"href":"https:\/\/www.europesays.com\/fr\/wp-json\/wp\/v2\/posts\/107294","targetHints":{"allow":["GET"]}}],"collection":[{"href":"https:\/\/www.europesays.com\/fr\/wp-json\/wp\/v2\/posts"}],"about":[{"href":"https:\/\/www.europesays.com\/fr\/wp-json\/wp\/v2\/types\/post"}],"author":[{"embeddable":true,"href":"https:\/\/www.europesays.com\/fr\/wp-json\/wp\/v2\/users\/2"}],"replies":[{"embeddable":true,"href":"https:\/\/www.europesays.com\/fr\/wp-json\/wp\/v2\/comments?post=107294"}],"version-history":[{"count":0,"href":"https:\/\/www.europesays.com\/fr\/wp-json\/wp\/v2\/posts\/107294\/revisions"}],"wp:featuredmedia":[{"embeddable":true,"href":"https:\/\/www.europesays.com\/fr\/wp-json\/wp\/v2\/media\/107295"}],"wp:attachment":[{"href":"https:\/\/www.europesays.com\/fr\/wp-json\/wp\/v2\/media?parent=107294"}],"wp:term":[{"taxonomy":"category","embeddable":true,"href":"https:\/\/www.europesays.com\/fr\/wp-json\/wp\/v2\/categories?post=107294"},{"taxonomy":"post_tag","embeddable":true,"href":"https:\/\/www.europesays.com\/fr\/wp-json\/wp\/v2\/tags?post=107294"}],"curies":[{"name":"wp","href":"https:\/\/api.w.org\/{rel}","templated":true}]}}