{"id":1072952,"date":"2026-07-18T15:32:35","date_gmt":"2026-07-18T15:32:35","guid":{"rendered":"https:\/\/www.europesays.com\/fr\/1072952\/"},"modified":"2026-07-18T15:32:35","modified_gmt":"2026-07-18T15:32:35","slug":"allemagne-le-chef-des-deputes-conservateurs-pere-dun-enfant-ne-par-gpa-demissionne-apres-des-critiques","status":"publish","type":"post","link":"https:\/\/www.europesays.com\/fr\/1072952\/","title":{"rendered":"Allemagne\u00a0: Le chef des d\u00e9put\u00e9s conservateurs, p\u00e8re d\u2019un enfant n\u00e9 par GPA, d\u00e9missionne apr\u00e8s des critiques"},"content":{"rendered":"<p>C\u2019est une pol\u00e9mique qui ne passe vraiment pas. Apr\u00e8s des attaques au sein de son propre camp, le chef des d\u00e9put\u00e9s conservateurs allemands Jens Spahn a d\u00e9missionn\u00e9 ce samedi pour avoir eu avec son mari un enfant via la <a href=\"https:\/\/www.20minutes.fr\/societe\/4229658-20260617-interdire-leurre-elues-socialistes-pronent-gpa-demarchandisee-strictement-encadree\" target=\"_blank\" class=\"c-link c-link--is-underlined\" rel=\"nofollow noopener\">gestation pour autrui<\/a> (GPA) aux \u00c9tats-Unis, une pratique interdite en Allemagne.<\/p>\n<p>\u00ab\u00a0Ces derniers jours, j\u2019ai compris que mon bonheur personnel, qui consiste \u00e0 fonder une famille avec mon mari et \u00e0 devenir p\u00e8re, est incompatible avec ma fonction politique\u00a0\u00bb, a \u00e9crit le conservateur, pr\u00e9sident du groupe parlementaire CDU\/CSU du chancelier <a href=\"https:\/\/www.20minutes.fr\/monde\/allemagne\/4232383-20260702-allemagne-quoi-vaste-plan-reformes-annonce-chancelier-merz\" target=\"_blank\" class=\"c-link c-link--is-underlined\" rel=\"nofollow noopener\">Friedrich Merz,<\/a> dans une lettre \u00e0 ses coll\u00e8gues.<\/p>\n<\/p>\n<p>Une d\u00e9mission salu\u00e9e par le chancelier<\/p>\n<p>La CDU s\u2019oppose farouchement \u00e0 la gestation pour autrui et a r\u00e9cemment vot\u00e9, lors d\u2019un congr\u00e8s en f\u00e9vrier, en faveur du maintien de l\u2019interdiction en vigueur en Allemagne. Jens Spahn et son mari sont r\u00e9cemment devenus parents gr\u00e2ce \u00e0 une <a href=\"https:\/\/www.20minutes.fr\/monde\/chine\/4205283-20260315-pere-plus-100-enfants-nes-gpa-etats-unis-eldorado-riches-chinois-veulent-famille-xxl\" target=\"_blank\" class=\"c-link c-link--is-underlined\" rel=\"nofollow noopener\">m\u00e8re porteuse aux \u00c9tats-Unis<\/a>, qui \u00e9tait enceinte de 4 mois au moment du congr\u00e8s, selon le quotidien Bild.<\/p>\n<p>Ce samedi, Friedrich Merz a salu\u00e9 la d\u00e9mission de Jens Spahn, une d\u00e9cision selon lui \u00ab\u00a0juste et in\u00e9vitable\u00a0\u00bb. Tout en reconnaissant \u00e0 Jens Spahn le m\u00e9rite d\u2019avoir contribu\u00e9 au retour de la CDU au pouvoir, le chancelier a fait observer que \u00ab\u00a0la cr\u00e9dibilit\u00e9 est le bien le plus pr\u00e9cieux en politique\u00a0\u00bb.<\/p>\n<p>\u00ab\u00a0Un conflit int\u00e9rieur\u00a0\u00bb pour le conservateur<\/p>\n<p>L\u2019annonce du recours du conservateur \u00e0 une m\u00e8re porteuse, jeudi dans la presse allemande, avait imm\u00e9diatement suscit\u00e9 des critiques au sein de la CDU, <a href=\"https:\/\/www.20minutes.fr\/monde\/allemagne\/4235064-20260717-allemagne-chef-deputes-conservateurs-appele-demission-avoir-recours-gpa-etats-unis\" target=\"_blank\" class=\"c-link c-link--is-underlined\" rel=\"nofollow noopener\">certains l\u2019appelant \u00e0 la d\u00e9mission<\/a>, ainsi que des accusations d\u2019hypocrisie de la part d\u2019autres responsables politiques. Vendredi, Jens Spahn avait d\u2019abord tent\u00e9 de se d\u00e9fendre lors d\u2019une interview en podcast accord\u00e9e \u00e0 Bild, affirmant qu\u2019il \u00ab\u00a0avait longtemps \u00e9t\u00e9 en proie \u00e0 un conflit int\u00e9rieur, notamment sur la question de la maternit\u00e9 de substitution\u00a0\u00bb, avant de finalement d\u00e9cider d\u2019avoir un enfant avec cette m\u00e9thode.<\/p>\n<p>Il a finalement d\u00e9clar\u00e9 ce samedi \u00e0 ses coll\u00e8gues que \u00ab\u00a0trouver un \u00e9quilibre entre ma d\u00e9cision personnelle d\u2019avoir un enfant par le biais d\u2019une m\u00e8re porteuse et les attentes compr\u00e9hensibles qui p\u00e8sent sur moi en tant que pr\u00e9sident de notre groupe parlementaire s\u2019est av\u00e9r\u00e9 plus difficile que je ne l\u2019avais pr\u00e9vu\u00a0\u00bb. Les d\u00e9put\u00e9s de l\u2019opposition ont salu\u00e9 sa d\u00e9mission.<\/p>\n<p>La question de la GPA bient\u00f4t discut\u00e9e dans le parti<\/p>\n<p>Pour Luigi Pantisano, l\u2019un des dirigeants du parti d\u2019extr\u00eame gauche Die Linke, la d\u00e9cision de Jens Spahn de faire appel \u00e0 une m\u00e8re porteuse aux \u00c9tats-Unis \u00ab\u00a0r\u00e9v\u00e8le une fois de plus un \u00ab\u00a0deux poids, deux mesures\u00a0\u00bb\u00a0\u00bb. \u00ab\u00a0La loi s\u2019applique toujours aux gens ordinaires, mais pour les hauts responsables politiques, elle ne semble valoir que jusqu\u2019au moment o\u00f9 ils ont suffisamment d\u2019argent pour la contourner \u00e0 l\u2019\u00e9tranger\u00a0\u00bb, a-t-il d\u00e9clar\u00e9 au journal Rheinische Post.<\/p>\n<p>Vendredi, Friedrich Merz avait indiqu\u00e9 que la question ferait l\u2019objet de futures discussions au sein du parti, tout en f\u00e9licitant le d\u00e9put\u00e9 pour la naissance de son enfant. Le chancelier avait \u00e9galement dit ne voir \u00ab\u00a0aucune raison\u00a0\u00bb de modifier la l\u00e9gislation allemande sur la gestation pour autrui, ni de revenir sur l\u2019opposition de longue date de la CDU \u00e0 cette pratique.<\/p>\n","protected":false},"excerpt":{"rendered":"C\u2019est une pol\u00e9mique qui ne passe vraiment pas. Apr\u00e8s des attaques au sein de son propre camp, le&hellip;\n","protected":false},"author":2,"featured_media":1072953,"comment_status":"","ping_status":"","sticky":false,"template":"","format":"standard","meta":{"footnotes":"","_share_on_mastodon":"0"},"categories":[1587],"tags":[47,11,672,1804,3712,1805,13189,422,1803,1777,674,4710,1801,18868,74,12,1802],"class_list":["post-1072952","post","type-post","status-publish","format-standard","has-post-thumbnail","category-allemagne","tag-actualite","tag-actualites","tag-allemagne","tag-bundesrepublik-deutschland","tag-cdu","tag-de","tag-demission","tag-depute","tag-deutschland","tag-eu","tag-europe","tag-friedrich-merz","tag-germany","tag-gpa","tag-monde","tag-news","tag-republique-federale-dallemagne"],"share_on_mastodon":{"url":"https:\/\/pubeurope.com\/@fr\/116941707394756921","error":""},"_links":{"self":[{"href":"https:\/\/www.europesays.com\/fr\/wp-json\/wp\/v2\/posts\/1072952","targetHints":{"allow":["GET"]}}],"collection":[{"href":"https:\/\/www.europesays.com\/fr\/wp-json\/wp\/v2\/posts"}],"about":[{"href":"https:\/\/www.europesays.com\/fr\/wp-json\/wp\/v2\/types\/post"}],"author":[{"embeddable":true,"href":"https:\/\/www.europesays.com\/fr\/wp-json\/wp\/v2\/users\/2"}],"replies":[{"embeddable":true,"href":"https:\/\/www.europesays.com\/fr\/wp-json\/wp\/v2\/comments?post=1072952"}],"version-history":[{"count":0,"href":"https:\/\/www.europesays.com\/fr\/wp-json\/wp\/v2\/posts\/1072952\/revisions"}],"wp:featuredmedia":[{"embeddable":true,"href":"https:\/\/www.europesays.com\/fr\/wp-json\/wp\/v2\/media\/1072953"}],"wp:attachment":[{"href":"https:\/\/www.europesays.com\/fr\/wp-json\/wp\/v2\/media?parent=1072952"}],"wp:term":[{"taxonomy":"category","embeddable":true,"href":"https:\/\/www.europesays.com\/fr\/wp-json\/wp\/v2\/categories?post=1072952"},{"taxonomy":"post_tag","embeddable":true,"href":"https:\/\/www.europesays.com\/fr\/wp-json\/wp\/v2\/tags?post=1072952"}],"curies":[{"name":"wp","href":"https:\/\/api.w.org\/{rel}","templated":true}]}}