{"id":1073054,"date":"2026-07-18T16:45:27","date_gmt":"2026-07-18T16:45:27","guid":{"rendered":"https:\/\/www.europesays.com\/fr\/1073054\/"},"modified":"2026-07-18T16:45:27","modified_gmt":"2026-07-18T16:45:27","slug":"face-a-lukraine-la-russie-recrute-de-force-des-botswanais-pour-combattre-ils-sont-contraints-de-participer-a-des-combats-actifs","status":"publish","type":"post","link":"https:\/\/www.europesays.com\/fr\/1073054\/","title":{"rendered":"Face \u00e0 l&rsquo;Ukraine, la Russie recrute de force des Botswanais pour combattre : \u00ab\u00a0Ils sont contraints de participer \u00e0 des combats actifs\u00a0\u00bb"},"content":{"rendered":"<p class=\"ap-StoryElement ap-StoryElement--mb ap-StoryText\">Le communiqu\u00e9 ne pr\u00e9cise pas combien de Botswanais se trouvent en Russie ou en Ukraine. En d\u00e9cembre, le gouvernement avait indiqu\u00e9 qu&rsquo;au moins deux jeunes Botswanais avaient peut-\u00eatre \u00e9t\u00e9 recrut\u00e9s.<\/p>\n<p><a href=\"https:\/\/www.lalibre.be\/international\/2026\/07\/17\/en-ukraine-le-depart-dun-ministre-provoque-une-onde-de-choc-mykhailo-fedorov-voulait-remettre-de-lordre-PI6ZLV4MBBG5BGLOWM54Y3ODZI\/\" target=\"_self\" class=\"ap-StoryInterstitialLink ap-StoryElement ap-StoryElement--mb\" rel=\"nofollow noopener\">En Ukraine, le d\u00e9part d&rsquo;un ministre provoque une onde de choc: \u00ab\u00a0Mykha\u00eflo Fedorov voulait remettre de l&rsquo;ordre\u00a0\u00bb<\/a><\/p>\n<p class=\"ap-StoryElement ap-StoryElement--mb ap-StoryText\">Mi-f\u00e9vrier, le collectif \u00ab\u00a0All Eyes on <a href=\"https:\/\/www.lalibre.be\/international\/afrique\/2025\/06\/11\/wagner-au-mali-cest-fini-SEV2NF3GD5G4RINS6476XADXFQ\/\" target=\"_blank\" rel=\"noreferrer noopener nofollow\">Wagner<\/a>\u00a0\u00bb (\u00ab\u00a0Tous les yeux sur Wagner\u00a0\u00bb, du nom de l&rsquo;ex-groupe paramilitaire russe \u00e9ponyme) avait publi\u00e9 les noms de plus de 1.400 Africains que Moscou avait recrut\u00e9s entre janvier 2023 et septembre 2025 pour combattre en Ukraine, ajoutant que plus de 300 d&rsquo;entre eux \u00e9taient d\u00e9c\u00e9d\u00e9s.<\/p>\n<p class=\"ap-StoryElement ap-StoryElement--mb ap-StoryText\">Les plus gros contingents venaient d&rsquo;\u00c9gypte, du Cameroun et du Ghana, selon le collectif. Plusieurs pays d&rsquo;Afrique australe ont \u00e9galement signal\u00e9 le recrutement par la Russie de leurs ressortissants.<\/p>\n<p><a href=\"https:\/\/www.lalibre.be\/international\/europe\/guerre-ukraine-russie\/2026\/07\/16\/azov-mer-de-la-guerre-entre-kiev-et-moscou-le-premier-round-de-la-bataille-navale-est-termine-A7DGRJFIEBCXPPOKIUZOM3WUOY\/\" target=\"_self\" class=\"ap-StoryInterstitialLink ap-StoryElement ap-StoryElement--mb\" rel=\"nofollow noopener\">Azov, mer de la guerre entre Kiev et Moscou : \u00ab\u00a0Le premier round de la bataille navale est termin\u00e9\u00a0\u00bb<\/a><\/p>\n<p class=\"ap-StoryElement ap-StoryElement--mb ap-StoryText\">La Russie a lanc\u00e9 une offensive \u00e0 grande \u00e9chelle contre l&rsquo;Ukraine le 24 f\u00e9vrier 2022 sur l&rsquo;ordre du pr\u00e9sident russe Vladimir Poutine, qui esp\u00e9rait une capitulation rapide. Le conflit a fait des dizaines voire des centaines de milliers de morts. Les efforts diplomatiques sont au point mort.<\/p>\n","protected":false},"excerpt":{"rendered":"Le communiqu\u00e9 ne pr\u00e9cise pas combien de Botswanais se trouvent en Russie ou en Ukraine. En d\u00e9cembre, le&hellip;\n","protected":false},"author":2,"featured_media":1073055,"comment_status":"","ping_status":"","sticky":false,"template":"","format":"standard","meta":{"footnotes":"","_share_on_mastodon":"0"},"categories":[1591],"tags":[11,60092,2120,1887,12,1885,1886,132,220],"class_list":["post-1073054","post","type-post","status-publish","format-standard","has-post-thumbnail","category-russie","tag-actualites","tag-botswana","tag-conflit","tag-federation-de-russie","tag-news","tag-russia","tag-russian-federation","tag-russie","tag-ukraine"],"share_on_mastodon":{"url":"https:\/\/pubeurope.com\/@fr\/116941994665418194","error":""},"_links":{"self":[{"href":"https:\/\/www.europesays.com\/fr\/wp-json\/wp\/v2\/posts\/1073054","targetHints":{"allow":["GET"]}}],"collection":[{"href":"https:\/\/www.europesays.com\/fr\/wp-json\/wp\/v2\/posts"}],"about":[{"href":"https:\/\/www.europesays.com\/fr\/wp-json\/wp\/v2\/types\/post"}],"author":[{"embeddable":true,"href":"https:\/\/www.europesays.com\/fr\/wp-json\/wp\/v2\/users\/2"}],"replies":[{"embeddable":true,"href":"https:\/\/www.europesays.com\/fr\/wp-json\/wp\/v2\/comments?post=1073054"}],"version-history":[{"count":0,"href":"https:\/\/www.europesays.com\/fr\/wp-json\/wp\/v2\/posts\/1073054\/revisions"}],"wp:featuredmedia":[{"embeddable":true,"href":"https:\/\/www.europesays.com\/fr\/wp-json\/wp\/v2\/media\/1073055"}],"wp:attachment":[{"href":"https:\/\/www.europesays.com\/fr\/wp-json\/wp\/v2\/media?parent=1073054"}],"wp:term":[{"taxonomy":"category","embeddable":true,"href":"https:\/\/www.europesays.com\/fr\/wp-json\/wp\/v2\/categories?post=1073054"},{"taxonomy":"post_tag","embeddable":true,"href":"https:\/\/www.europesays.com\/fr\/wp-json\/wp\/v2\/tags?post=1073054"}],"curies":[{"name":"wp","href":"https:\/\/api.w.org\/{rel}","templated":true}]}}