{"id":1073077,"date":"2026-07-18T16:58:26","date_gmt":"2026-07-18T16:58:26","guid":{"rendered":"https:\/\/www.europesays.com\/fr\/1073077\/"},"modified":"2026-07-18T16:58:26","modified_gmt":"2026-07-18T16:58:26","slug":"tennis-cavalier-seul-et-combat-enorme-heloise-fourny-et-mathieu-bolot-maitres-a-colmar","status":"publish","type":"post","link":"https:\/\/www.europesays.com\/fr\/1073077\/","title":{"rendered":"Tennis. Cavalier seul et\u00a0combat \u00e9norme : H\u00e9lo\u00efse Fourny et Mathieu Bolot ma\u00eetres \u00e0 Colmar"},"content":{"rendered":"<p>C\u2019est le remake de <a href=\"https:\/\/www.dna.fr\/sport\/2025\/07\/18\/les-colmariens-maitres-a-domicile\" target=\"_blank\" rel=\"nofollow noopener\">la finale de l\u2019an dernier<\/a> qui a \u00e9t\u00e9 propos\u00e9 au public colmarien vendredi soir \u00e0 l\u2019occasion de la finale hommes puisque Franck Pepe (-2\/6, TC Illberg) et Matthieu Bolot (-2\/6, SR Colmar) ont crois\u00e9 le fer.<\/p>\n<p>Ce dernier inscrit, une nouvelle fois, son nom au palmar\u00e8s en s\u2019imposant 7-6 (7\/5), 6-3, alors que sa partenaire en club, Valentina Jovicic (4\/6, SR Colmar), a \u00e9t\u00e9 balay\u00e9e par H\u00e9lo\u00efse Fourny (4\/6, ASM Belfort) en deux sets, 6-3, 6-0.<\/p>\n<p>Bolot\u200a: \u00ab\u200aOn se conna\u00eet par c\u0153ur\u200a\u00bb<\/p>\n<p>Parti fort en menant 3-0 et en d\u00e9ployant un beau tennis, Franck Pepe a su conserver son rythme mais c\u2019est surtout Matthieu Bolot qui a&#8230;<\/p>\n","protected":false},"excerpt":{"rendered":"C\u2019est le remake de la finale de l\u2019an dernier qui a \u00e9t\u00e9 propos\u00e9 au public colmarien vendredi soir&hellip;\n","protected":false},"author":2,"featured_media":1073078,"comment_status":"","ping_status":"","sticky":false,"template":"","format":"standard","meta":{"footnotes":"","_share_on_mastodon":"0"},"categories":[1415],"tags":[5065,2413,107,1011,27,1637,517,60,1467],"class_list":["post-1073077","post","type-post","status-publish","format-standard","has-post-thumbnail","category-tennis","tag-colmar","tag-edition-colmar-guebwiller","tag-fil-info","tag-fr","tag-france","tag-haut-rhin","tag-sport","tag-sports","tag-tennis"],"share_on_mastodon":{"url":"https:\/\/pubeurope.com\/@fr\/116942045469406182","error":""},"_links":{"self":[{"href":"https:\/\/www.europesays.com\/fr\/wp-json\/wp\/v2\/posts\/1073077","targetHints":{"allow":["GET"]}}],"collection":[{"href":"https:\/\/www.europesays.com\/fr\/wp-json\/wp\/v2\/posts"}],"about":[{"href":"https:\/\/www.europesays.com\/fr\/wp-json\/wp\/v2\/types\/post"}],"author":[{"embeddable":true,"href":"https:\/\/www.europesays.com\/fr\/wp-json\/wp\/v2\/users\/2"}],"replies":[{"embeddable":true,"href":"https:\/\/www.europesays.com\/fr\/wp-json\/wp\/v2\/comments?post=1073077"}],"version-history":[{"count":0,"href":"https:\/\/www.europesays.com\/fr\/wp-json\/wp\/v2\/posts\/1073077\/revisions"}],"wp:featuredmedia":[{"embeddable":true,"href":"https:\/\/www.europesays.com\/fr\/wp-json\/wp\/v2\/media\/1073078"}],"wp:attachment":[{"href":"https:\/\/www.europesays.com\/fr\/wp-json\/wp\/v2\/media?parent=1073077"}],"wp:term":[{"taxonomy":"category","embeddable":true,"href":"https:\/\/www.europesays.com\/fr\/wp-json\/wp\/v2\/categories?post=1073077"},{"taxonomy":"post_tag","embeddable":true,"href":"https:\/\/www.europesays.com\/fr\/wp-json\/wp\/v2\/tags?post=1073077"}],"curies":[{"name":"wp","href":"https:\/\/api.w.org\/{rel}","templated":true}]}}