{"id":10731,"date":"2025-04-08T17:14:11","date_gmt":"2025-04-08T17:14:11","guid":{"rendered":"https:\/\/www.europesays.com\/fr\/10731\/"},"modified":"2025-04-08T17:14:11","modified_gmt":"2025-04-08T17:14:11","slug":"le-mois-de-mars-2025-a-ete-le-plus-chaud-jamais-enregistre-en-europe-liberation","status":"publish","type":"post","link":"https:\/\/www.europesays.com\/fr\/10731\/","title":{"rendered":"Le mois de mars\u00a02025 a \u00e9t\u00e9 le plus chaud jamais enregistr\u00e9 en Europe \u2013 Lib\u00e9ration"},"content":{"rendered":"<p class=\"sc-cPiKLX AiZTS text-element\">En Europe, le mois de mars 2025 a \u00e9t\u00e9 le plus chaud jamais enregistr\u00e9 depuis l\u2019\u00e8re pr\u00e9industrielle. Selon un rapport de l\u2019observatoire europ\u00e9en Copernicus publi\u00e9 ce mardi 8 avril, les temp\u00e9ratures ont \u00e9t\u00e9 majoritairement sup\u00e9rieures \u00e0 la moyenne sur l\u2019ensemble du Vieux Continent, les anomalies chaudes les plus importantes ayant \u00e9t\u00e9 relev\u00e9es en Europe de l\u2019Est et dans le sud-ouest de la Russie. Seule la p\u00e9ninsule ib\u00e9rique a connu un mercure plus froid que la moyenne. Mais le temps n\u2019y a pas \u00e9t\u00e9 cl\u00e9ment pour autant : la majeure partie de l\u2019Europe du Sud a connu des conditions tr\u00e8s humides, notamment l\u2019Espagne et le Portugal, qui ont \u00e9t\u00e9 frapp\u00e9s par une s\u00e9rie de temp\u00eates, <a href=\"https:\/\/www.liberation.fr\/international\/europe\/espagne-a-valence-trois-mois-apres-les-inondations-224-morts-un-responsable-20250221_DAFDHMQ7PBAB3EYYWSN6P6G7FY\/\" target=\"_blank\" rel=\"nofollow noopener\">causant de vastes inondations<\/a>.<\/p>\n<p class=\"sc-cPiKLX AiZTS text-element\">Plus au nord, la Norv\u00e8ge, certaines parties de l\u2019Islande et le nord-ouest de la Russie ont \u00e9galement \u00e9t\u00e9 plus humides que la moyenne. A l\u2019inverse, le temps a \u00e9t\u00e9 plus sec au Royaume-Uni et en Irlande, ainsi que sur une large bande d\u2019Europe centrale s\u2019\u00e9tendant jusqu\u2019\u00e0 la mer Noire, la Gr\u00e8ce et la Turquie. \u00abCe mois a \u00e9t\u00e9 marqu\u00e9 par des pr\u00e9cipitations extr\u00eames et contrast\u00e9es dans toute l\u2019Europe, de nombreuses r\u00e9gions ayant connu le mois de mars le plus sec jamais enregistr\u00e9, tandis que d\u2019autres ont connu le mois de mars le plus humide jamais enregistr\u00e9 au cours des quarante-sept derni\u00e8res ann\u00e9es au moins\u00bb, a comment\u00e9 la directrice adjointe du service changement climatique de Copernicus, Samantha Burgess.<\/p>\n<p class=\"sc-cPiKLX AiZTS text-element\">Ailleurs dans le monde, les temp\u00e9ratures ont \u00e9t\u00e9 plus \u00e9lev\u00e9es que la moyenne sur de grandes parties de l\u2019Arctique, en particulier au Canada, mais aussi aux Etats-Unis, au Mexique, dans certaines parties de l\u2019Asie et en Australie. R\u00e9sultat, mars 2025 a \u00e9t\u00e9 le deuxi\u00e8me plus chaud au niveau mondial \u2013 juste derri\u00e8re 2024 \u2013 avec une temp\u00e9rature moyenne de 14,06 \u00b0C, soit 1,6 \u00b0C au-dessus du niveau pr\u00e9industriel <a href=\"https:\/\/www.liberation.fr\/societe\/beaucoup-de-soleil-au-nord-beaucoup-de-nuages-au-sud-le-temps-du-mois-de-mars-a-ete-a-linverse-de-tout-ce-que-lon-connait-explique-meteo-france-20250401_MNWSXCZWHFBIBHNLE2XICVQCSY\/\" target=\"_blank\" rel=\"nofollow noopener\">pour un tel mois<\/a>.<\/p>\n<p class=\"sc-cPiKLX AiZTS text-element\">Ainsi, c\u2019est la vingti\u00e8me fois au cours des vingt-et-un derniers mois que la temp\u00e9rature mensuelle <a href=\"https:\/\/www.liberation.fr\/environnement\/climat\/rechauffement-climatique-plus-les-mois-et-les-annees-passent-plus-la-fenetre-des-15c-se-referme-20240208_YGV4QTNUQJCUJDDKDMVTGVIYWQ\/\" target=\"_blank\" rel=\"nofollow noopener\">d\u00e9passe plus d\u20191,5\u00b0C de r\u00e9chauffement<\/a> par rapport \u00e0 l\u2019\u00e8re pr\u00e9industrielle, d\u00e9passant ainsi l\u2019objectif le plus ambitieux de l\u2019accord de Paris pour garder un climat viable. Toutefois, cette limite \u00e0 ne pas franchir n\u2019est pas encore officiellement d\u00e9pass\u00e9e : pour cela, il faut que la temp\u00e9rature moyenne de l\u2019ann\u00e9e soit sup\u00e9rieure \u00e0 + 1,5 \u00b0C deux ann\u00e9es sur trois sur plusieurs d\u00e9cennies.<\/p>\n<p class=\"sc-cPiKLX AiZTS text-element\">Les mers aussi ont \u00e9t\u00e9 <a href=\"https:\/\/www.liberation.fr\/environnement\/climat\/climat-pourquoi-locean-atlantique-est-en-surchauffe-20240604_3GIADTGIQVHVXO7VTAYCI5I6LU\/\" target=\"_blank\" rel=\"nofollow noopener\">en surchauffe<\/a> en mars : la temp\u00e9rature moyenne des oc\u00e9ans \u00e9tait de 20,96 \u00b0C, la deuxi\u00e8me valeur la plus \u00e9lev\u00e9e jamais enregistr\u00e9e pour ce mois, apr\u00e8s mars 2024.<\/p>\n<p class=\"sc-cPiKLX AiZTS text-element\">Du c\u00f4t\u00e9 de <a href=\"https:\/\/www.liberation.fr\/environnement\/climat\/le-pic-de-la-banquise-arctique-mesure-en-2025-est-le-plus-bas-jamais-enregistre-par-les-satellites-20250327_LEP2R2YSVNBZJKHYSL5EGVLYKQ\/\" target=\"_blank\" rel=\"nofollow noopener\">la banquise<\/a> \u00e9galement, les donn\u00e9es sont alarmantes. Ce mois-ci, la glace de mer de l\u2019Arctique a atteint son \u00e9tendue mensuelle la plus faible depuis quarante-sept ans d\u2019enregistrement par satellite, soit 6 % de moins que la moyenne. C\u2019est le quatri\u00e8me mois cons\u00e9cutif que la banquise bat des records de faible \u00e9tendue pour cette p\u00e9riode de l\u2019ann\u00e9e. Et comme la glace de mer arctique atteint habituellement son apog\u00e9e en mars, ce mois tout juste termin\u00e9 marque donc la plus faible surface de glace hivernale jamais r\u00e9pertori\u00e9e. De l\u2019autre c\u00f4t\u00e9 du globe, la glace de mer de l\u2019Antarctique fait \u00e0 peine mieux et enregistre sa quatri\u00e8me plus faible \u00e9tendue mensuelle en mars, avec 24 % de moins que la moyenne.<\/p>\n","protected":false},"excerpt":{"rendered":"En Europe, le mois de mars 2025 a \u00e9t\u00e9 le plus chaud jamais enregistr\u00e9 depuis l\u2019\u00e8re pr\u00e9industrielle. Selon&hellip;\n","protected":false},"author":2,"featured_media":10732,"comment_status":"","ping_status":"","sticky":false,"template":"","format":"standard","meta":{"footnotes":""},"categories":[1586],"tags":[11,1777,674,1011,27,12,5140,25],"class_list":{"0":"post-10731","1":"post","2":"type-post","3":"status-publish","4":"format-standard","5":"has-post-thumbnail","7":"category-europe","8":"tag-actualites","9":"tag-eu","10":"tag-europe","11":"tag-fr","12":"tag-france","13":"tag-news","14":"tag-rechauffement-climatique","15":"tag-republique-francaise"},"share_on_mastodon":{"url":"https:\/\/pubeurope.com\/@fr\/114303471795506366","error":""},"_links":{"self":[{"href":"https:\/\/www.europesays.com\/fr\/wp-json\/wp\/v2\/posts\/10731","targetHints":{"allow":["GET"]}}],"collection":[{"href":"https:\/\/www.europesays.com\/fr\/wp-json\/wp\/v2\/posts"}],"about":[{"href":"https:\/\/www.europesays.com\/fr\/wp-json\/wp\/v2\/types\/post"}],"author":[{"embeddable":true,"href":"https:\/\/www.europesays.com\/fr\/wp-json\/wp\/v2\/users\/2"}],"replies":[{"embeddable":true,"href":"https:\/\/www.europesays.com\/fr\/wp-json\/wp\/v2\/comments?post=10731"}],"version-history":[{"count":0,"href":"https:\/\/www.europesays.com\/fr\/wp-json\/wp\/v2\/posts\/10731\/revisions"}],"wp:featuredmedia":[{"embeddable":true,"href":"https:\/\/www.europesays.com\/fr\/wp-json\/wp\/v2\/media\/10732"}],"wp:attachment":[{"href":"https:\/\/www.europesays.com\/fr\/wp-json\/wp\/v2\/media?parent=10731"}],"wp:term":[{"taxonomy":"category","embeddable":true,"href":"https:\/\/www.europesays.com\/fr\/wp-json\/wp\/v2\/categories?post=10731"},{"taxonomy":"post_tag","embeddable":true,"href":"https:\/\/www.europesays.com\/fr\/wp-json\/wp\/v2\/tags?post=10731"}],"curies":[{"name":"wp","href":"https:\/\/api.w.org\/{rel}","templated":true}]}}