{"id":107314,"date":"2025-05-17T16:02:11","date_gmt":"2025-05-17T16:02:11","guid":{"rendered":"https:\/\/www.europesays.com\/fr\/107314\/"},"modified":"2025-05-17T16:02:11","modified_gmt":"2025-05-17T16:02:11","slug":"fete-de-leurope-2025-lunion-europeenne-et-la-cote-divoire-font-la-revue-de-leur-cooperation","status":"publish","type":"post","link":"https:\/\/www.europesays.com\/fr\/107314\/","title":{"rendered":"F\u00eate de l\u2019Europe 2025 : L\u2019Union europ\u00e9enne et la C\u00f4te d\u2019Ivoire font la revue de leur coop\u00e9ration"},"content":{"rendered":"<p>Le 9 mai est d\u00e9di\u00e9 \u00e0 la Journ\u00e9e de l\u2019Europe. A l\u2019occasion de la c\u00e9l\u00e9bration de cet \u00e9v\u00e8nement en C\u00f4te d\u2019Ivoire, dans la soir\u00e9e du jeudi 15 mai 2025, \u00e0 la Biblioth\u00e8que nationale d&rsquo;Abidjan-Plateau, l\u2019Union europ\u00e9enne et la C\u00f4te d\u2019Ivoire ont revisit\u00e9 leur relation.Pour l\u2019ambassadrice de l\u2019Ue en C\u00f4te d\u2019Ivoire, Francesca Di Mauro, les relations demeurent \u00ab excellentes et solides depuis 1961 \u00bb. Car selon elle, cette coop\u00e9ration est bas\u00e9e sur le respect mutuel et la confiance. Les nombreuses visites de haut niveau le t\u00e9moignent, affirme-t-elle. Et d\u2019ailleurs, la semaine prochaine (Ndlr : la semaine du 19 mai 2025), la C\u00f4te d\u2019Ivoire accueillera le pr\u00e9sident du Conseil europ\u00e9en, Antonio Costa.<\/p>\n<p>En ce qui concerne le volet \u00e9conomique, la diplomate soutient que l\u2019Ue, en tant que bloc douanier, reste \u00ab le premier partenaire commercial et le premier investisseur de la C\u00f4te d\u2019Ivoire \u00bb.<\/p>\n<p>Cela est possible gr\u00e2ce \u00e0 l\u2019Accord de partenariat \u00e9conomique. Ainsi, les biens ivoiriens export\u00e9s vers l\u2019Europe b\u00e9n\u00e9ficient \u00ab d\u2019un tarif douanier de z\u00e9ro pour cent \u00bb. Elle se f\u00e9licite que la C\u00f4te d\u2019Ivoire lib\u00e9ralise son march\u00e9 et que beaucoup d\u2019\u00e9quipements industriels europ\u00e9ens pourront faire leur entr\u00e9e en terre ivoirienne \u00ab sans droits de douane \u00bb.<\/p>\n<p>L\u2019ann\u00e9e 2025 sera marqu\u00e9e par l\u2019organisation de l\u2019\u00e9lection pr\u00e9sidentielle. L\u2019Union europ\u00e9enne \u00e0 travers son ambassadrice en C\u00f4te d\u2019Ivoire dit soutenir une seule candidate : Celle de \u00ab la coh\u00e9sion sociale \u00bb.<\/p>\n<p>Elle souhaite que cette \u00e9lection soit inclusive de sorte que toutes les parties y participent librement. \u00ab Le souhait de l\u2019Ue est de voir des \u00e9lections apais\u00e9es et cr\u00e9dibles, auxquelles toutes les forces politiques se sentent libres de participer \u00bb, a-t-elle soulign\u00e9.<\/p>\n<p>Le ministre des Affaires \u00e9trang\u00e8res, de l\u2019Int\u00e9gration africaine et des Ivoiriens de l&rsquo;ext\u00e9rieur, Kacou Houadja L\u00e9on Adom, a salu\u00e9 \u00ab la qualit\u00e9 exceptionnelle \u00bb du partenariat multiforme et multisectoriel entre son pays et l\u2019Union europ\u00e9enne. Ce partenariat a \u00e9t\u00e9 \u00e9tabli, dit-il, sur un engagement commun pour un d\u00e9veloppement durable et prosp\u00e8re.<\/p>\n<p>\u00ab En effet, la C\u00f4te d\u2019Ivoire et l\u2019Europe ont b\u00e2ti au fil des ann\u00e9es une relation solide et dynamique, reposant non seulement sur des \u00e9changes \u00e9conomiques et culturels, mais aussi sur un dialogue politique riche et constructif \u00bb, a-t-il rappel\u00e9.<\/p>\n<p>Kacou Houadja L\u00e9on Adom a dit l\u2019engagement de la C\u00f4te d\u2019Ivoire a toujours \u00eatre aux c\u00f4t\u00e9s de l\u2019Ue pour renforcer davantage la coop\u00e9ration dans tous les domaines structurants, pour un partenariat toujours plus b\u00e9n\u00e9fique.<\/p>\n<p>Partage de mets issus de la gastronomie europ\u00e9enne, danses, expositions ont \u00e9galement meubl\u00e9 la soir\u00e9e.<\/p>\n","protected":false},"excerpt":{"rendered":"Le 9 mai est d\u00e9di\u00e9 \u00e0 la Journ\u00e9e de l\u2019Europe. A l\u2019occasion de la c\u00e9l\u00e9bration de cet \u00e9v\u00e8nement&hellip;\n","protected":false},"author":2,"featured_media":107315,"comment_status":"","ping_status":"","sticky":false,"template":"","format":"standard","meta":{"footnotes":""},"categories":[1586],"tags":[17,11,10463,3136,22488,1805,12219,1777,674,1779,4538,4768,7234,1011,27,4743,1808,4537,3289,12,25,4053,1778,364],"class_list":{"0":"post-107314","1":"post","2":"type-post","3":"status-publish","4":"format-standard","5":"has-post-thumbnail","7":"category-europe","8":"tag-17","9":"tag-actualites","10":"tag-cooperation","11":"tag-cote","12":"tag-divoire","13":"tag-de","14":"tag-et","15":"tag-eu","16":"tag-europe","17":"tag-european-union","18":"tag-europeenne","19":"tag-fete","20":"tag-font","21":"tag-fr","22":"tag-france","23":"tag-la","24":"tag-leurope","25":"tag-lunion","26":"tag-leur","27":"tag-news","28":"tag-republique-francaise","29":"tag-revue","30":"tag-ue","31":"tag-union-europeenne"},"share_on_mastodon":{"url":"https:\/\/pubeurope.com\/@fr\/114524020334965439","error":""},"_links":{"self":[{"href":"https:\/\/www.europesays.com\/fr\/wp-json\/wp\/v2\/posts\/107314","targetHints":{"allow":["GET"]}}],"collection":[{"href":"https:\/\/www.europesays.com\/fr\/wp-json\/wp\/v2\/posts"}],"about":[{"href":"https:\/\/www.europesays.com\/fr\/wp-json\/wp\/v2\/types\/post"}],"author":[{"embeddable":true,"href":"https:\/\/www.europesays.com\/fr\/wp-json\/wp\/v2\/users\/2"}],"replies":[{"embeddable":true,"href":"https:\/\/www.europesays.com\/fr\/wp-json\/wp\/v2\/comments?post=107314"}],"version-history":[{"count":0,"href":"https:\/\/www.europesays.com\/fr\/wp-json\/wp\/v2\/posts\/107314\/revisions"}],"wp:featuredmedia":[{"embeddable":true,"href":"https:\/\/www.europesays.com\/fr\/wp-json\/wp\/v2\/media\/107315"}],"wp:attachment":[{"href":"https:\/\/www.europesays.com\/fr\/wp-json\/wp\/v2\/media?parent=107314"}],"wp:term":[{"taxonomy":"category","embeddable":true,"href":"https:\/\/www.europesays.com\/fr\/wp-json\/wp\/v2\/categories?post=107314"},{"taxonomy":"post_tag","embeddable":true,"href":"https:\/\/www.europesays.com\/fr\/wp-json\/wp\/v2\/tags?post=107314"}],"curies":[{"name":"wp","href":"https:\/\/api.w.org\/{rel}","templated":true}]}}