{"id":107328,"date":"2025-05-17T16:12:10","date_gmt":"2025-05-17T16:12:10","guid":{"rendered":"https:\/\/www.europesays.com\/fr\/107328\/"},"modified":"2025-05-17T16:12:10","modified_gmt":"2025-05-17T16:12:10","slug":"oscar-piastri-decroche-la-pole-au-terme-dune-seance-chaotique-a-imola","status":"publish","type":"post","link":"https:\/\/www.europesays.com\/fr\/107328\/","title":{"rendered":"Oscar Piastri d\u00e9croche la pole au terme d\u2019une s\u00e9ance chaotique \u00e0 Imola"},"content":{"rendered":"<p>Oscar Piastri s\u2019est offert une nouvelle pole position en F1, offrant \u00e0 McLaren sa premi\u00e8re pole \u00e0 Imola depuis Kimi R\u00e4ikk\u00f6nen en 2005. L\u2019Australien a devanc\u00e9 Max Verstappen de 34 milli\u00e8mes \u00e0 l\u2019issue d\u2019une s\u00e9ance de qualifications perturb\u00e9e par deux violents accidents.<\/p>\n<p>La Q1 a \u00e9t\u00e9 suspendue \u00e0 deux reprises, d\u2019abord apr\u00e8s l\u2019impressionnant accident de Yuki Tsunoda dans la chicane Villeneuve. Le pilote Red Bull a perdu le contr\u00f4le en escaladant un vibreur, sa voiture effectuant plusieurs tonneaux avant de s\u2019immobiliser. Transport\u00e9 au centre m\u00e9dical, Tsunoda a \u00e9t\u00e9 d\u00e9clar\u00e9 apte \u00e0 courir mais reste class\u00e9 non qualifi\u00e9, faute de temps chronom\u00e9tr\u00e9.<\/p>\n<p>Peu apr\u00e8s la reprise, Franco <a href=\"https:\/\/f1only.fr\/montoya-debat-alpine-colapinto-aron\/\" target=\"_blank\" rel=\"noopener\">Colapinto<\/a> a, lui aussi, violemment tap\u00e9 les barri\u00e8res au virage de Tamburello apr\u00e8s une erreur d\u2019appr\u00e9ciation, provoquant un second drapeau rouge. Le pilote Alpine s\u2019\u00e9tait d\u00e9j\u00e0 illustr\u00e9 plus t\u00f4t en roulant \u00e0 vitesse r\u00e9duite en bout de voie des stands, incident qui lui a valu une convocation chez les commissaires.<\/p>\n<p>L\u2019accident de Colapinto a eu une incidence directe sur le sort d\u2019Ollie Bearman. Le Britannique, initialement qualifi\u00e9 en Q2, a vu son temps annul\u00e9, la direction de course estimant qu\u2019il avait franchi la ligne de chronom\u00e9trage apr\u00e8s le d\u00e9clenchement des drapeaux rouges. Ce d\u00e9classement, jug\u00e9 litigieux, a provoqu\u00e9 un long d\u00e9lai avant le lancement de la Q2.<\/p>\n<p>La Scuderia Ferrari, tr\u00e8s attendue \u00e0 domicile, a v\u00e9cu une v\u00e9ritable d\u00e9sillusion : Charles <a href=\"https:\/\/f1only.fr\/charles-leclerc-ajustements-extremes-ferrari-2025\/\" target=\"_blank\" rel=\"noopener\">Leclerc<\/a> et Lewis Hamilton, en difficult\u00e9, ont \u00e9t\u00e9 \u00e9limin\u00e9s d\u00e8s la Q2. Respectivement 11e et 12e, ils ont \u00e9t\u00e9 devanc\u00e9s par les Aston Martin de Lance Stroll et Fernando Alonso, qui ont sign\u00e9 leurs tours avec des pneus m\u00e9diums.<\/p>\n<p style=\"text-align: center;\"><a href=\"https:\/\/f1only.fr\/f1-resultat-classement-qualifications-grand-prix-emilie-romagne\/\" target=\"_blank\" rel=\"noopener\">Le classement des qualifications \u00e0 Imola\u00a0<\/a><\/p>\n<p>Kimi Antonelli, local de l\u2019\u00e9tape, a lui aussi \u00e9t\u00e9 \u00e9cart\u00e9 en Q2 (13e), tout comme Gabriel Bortoleto (14e). Colapinto, accident\u00e9, n\u2019a pas pris part \u00e0 ce segment.<\/p>\n<p>En Q3, Verstappen a d\u2019abord pris l\u2019avantage avec un tour en 1:14.704, devant Piastri et Norris. Mais dans le dernier run, malgr\u00e9 le trafic, Piastri a r\u00e9ussi \u00e0 am\u00e9liorer en 1:14.670, subtilisant la pole pour 0,034 seconde.<\/p>\n<p>George Russell a devanc\u00e9 Lando Norris pour s\u2019adjuger la troisi\u00e8me place, profitant d\u2019une erreur du Britannique. Fernando Alonso compl\u00e8te le top 5 devant Norris.<\/p>\n<p>Carlos Sainz, Alex Albon, Lance Stroll, Isack Hadjar et Pierre Gasly compl\u00e8tent le top 10 d\u2019une s\u00e9ance mouvement\u00e9e et riche en rebondissements.<\/p>\n","protected":false},"excerpt":{"rendered":"Oscar Piastri s\u2019est offert une nouvelle pole position en F1, offrant \u00e0 McLaren sa premi\u00e8re pole \u00e0 Imola&hellip;\n","protected":false},"author":2,"featured_media":107329,"comment_status":"","ping_status":"","sticky":false,"template":"","format":"standard","meta":{"footnotes":""},"categories":[1412],"tags":[5080,5081,1451,5083,5084,5085,5086,5087,2251,5088,1452,1453,1454,1455,1011,27,5089,5090,2255,60,5091,3030],"class_list":{"0":"post-107328","1":"post","2":"type-post","3":"status-publish","4":"format-standard","5":"has-post-thumbnail","7":"category-f1","8":"tag-actualites-f1","9":"tag-actuf1","10":"tag-f1","11":"tag-f1-actu","12":"tag-f1-direct","13":"tag-f1-live","14":"tag-f1-news","15":"tag-f1news","16":"tag-ferrari","17":"tag-fia","18":"tag-formula-1","19":"tag-formula1","20":"tag-formule-1","21":"tag-formule1","22":"tag-fr","23":"tag-france","24":"tag-news-f1","25":"tag-newsf1","26":"tag-red-bull","27":"tag-sports","28":"tag-tip","29":"tag-top"},"share_on_mastodon":{"url":"https:\/\/pubeurope.com\/@fr\/114524057998400854","error":""},"_links":{"self":[{"href":"https:\/\/www.europesays.com\/fr\/wp-json\/wp\/v2\/posts\/107328","targetHints":{"allow":["GET"]}}],"collection":[{"href":"https:\/\/www.europesays.com\/fr\/wp-json\/wp\/v2\/posts"}],"about":[{"href":"https:\/\/www.europesays.com\/fr\/wp-json\/wp\/v2\/types\/post"}],"author":[{"embeddable":true,"href":"https:\/\/www.europesays.com\/fr\/wp-json\/wp\/v2\/users\/2"}],"replies":[{"embeddable":true,"href":"https:\/\/www.europesays.com\/fr\/wp-json\/wp\/v2\/comments?post=107328"}],"version-history":[{"count":0,"href":"https:\/\/www.europesays.com\/fr\/wp-json\/wp\/v2\/posts\/107328\/revisions"}],"wp:featuredmedia":[{"embeddable":true,"href":"https:\/\/www.europesays.com\/fr\/wp-json\/wp\/v2\/media\/107329"}],"wp:attachment":[{"href":"https:\/\/www.europesays.com\/fr\/wp-json\/wp\/v2\/media?parent=107328"}],"wp:term":[{"taxonomy":"category","embeddable":true,"href":"https:\/\/www.europesays.com\/fr\/wp-json\/wp\/v2\/categories?post=107328"},{"taxonomy":"post_tag","embeddable":true,"href":"https:\/\/www.europesays.com\/fr\/wp-json\/wp\/v2\/tags?post=107328"}],"curies":[{"name":"wp","href":"https:\/\/api.w.org\/{rel}","templated":true}]}}