{"id":1073337,"date":"2026-07-18T19:49:21","date_gmt":"2026-07-18T19:49:21","guid":{"rendered":"https:\/\/www.europesays.com\/fr\/1073337\/"},"modified":"2026-07-18T19:49:21","modified_gmt":"2026-07-18T19:49:21","slug":"guerre-en-ukraine-visite-de-la-ministre-nord-coreenne-des-affaires-etrangeres-a-moscou-des-botswanais-sur-le-front-russe","status":"publish","type":"post","link":"https:\/\/www.europesays.com\/fr\/1073337\/","title":{"rendered":"Guerre en Ukraine\u00a0: Visite de la ministre nord-cor\u00e9enne des Affaires \u00e9trang\u00e8res \u00e0 Moscou, des Botswanais sur le front russe"},"content":{"rendered":"<p>Vous avez rat\u00e9 les derniers \u00e9v\u00e9nements sur la <a href=\"https:\/\/www.20minutes.fr\/monde\/ukraine\/\" class=\"c-link c-link--is-underlined\" rel=\"nofollow noopener\" target=\"_blank\">guerre en Ukraine<\/a>\u00a0? 20 Minutes fait le point pour vous tous les soirs. Voici l\u2019essentiel de ce samedi 18\u00a0juillet 2026, 1.605e jour du conflit.<\/p>\n<p>Le fait du jour<\/p>\n<p>La ministre nord-cor\u00e9enne des Affaires \u00e9trang\u00e8res Choe Son Hui est en visite officielle en <a href=\"https:\/\/www.20minutes.fr\/monde\/russie\/\" class=\"c-link c-link--is-underlined\" rel=\"nofollow noopener\" target=\"_blank\">Russie<\/a> samedi, sur invitation de son homologue, a annonc\u00e9 la diplomatie russe, alors que les deux alli\u00e9s renforcent leurs liens depuis l\u2019offensive en Ukraine.<\/p>\n<p>\u00ab\u00a0La ministre des Affaires \u00e9trang\u00e8res de la R\u00e9publique populaire d\u00e9mocratique de Cor\u00e9e Choe Son Hui arrivera en F\u00e9d\u00e9ration de Russie le 18\u00a0juillet pour une visite officielle \u00e0 l\u2019invitation\u00a0\u00bb de <a href=\"https:\/\/www.20minutes.fr\/monde\/serguei-lavrov\/\" class=\"c-link c-link--is-underlined\" rel=\"nofollow noopener\" target=\"_blank\">Sergue\u00ef Lavrov<\/a>, selon un communiqu\u00e9 du minist\u00e8re russe, utilisant le nom officiel de la Cor\u00e9e du Nord.<\/p>\n<p>La Chine est le principal soutien \u00e9conomique du pays, mais <a href=\"https:\/\/www.20minutes.fr\/monde\/pyongyang\/\" class=\"c-link c-link--is-underlined\" rel=\"nofollow noopener\" target=\"_blank\">Pyongyang<\/a> se rapproche aussi de Moscou depuis le d\u00e9but de l\u2019offensive russe \u00e0 grande \u00e9chelle en Ukraine en\u00a02022. A l\u2019occasion d\u2019une visite du pr\u00e9sident russe Vladimir Poutine en Cor\u00e9e du Nord, les deux pays avaient conclu en\u00a02024 un accord de d\u00e9fense. Pyongyang a envoy\u00e9 des troupes terrestres dans la r\u00e9gion russe de Koursk et des syst\u00e8mes d\u2019armement pour soutenir l\u2019effort de guerre russe en Ukraine.<\/p>\n<p>Le chiffre du jour<\/p>\n<p>Huit. C\u2019est le bilan du nombre de morts en Russie apr\u00e8s une attaque de drones ukrainienne. L\u2019attaque contre deux centres logistiques a fait au moins huit morts en Russie, et l\u2019incendie d\u2019un d\u00e9p\u00f4t de p\u00e9trole dans la r\u00e9gion de Moscou a entra\u00een\u00e9 l\u2019\u00e9vacuation d\u2019une maternit\u00e9, selon les autorit\u00e9s locales samedi.<\/p>\n<p>\u00ab\u00a0Sept employ\u00e9s de nuit ont \u00e9t\u00e9 tu\u00e9s quand des drones ennemis ont frapp\u00e9 un centre logistique de Wildberries\u00a0\u00bb, le g\u00e9ant russe du e-commerce, a \u00e9crit sur Telegram le gouverneur Evgu\u00e9ni Pervyshov, pr\u00e9cisant que l\u2019attaque, survenue \u00e0 Kotovsk (ouest), avait \u00e9galement fait 24 bless\u00e9s.<\/p>\n<p>Un autre entrep\u00f4t de Wildberries situ\u00e9 \u00e0 Elektrostal, dans la r\u00e9gion de Moscou, a \u00e9t\u00e9 touch\u00e9 par la chute d\u2019un drone, selon le gouverneur Andre\u00ef Vorobiov, qui a ajout\u00e9 qu\u2019une personne \u00e9tait morte et que 37 personnes avaient \u00e9t\u00e9 bless\u00e9es.<\/p>\n<p>Un incendie s\u2019est par ailleurs d\u00e9clench\u00e9 \u00ab\u00a0dans un d\u00e9p\u00f4t de p\u00e9trole \u00e0 Noginsk\u00a0\u00bb, a-t-il ajout\u00e9, pr\u00e9cisant que deux personnes avaient \u00e9t\u00e9 bless\u00e9es et qu\u2019une maternit\u00e9 \u00e0 proximit\u00e9 avait \u00e9t\u00e9 \u00e9vacu\u00e9e \u00ab\u00a0pour des raisons de s\u00e9curit\u00e9\u00a0\u00bb.<\/p>\n<p>La tendance<\/p>\n<p>Un nombre \u00ab\u00a0alarmant\u00a0\u00bb de ressortissants du <a href=\"https:\/\/www.20minutes.fr\/dossier\/botswana\" class=\"c-link c-link--is-underlined\" rel=\"nofollow noopener\" target=\"_blank\">Botswana<\/a> sont forc\u00e9s de combattre sous uniforme russe dans la guerre men\u00e9e par Moscou contre l\u2019Ukraine apr\u00e8s avoir \u00e9t\u00e9 pi\u00e9g\u00e9s par des stratag\u00e8mes de recrutement trompeurs, a d\u00e9clar\u00e9 le gouvernement botswanais samedi.<\/p>\n<p>Ces derniers mois, plusieurs pays africains ont signal\u00e9 que certains de leurs ressortissants avaient \u00e9t\u00e9 dup\u00e9s pour combattre au sein de l\u2019arm\u00e9e russe et que nombre d\u2019entre eux ont trouv\u00e9 la mort sur le champ de bataille.<\/p>\n<p><a href=\"https:\/\/www.20minutes.fr\/monde\/ukraine\/\" class=\"c-link c-btn c-btn--primary\" rel=\"nofollow noopener\" target=\"_blank\">Notre dossier sur la guerre en Ukraine<\/a><\/p>\n<p>\u00ab\u00a0Des rapports r\u00e9cents indiquent que le nombre de Botswanais entra\u00een\u00e9s par tromperie dans ce type d\u2019arrangements augmente \u00e0 un rythme alarmant\u00a0\u00bb, a annonc\u00e9 le minist\u00e8re botswanais des Relations internationales dans un communiqu\u00e9.<\/p>\n<p>Une fois sur place, \u00ab\u00a0ils sont contraints de participer \u00e0 des combats actifs\u00a0\u00bb, a expliqu\u00e9 la m\u00eame source. \u00ab\u00a0Le minist\u00e8re continue de recevoir des appels d\u00e9chirants de Botswanais se trouvant d\u00e9j\u00e0 sur la ligne de front, d\u00e9crivant les conditions p\u00e9rilleuses auxquelles ils sont confront\u00e9s\u00a0\u00bb.<\/p>\n<p>Le communiqu\u00e9 ne pr\u00e9cise pas combien de Botswanais se trouvent en Russie ou en Ukraine. En d\u00e9cembre, le gouvernement avait indiqu\u00e9 qu\u2019au moins deux jeunes Botswanais avaient peut-\u00eatre \u00e9t\u00e9 recrut\u00e9s.<\/p>\n<p>Mi-f\u00e9vrier, le collectif \u00ab\u00a0All Eyes on Wagner\u00a0\u00bb (\u00ab Tous les yeux sur Wagner\u00a0\u00bb, du nom de l\u2019ex-groupe paramilitaire russe \u00e9ponyme) avait publi\u00e9 les noms de plus de 1.400 Africains que Moscou avait recrut\u00e9s entre janvier\u00a02023 et septembre\u00a02025 pour combattre en Ukraine, ajoutant que plus de 300 d\u2019entre eux \u00e9taient d\u00e9c\u00e9d\u00e9s.<\/p>\n<p>Les plus gros contingents venaient d\u2019\u00c9gypte, du Cameroun et du Ghana, selon le collectif. Plusieurs pays d\u2019Afrique australe ont \u00e9galement signal\u00e9 le recrutement par la Russie de leurs ressortissants.<\/p>\n","protected":false},"excerpt":{"rendered":"Vous avez rat\u00e9 les derniers \u00e9v\u00e9nements sur la guerre en Ukraine\u00a0? 20 Minutes fait le point pour vous&hellip;\n","protected":false},"author":2,"featured_media":1073338,"comment_status":"","ping_status":"","sticky":false,"template":"","format":"standard","meta":{"footnotes":"","_share_on_mastodon":"0"},"categories":[5],"tags":[47,11,1813,60092,27808,1011,27,131,14,74,12,32165,132,1135,135,134,28],"class_list":["post-1073337","post","type-post","status-publish","format-standard","has-post-thumbnail","category-international","tag-actualite","tag-actualites","tag-armee","tag-botswana","tag-coree","tag-fr","tag-france","tag-guerre-en-ukraine","tag-international","tag-monde","tag-news","tag-pyongyang","tag-russie","tag-serguei-lavrov","tag-vladimir-poutine","tag-volodymyr-zelensky","tag-world"],"share_on_mastodon":{"url":"https:\/\/pubeurope.com\/@fr\/116942718045930383","error":""},"_links":{"self":[{"href":"https:\/\/www.europesays.com\/fr\/wp-json\/wp\/v2\/posts\/1073337","targetHints":{"allow":["GET"]}}],"collection":[{"href":"https:\/\/www.europesays.com\/fr\/wp-json\/wp\/v2\/posts"}],"about":[{"href":"https:\/\/www.europesays.com\/fr\/wp-json\/wp\/v2\/types\/post"}],"author":[{"embeddable":true,"href":"https:\/\/www.europesays.com\/fr\/wp-json\/wp\/v2\/users\/2"}],"replies":[{"embeddable":true,"href":"https:\/\/www.europesays.com\/fr\/wp-json\/wp\/v2\/comments?post=1073337"}],"version-history":[{"count":0,"href":"https:\/\/www.europesays.com\/fr\/wp-json\/wp\/v2\/posts\/1073337\/revisions"}],"wp:featuredmedia":[{"embeddable":true,"href":"https:\/\/www.europesays.com\/fr\/wp-json\/wp\/v2\/media\/1073338"}],"wp:attachment":[{"href":"https:\/\/www.europesays.com\/fr\/wp-json\/wp\/v2\/media?parent=1073337"}],"wp:term":[{"taxonomy":"category","embeddable":true,"href":"https:\/\/www.europesays.com\/fr\/wp-json\/wp\/v2\/categories?post=1073337"},{"taxonomy":"post_tag","embeddable":true,"href":"https:\/\/www.europesays.com\/fr\/wp-json\/wp\/v2\/tags?post=1073337"}],"curies":[{"name":"wp","href":"https:\/\/api.w.org\/{rel}","templated":true}]}}