{"id":107334,"date":"2025-05-17T16:15:12","date_gmt":"2025-05-17T16:15:12","guid":{"rendered":"https:\/\/www.europesays.com\/fr\/107334\/"},"modified":"2025-05-17T16:15:12","modified_gmt":"2025-05-17T16:15:12","slug":"adriana-karembeu-evoque-sa-relation-avec-adil-rami-quelle-trouve-tres-charismatique-rigolo-et-charmant","status":"publish","type":"post","link":"https:\/\/www.europesays.com\/fr\/107334\/","title":{"rendered":"Adriana Karembeu \u00e9voque sa relation avec Adil Rami, qu&rsquo;elle trouve \u00ab\u00a0tr\u00e8s charismatique, rigolo et charmant\u00a0\u00bb"},"content":{"rendered":"<p>Marraine et pr\u00e9sentatrice du concours Top Model International ce samedi 17 mai \u00e0 Monaco, Adriana Karembeu sera accompagn\u00e9e par Adil Rami. L\u2019occasion d\u2019en dire plus sur leur relation.<\/p>\n<p>Depuis plus de quinze ans, Adriana Karembeu est la marraine de Top Model International. C\u2019est donc tout naturellement que <a href=\"https:\/\/www.programme-tv.net\/news\/people\/378599-au-diner-cest-la-regalade-adriana-karembeu-devoile-sa-routine-pour-rester-mince\/\" data-api-deeplink=\"teleloisirs:\/\/news\/378599\" target=\"_blank\" rel=\"noopener\">l\u2019ancienne mannequin pr\u00e9sentera la finale du concours<\/a>, ce samedi 17 mai 2025, \u00e0 Monaco. Pour sa 21e \u00e9dition, la soir\u00e9e a lieu dans la mythique salle des \u00e9toiles du Sporting de Monte Carlo. Pr\u00e8s de 180 candidats de 40 nationalit\u00e9s tenteront d\u2019\u00eatre couronn\u00e9s \u00e0 l\u2019issue d\u2019un show sensationnel o\u00f9 chanteront Hatik et Salvatore Livolsi, <a href=\"https:\/\/www.programme-tv.net\/news\/people\/378899-j-espere-que-l-aventure-il-cello-ira-le-plus-loin-possible-de-retour-dans-sa-ville-natale-sebastien-the-voice-2025-tres-touche-apres-avoir-recu-un-beau-cadeau\/\" data-api-deeplink=\"teleloisirs:\/\/news\/378899\" target=\"_blank\" rel=\"noopener\">gagnant de The Voice 2025 avec le groupe Il Cello<\/a>. Pour les participants et laur\u00e9ats, ce concours est l\u2019occasion de remporter des s\u00e9ances photo de r\u00eave avec des photographes de renom, mais aussi d\u2019\u00eatre rep\u00e9r\u00e9s par des agences de mannequinat, de mode ou de publicit\u00e9.<\/p>\n<p>\u00ab\u00a0On va rire\u00a0\u00bb : Adriana Karembeu aborde sa relation avec Adil Rami avant l\u2019animation de la finale de Top Model International<\/p>\n<p>Au c\u00f4t\u00e9 d\u2019Adriana Karembeu, l\u2019ancien footballeur Adil Rami, <a href=\"https:\/\/www.programme-tv.net\/news\/tv\/378561-j-ai-eu-du-mal-a-la-toucher-adil-rami-explique-ses-difficultes-avec-ana-riera-au-debut-de-danse-avec-les-stars\/\" data-api-deeplink=\"teleloisirs:\/\/news\/378561\" target=\"_blank\" rel=\"noopener\">finaliste de l\u2019\u00e9dition 2025 de Danse avec les stars<\/a> sur TF1, sera lui aussi de la partie. Pour cette occasion, celle qui a anim\u00e9 Les Pouvoirs extraordinaires du corps humain avec Michel Cym\u00e8s pendant onze ans s\u2019est confi\u00e9e dans <a href=\"https:\/\/www.purepeople.com\/article\/exclu-adriana-karembeu-avec-adil-rami-pour-ledition-2025-de-top-model-international-cest-un-garcon-tres-charismatique-rigolo-et-charmant_a538197\/1\" rel=\"nofollow noopener\" target=\"_blank\">un entretien \u00e0 Purepeople.com<\/a> sur ce duo inattendu. \u00ab\u00a0Je connaissais [Adil Rami] d\u2019avant, c\u2019est un ami mais on ne s\u2019est pas encore vus\u00a0\u00bb, a-t-elle racont\u00e9. Et d\u2019ajouter : \u00ab\u00a0C\u2019est un gar\u00e7on tr\u00e8s charismatique, rigolo et charmant et je suis s\u00fbre que \u00e7a va bien se passer. Je n\u2019appr\u00e9hende pas du tout, je suis s\u00fbre que si \u00e7a rame, on va se sauver mais on va rire. Ce que je peux vous garantir, c\u2019est que cette pr\u00e9sentation ne va pas \u00eatre parfaite. (Rires) Le mot free-style, \u00e7a va \u00eatre le mot pour [ce soir].\u00a0\u00bb<\/p>\n<p>                        \u00ab\u00a0Ce monde m\u2019a soign\u00e9e\u00a0\u00bb : Adriana Karembeu revient sur sa carri\u00e8re de mannequin<\/p>\n<p>La mannequin d\u2019origine slovaque est \u00e9galement revenue sur sa carri\u00e8re de top-model, commenc\u00e9e dans les ann\u00e9es 1990. \u00ab\u00a0Je reviens de tr\u00e8s tr\u00e8s loin, j\u2019\u00e9tais quelqu\u2019un de tr\u00e8s timide et beaucoup ab\u00eem\u00e9e et ce monde m\u2019a soign\u00e9e, m\u2019a donn\u00e9 beaucoup d\u2019amour et beaucoup d\u2019attention\u00a0\u00bb, a-t-elle confi\u00e9. Bien qu\u2019ayant v\u00e9cu \u00ab\u00a0quelques mauvais souvenirs\u00a0\u00bb, Adriana Karembeu ne retient que le meilleur. \u00ab\u00a0Je ne pourrais jamais faire un m\u00e9tier aussi beau que celui-l\u00e0\u00a0\u00bb, a-t-elle admis.<\/p>\n<p>En collaboration avec 6m\u00e9dias.<\/p>\n","protected":false},"excerpt":{"rendered":"Marraine et pr\u00e9sentatrice du concours Top Model International ce samedi 17 mai \u00e0 Monaco, Adriana Karembeu sera accompagn\u00e9e&hellip;\n","protected":false},"author":2,"featured_media":107335,"comment_status":"","ping_status":"","sticky":false,"template":"","format":"standard","meta":{"footnotes":""},"categories":[1359],"tags":[1682,6382,244,22489,58,59,1011,27,973,1630],"class_list":{"0":"post-107334","1":"post","2":"type-post","3":"status-publish","4":"format-standard","5":"has-post-thumbnail","7":"category-people","8":"tag-adil-rami","9":"tag-adriana-karembeu","10":"tag-commentaire","11":"tag-concours-de-beautu00e9","12":"tag-divertissement","13":"tag-entertainment","14":"tag-fr","15":"tag-france","16":"tag-people","17":"tag-zapping"},"share_on_mastodon":{"url":"https:\/\/pubeurope.com\/@fr\/114524069798534161","error":""},"_links":{"self":[{"href":"https:\/\/www.europesays.com\/fr\/wp-json\/wp\/v2\/posts\/107334","targetHints":{"allow":["GET"]}}],"collection":[{"href":"https:\/\/www.europesays.com\/fr\/wp-json\/wp\/v2\/posts"}],"about":[{"href":"https:\/\/www.europesays.com\/fr\/wp-json\/wp\/v2\/types\/post"}],"author":[{"embeddable":true,"href":"https:\/\/www.europesays.com\/fr\/wp-json\/wp\/v2\/users\/2"}],"replies":[{"embeddable":true,"href":"https:\/\/www.europesays.com\/fr\/wp-json\/wp\/v2\/comments?post=107334"}],"version-history":[{"count":0,"href":"https:\/\/www.europesays.com\/fr\/wp-json\/wp\/v2\/posts\/107334\/revisions"}],"wp:featuredmedia":[{"embeddable":true,"href":"https:\/\/www.europesays.com\/fr\/wp-json\/wp\/v2\/media\/107335"}],"wp:attachment":[{"href":"https:\/\/www.europesays.com\/fr\/wp-json\/wp\/v2\/media?parent=107334"}],"wp:term":[{"taxonomy":"category","embeddable":true,"href":"https:\/\/www.europesays.com\/fr\/wp-json\/wp\/v2\/categories?post=107334"},{"taxonomy":"post_tag","embeddable":true,"href":"https:\/\/www.europesays.com\/fr\/wp-json\/wp\/v2\/tags?post=107334"}],"curies":[{"name":"wp","href":"https:\/\/api.w.org\/{rel}","templated":true}]}}