{"id":1073368,"date":"2026-07-18T20:14:20","date_gmt":"2026-07-18T20:14:20","guid":{"rendered":"https:\/\/www.europesays.com\/fr\/1073368\/"},"modified":"2026-07-18T20:14:20","modified_gmt":"2026-07-18T20:14:20","slug":"football-lancien-joueur-du-racing-club-de-strasbourg-abdelhak-belhameur-quitte-le-sr-colmar","status":"publish","type":"post","link":"https:\/\/www.europesays.com\/fr\/1073368\/","title":{"rendered":"Football. L&rsquo;ancien joueur du Racing Club de Strasbourg,\u00a0Abdelhak Belhameur, quitte le SR Colmar"},"content":{"rendered":"<p>C&rsquo;est un nom qui parle en Alsace. Parce qu&rsquo;Abdelhak Belhameur, \u00e0 sa fa\u00e7on, a fait rugir de plaisir quelques supporters. Que ce soit ceux du Sporting Schiltigheim (2011-2013) ou ceux du Racing Club de Strasbourg.<\/p>\n<p>Pendant trois saisons (2013-2016), il avait disput\u00e9 78 matches avec les Bleus alors en National (Ligue 3 d\u00e9sormais), pour 6 buts selon le site Transfermarkt.<\/p>\n<p>  \u00ab\u00a0De toutes les aventure r\u00e9cente des Verts\u00a0\u00bb<\/p>\n<p><a href=\"https:\/\/www.dna.fr\/sports\/2016\/12\/02\/belahmeur-prete-a-creteil\" target=\"_blank\" rel=\"nofollow noopener\">Parti \u00e0 Cr\u00e9teil en d\u00e9cembre 2016<\/a>, l&rsquo;ailier gauche \u00e9tait finalement revenu dans son Alsace natale en 2020, au SR Colmar. Club qui a annonc\u00e9 son d\u00e9part ce samedi, apr\u00e8s six derni\u00e8res saisons\u00a0marqu\u00e9es par 121 apparitions pour 18 buts et 10 passes d\u00e9cisives.<\/p>\n<p>\u00ab Arriv\u00e9 en 2020, il a \u00e9t\u00e9 de toutes les aventures r\u00e9centes des Verts. Par son implication, l\u2019exemplaire capitaine colmarien aura marqu\u00e9 de son empreinte l\u2019histoire de la maison verte. Le SR Colmar lui souhaite bon vent pour la suite de sa carri\u00e8re !\u00a0\u00bb, a \u00e9crit l&rsquo;\u00e9quipe haut-rhinoise sur ses r\u00e9seaux sociaux.<\/p>\n<p>O\u00f9 va d\u00e9sormais rebondir le Strasbourgeois de naissance, qui f\u00eatera la semaine prochaine ses 35 ans\u00a0? La r\u00e9ponse lui appartient.<\/p>\n","protected":false},"excerpt":{"rendered":"C&rsquo;est un nom qui parle en Alsace. Parce qu&rsquo;Abdelhak Belhameur, \u00e0 sa fa\u00e7on, a fait rugir de plaisir&hellip;\n","protected":false},"author":2,"featured_media":1073369,"comment_status":"","ping_status":"","sticky":false,"template":"","format":"standard","meta":{"footnotes":"","_share_on_mastodon":"0"},"categories":[2820],"tags":[328,1111,11,2389,5065,2413,2880,1777,674,107,63,1011,27,775,1637,12,25,517,111053,640],"class_list":["post-1073368","post","type-post","status-publish","format-standard","has-post-thumbnail","category-strasbourg","tag-a-la-une","tag-actu","tag-actualites","tag-alsace","tag-colmar","tag-edition-colmar-guebwiller","tag-edition-strasbourg","tag-eu","tag-europe","tag-fil-info","tag-football","tag-fr","tag-france","tag-grand-est","tag-haut-rhin","tag-news","tag-republique-francaise","tag-sport","tag-sr-colmar","tag-strasbourg"],"share_on_mastodon":{"url":"https:\/\/pubeurope.com\/@fr\/116942816248304958","error":""},"_links":{"self":[{"href":"https:\/\/www.europesays.com\/fr\/wp-json\/wp\/v2\/posts\/1073368","targetHints":{"allow":["GET"]}}],"collection":[{"href":"https:\/\/www.europesays.com\/fr\/wp-json\/wp\/v2\/posts"}],"about":[{"href":"https:\/\/www.europesays.com\/fr\/wp-json\/wp\/v2\/types\/post"}],"author":[{"embeddable":true,"href":"https:\/\/www.europesays.com\/fr\/wp-json\/wp\/v2\/users\/2"}],"replies":[{"embeddable":true,"href":"https:\/\/www.europesays.com\/fr\/wp-json\/wp\/v2\/comments?post=1073368"}],"version-history":[{"count":0,"href":"https:\/\/www.europesays.com\/fr\/wp-json\/wp\/v2\/posts\/1073368\/revisions"}],"wp:featuredmedia":[{"embeddable":true,"href":"https:\/\/www.europesays.com\/fr\/wp-json\/wp\/v2\/media\/1073369"}],"wp:attachment":[{"href":"https:\/\/www.europesays.com\/fr\/wp-json\/wp\/v2\/media?parent=1073368"}],"wp:term":[{"taxonomy":"category","embeddable":true,"href":"https:\/\/www.europesays.com\/fr\/wp-json\/wp\/v2\/categories?post=1073368"},{"taxonomy":"post_tag","embeddable":true,"href":"https:\/\/www.europesays.com\/fr\/wp-json\/wp\/v2\/tags?post=1073368"}],"curies":[{"name":"wp","href":"https:\/\/api.w.org\/{rel}","templated":true}]}}