{"id":107338,"date":"2025-05-17T16:17:09","date_gmt":"2025-05-17T16:17:09","guid":{"rendered":"https:\/\/www.europesays.com\/fr\/107338\/"},"modified":"2025-05-17T16:17:09","modified_gmt":"2025-05-17T16:17:09","slug":"ronchamp-le-printemps-du-livre-jeunesse-a-fait-le-bonheur-des-petits-lecteurs","status":"publish","type":"post","link":"https:\/\/www.europesays.com\/fr\/107338\/","title":{"rendered":"Ronchamp. Le Printemps du livre jeunesse a fait le bonheur des petits lecteurs"},"content":{"rendered":"<p>Toute une journ\u00e9e pour lire, dessiner, \u00e9crire, jouer, apprendre et r\u00eaver.\u00a0 <a href=\"https:\/\/www.estrepublicain.fr\/culture-loisirs\/2025\/05\/17\/printemps-du-livre-jeunesse-une-edition-foisonnante-ce-samedi-a-ronchamp\" target=\"_blank\" rel=\"noopener\">La 10e\u00a0 \u00e9dition du Printemps du livre jeunesse a offert de beaux moments de partage et de rencontres samedi<\/a> 17\u00a0mai \u00e0 La Filature de Ronchamp. Nathan n\u2019en a pas perdu une miette. Avec sa classe de CE1 de l\u2019\u00e9cole du village, le gar\u00e7on a travaill\u00e9 depuis plusieurs semaines sur les livres de David Dumortier, l\u2019un des auteurs et illustrateurs en d\u00e9dicace. Il est venu avec son fr\u00e8re, sa s\u0153ur et ses parents \u00e0 qui il a montr\u00e9 ses \u0153uvres expos\u00e9es pour l\u2019occasion. \u00ab\u00a0C\u2019\u00e9tait trop bien, s\u2019enthousiasme Nathan. On a fait des po\u00e8mes, des arbres, des fleurs en papier d\u00e9chir\u00e9. Il [David Dumortier, N.D.L.R.] nous a fait quelques tours de magie aussi\u00a0\u00bb.<\/p>\n<p>En tout, dix professionnels ont fait entrer des \u00e9coliers de Ronchamp, Plancher-Bas, Frahier-et-Chatebier et des coll\u00e9giens de Champagney dans les coulisses de la cr\u00e9ation litt\u00e9raire et artistique. Dont un duo haut-sa\u00f4nois\u00a0: l\u2019autrice Sissi Scarlett, de Fresse, et l\u2019illustratrice Sylvia Dupuis, de Ternuay, viennent de sortir leur troisi\u00e8me opus commun, O\u00f9 va l\u2019\u00e9toile quand elle s\u2019en va , un superbe ab\u00e9c\u00e9daire de la faune nocturne et cr\u00e9pusculaire. \u00ab\u00a0Les enfants sont toujours impressionnants car ils ne se posent pas de questions quand ils dessinent\u00a0\u00bb, constate Sylvia Dupuis.<\/p>\n<p>  Cultiver le go\u00fbt de la lecture<\/p>\n<p>\u00c0 en juger aux sourires des enfants et \u00e0 leurs grands yeux \u00e9carquill\u00e9s devant les albums, la litt\u00e9rature jeunesse les fait toujours r\u00eaver, malgr\u00e9 la concurrence des \u00e9crans. Pour Ana\u00efs Becquet, qui tient la <a href=\"https:\/\/www.estrepublicain.fr\/culture-loisirs\/2024\/12\/06\/des-dedicaces-a-la-librairie-nom-de-zeus\" target=\"_blank\" title=\"Des d\u00e9dicaces \u00e0 la librairie Nom de Zeus\" rel=\"noopener\">librairie <\/a><a href=\"https:\/\/www.estrepublicain.fr\/culture-loisirs\/2024\/12\/06\/des-dedicaces-a-la-librairie-nom-de-zeus\" target=\"_blank\" title=\"Des d\u00e9dicaces \u00e0 la librairie Nom de Zeus\" rel=\"noopener\">Nom de Zeus<\/a> \u00e0 H\u00e9ricourt, \u00ab\u00a0il faut les habituer \u00e0 lire d\u00e8s le plus jeune \u00e2ge\u00a0\u00bb. Qu\u2019est-ce qui fonctionne le mieux\u00a0? \u00ab\u00a0Les petits aiment bien quand il y a des choses \u00e0 toucher, observe la libraire. Quand ils grandissent, ils s\u2019int\u00e9ressent aux histoires d\u2019amiti\u00e9, d\u2019amour. Apr\u00e8s, avec les ados, soit on les perd, soit ils lisent \u00e9norm\u00e9ment\u00a0!\u00a0\u00bb<\/p>\n<p>Cultiver ce go\u00fbt de la lecture, et plus largement de la culture, c\u2019est bien l\u2019objectif du Printemps du livre jeunesse, \u00e9v\u00e9nement annuel itin\u00e9rant orchestr\u00e9 par la <a href=\"https:\/\/www.estrepublicain.fr\/societe\/2025\/01\/27\/un-projet-scolaire-pour-la-lecture-mene-grace-au-departement\" target=\"_blank\" title=\"Un projet scolaire pour la lecture men\u00e9 gr\u00e2ce au D\u00e9partement\" rel=\"noopener\">m\u00e9diath\u00e8que d\u00e9partementale<\/a> de Haute-Sa\u00f4ne et le r\u00e9seau Canop\u00e9e (l\u2019organisme de formation des enseignants), en partenariat avec la commune de Ronchamp et la communaut\u00e9 de communes Rahin-et-Ch\u00e9rimont. En plus du salon litt\u00e9raire et de l\u2019exposition des travaux d\u2019\u00e9l\u00e8ves, les familles ont \u00e9galement pu profiter de nombreux ateliers cr\u00e9atifs (origamis, coloriage de marque-page\u2026) et de petits spectacles propos\u00e9s par les \u00e9coles de musique et Caroline Grosjean, danseuse et chor\u00e9graphe.<\/p>\n","protected":false},"excerpt":{"rendered":"Toute une journ\u00e9e pour lire, dessiner, \u00e9crire, jouer, apprendre et r\u00eaver.\u00a0 La 10e\u00a0 \u00e9dition du Printemps du livre&hellip;\n","protected":false},"author":2,"featured_media":107339,"comment_status":"","ping_status":"","sticky":false,"template":"","format":"standard","meta":{"footnotes":""},"categories":[1357],"tags":[1379,22494,1687,58,10332,8698,1057,59,1011,27,1380,2410,10425,22493],"class_list":{"0":"post-107338","1":"post","2":"type-post","3":"status-publish","4":"format-standard","5":"has-post-thumbnail","7":"category-livres","8":"tag-books","9":"tag-cc-rahin-et-cherimont-70a","10":"tag-culture-loisirs","11":"tag-divertissement","12":"tag-edition-belfort-hericourt-montbeliard","13":"tag-edition-vesoul-haute-saone","14":"tag-education","15":"tag-entertainment","16":"tag-fr","17":"tag-france","18":"tag-livres","19":"tag-livres-bd","20":"tag-maternelle-elementaire","21":"tag-ronchamp"},"share_on_mastodon":{"url":"https:\/\/pubeurope.com\/@fr\/114524077624962707","error":""},"_links":{"self":[{"href":"https:\/\/www.europesays.com\/fr\/wp-json\/wp\/v2\/posts\/107338","targetHints":{"allow":["GET"]}}],"collection":[{"href":"https:\/\/www.europesays.com\/fr\/wp-json\/wp\/v2\/posts"}],"about":[{"href":"https:\/\/www.europesays.com\/fr\/wp-json\/wp\/v2\/types\/post"}],"author":[{"embeddable":true,"href":"https:\/\/www.europesays.com\/fr\/wp-json\/wp\/v2\/users\/2"}],"replies":[{"embeddable":true,"href":"https:\/\/www.europesays.com\/fr\/wp-json\/wp\/v2\/comments?post=107338"}],"version-history":[{"count":0,"href":"https:\/\/www.europesays.com\/fr\/wp-json\/wp\/v2\/posts\/107338\/revisions"}],"wp:featuredmedia":[{"embeddable":true,"href":"https:\/\/www.europesays.com\/fr\/wp-json\/wp\/v2\/media\/107339"}],"wp:attachment":[{"href":"https:\/\/www.europesays.com\/fr\/wp-json\/wp\/v2\/media?parent=107338"}],"wp:term":[{"taxonomy":"category","embeddable":true,"href":"https:\/\/www.europesays.com\/fr\/wp-json\/wp\/v2\/categories?post=107338"},{"taxonomy":"post_tag","embeddable":true,"href":"https:\/\/www.europesays.com\/fr\/wp-json\/wp\/v2\/tags?post=107338"}],"curies":[{"name":"wp","href":"https:\/\/api.w.org\/{rel}","templated":true}]}}