{"id":1073384,"date":"2026-07-18T20:26:23","date_gmt":"2026-07-18T20:26:23","guid":{"rendered":"https:\/\/www.europesays.com\/fr\/1073384\/"},"modified":"2026-07-18T20:26:23","modified_gmt":"2026-07-18T20:26:23","slug":"piste-de-saint-charles-a-callelongue-15-mois-avec-sursis-pour-lagresseur-sexuel-du-metro-a-marseille","status":"publish","type":"post","link":"https:\/\/www.europesays.com\/fr\/1073384\/","title":{"rendered":"Pist\u00e9 de Saint-Charles \u00e0 Callelongue : 15 mois avec sursis pour l&rsquo;agresseur sexuel du m\u00e9tro \u00e0 Marseille"},"content":{"rendered":"<p>C\u2019est l\u2019histoire d\u2019une traque d\u2019un peu plus de deux heures \u00e0 travers <a href=\"https:\/\/www.laprovence.com\/bouches-du-rhone\/marseille-13055\" target=\"_self\" rel=\"nofollow noopener\">Marseille<\/a>. Vers 13 h, le lundi 13\u00a0juillet 2026, des policiers de la Division Centre apprennent qu\u2019une passag\u00e8re de 23\u00a0ans, qui descendait de <a href=\"https:\/\/www.laprovence.com\/article\/region\/1067207494589415\/ter-des-retards-sur-la-ligne-de-trains-entre-marseille-et-aix-en-raison-de-la-panne-dune-installation\" target=\"_self\" rel=\"nofollow noopener\">la gare Saint-Charles<\/a> au m\u00e9tro aurait \u00e9t\u00e9 victime d\u2019<a href=\"https:\/\/www.laprovence.com\/article\/faits-divers-justice\/2282871352195514\/son-attitude-ma-excite-un-homme-condamne-pour-agression-sexuelle-sur-une-fillette-de-8-ans-a-vitrolles\" target=\"_self\" rel=\"nofollow noopener\">une agression sexuelle<\/a>. Elle d\u00e9pose plainte vers 14 h.<\/p>\n<p>Munis d\u2019un signalement extr\u00eamement pr\u00e9cis, les forces de l\u2019ordre n\u2019ont pas attendu\u00a0: gr\u00e2ce aux images du centre de s\u00e9curit\u00e9 urbaine, ils suivent un suspect \u00e0 la trace, presque en temps r\u00e9el\u00a0: l\u2019homme sort de la station, marche jusqu\u2019\u00e0 Noailles, prend le m\u00e9tro jusqu\u2019au rond-point du Prado puis le bus 44 qui le d\u00e9pose au lyc\u00e9e Daumier, \u00e0 <a href=\"https:\/\/www.laprovence.com\/article\/faits-divers-justice\/10098517575579\/a-callelongue-et-marseilleveyre-les-habitants-sorganisent-face-au-risque-dincendie\" target=\"_self\" rel=\"nofollow noopener\">Callelongue<\/a>. Pr\u00e8s de l\u00e0, un portail ouvert donnant sur un squat. Sur le pas de la porte, les baskets du fuyard. Yazid H. est interpell\u00e9 sans difficult\u00e9. Il est 16h15.<\/p>\n<p>12 mois ferme requis<\/p>\n<p>Trois jours plus tard, cet Alg\u00e9rien de 27\u00a0ans, casier judiciaire vierge mais frapp\u00e9 d\u2019<a href=\"https:\/\/www.laprovence.com\/article\/faits-divers-justice\/1164438665087115\/pourquoi-les-oqtf-ne-sont-pas-toujours-appliquees-le-vrai-du-faux-des-obligations-de-quitter-le-territoire\" target=\"_self\" rel=\"nofollow noopener\">une obligation de quitter le territoire<\/a>, a comparu devant le tribunal correctionnel de Marseille. La victime, choqu\u00e9e, avait d\u00e9crit un homme venu se coller \u00e0 elle <a href=\"https:\/\/www.laprovence.com\/article\/region\/31174122934965\/gare-saint-charles-a-marseille-lescalator-qui-relie-la-gare-au-metro-va-rouvrir-samedi\" target=\"_self\" rel=\"nofollow noopener\">dans l\u2019escalator<\/a>, caressant sa fesse et revenant contre elle \u00e0 chaque fois qu\u2019elle tentait de s\u2019\u00e9loigner. Une t\u00e9moin avait assist\u00e9 \u00e0 tout et confirm\u00e9 cette version.<\/p>\n<p>\u00ab\u00a0Je voulais juste voler son t\u00e9l\u00e9phone dans son sac pour manger\u00a0\u00bb, s\u2019est justifi\u00e9 le pr\u00e9venu dans le box, apr\u00e8s avoir servi en garde \u00e0 vue plusieurs versions diff\u00e9rentes\u2026 \u00ab\u00a0Pourquoi elle a rien dit la fille\u00a0?\u00a0\u00bb, avait-il argument\u00e9, avant de pr\u00e9senter des excuses, contradictoires avec ses protestations d\u2019innocences.<\/p>\n<p>La procureure Oc\u00e9ane Fernandez a requis \u00e0 l\u2019audience une peine de 12 mois de prison avec maintien en d\u00e9tention, au vu de son absence de logement. \u00ab\u00a0Mandat de d\u00e9p\u00f4t pour un primo-d\u00e9linquant\u00a0?\u00a0!\u00a0\u00bb, s\u2019est insurg\u00e9 l\u2019avocat de la d\u00e9fense Trystan Lauraire.\u00a0Le tribunal a tranch\u00e9 pour une voie m\u00e9diane, condamnant Yazid H. \u00e0 15 mois de prison avec sursis et une interdiction du territoire fran\u00e7ais pour 5\u00a0ans.<\/p>\n","protected":false},"excerpt":{"rendered":"C\u2019est l\u2019histoire d\u2019une traque d\u2019un peu plus de deux heures \u00e0 travers Marseille. Vers 13 h, le lundi&hellip;\n","protected":false},"author":2,"featured_media":1073385,"comment_status":"","ping_status":"","sticky":false,"template":"","format":"standard","meta":{"footnotes":"","_share_on_mastodon":"0"},"categories":[2814],"tags":[5734,1111,11,3396,77713,1777,674,274,1011,27,884,2561,12,8061,471,882,25,1178,6252],"class_list":["post-1073384","post","type-post","status-publish","format-standard","has-post-thumbnail","category-marseille","tag-5734","tag-actu","tag-actualites","tag-avec","tag-callelongue","tag-eu","tag-europe","tag-faits-divers-justice","tag-fr","tag-france","tag-marseille","tag-mois","tag-news","tag-piste","tag-pour","tag-provence-alpes-cote-dazur","tag-republique-francaise","tag-saint-charles","tag-sursis"],"share_on_mastodon":{"url":"https:\/\/pubeurope.com\/@fr\/116942863856746986","error":""},"_links":{"self":[{"href":"https:\/\/www.europesays.com\/fr\/wp-json\/wp\/v2\/posts\/1073384","targetHints":{"allow":["GET"]}}],"collection":[{"href":"https:\/\/www.europesays.com\/fr\/wp-json\/wp\/v2\/posts"}],"about":[{"href":"https:\/\/www.europesays.com\/fr\/wp-json\/wp\/v2\/types\/post"}],"author":[{"embeddable":true,"href":"https:\/\/www.europesays.com\/fr\/wp-json\/wp\/v2\/users\/2"}],"replies":[{"embeddable":true,"href":"https:\/\/www.europesays.com\/fr\/wp-json\/wp\/v2\/comments?post=1073384"}],"version-history":[{"count":0,"href":"https:\/\/www.europesays.com\/fr\/wp-json\/wp\/v2\/posts\/1073384\/revisions"}],"wp:featuredmedia":[{"embeddable":true,"href":"https:\/\/www.europesays.com\/fr\/wp-json\/wp\/v2\/media\/1073385"}],"wp:attachment":[{"href":"https:\/\/www.europesays.com\/fr\/wp-json\/wp\/v2\/media?parent=1073384"}],"wp:term":[{"taxonomy":"category","embeddable":true,"href":"https:\/\/www.europesays.com\/fr\/wp-json\/wp\/v2\/categories?post=1073384"},{"taxonomy":"post_tag","embeddable":true,"href":"https:\/\/www.europesays.com\/fr\/wp-json\/wp\/v2\/tags?post=1073384"}],"curies":[{"name":"wp","href":"https:\/\/api.w.org\/{rel}","templated":true}]}}