{"id":10735,"date":"2025-04-08T17:16:14","date_gmt":"2025-04-08T17:16:14","guid":{"rendered":"https:\/\/www.europesays.com\/fr\/10735\/"},"modified":"2025-04-08T17:16:14","modified_gmt":"2025-04-08T17:16:14","slug":"la-pratique-de-la-lecture-degringole-chez-les-francais-en-2025","status":"publish","type":"post","link":"https:\/\/www.europesays.com\/fr\/10735\/","title":{"rendered":"La pratique de la lecture d\u00e9gringole chez les Fran\u00e7ais en 2025"},"content":{"rendered":"<p><strong>EXCLUSIF <\/strong>&#8211; Une \u00e9tude que r\u00e9v\u00e8le Le Figaro, command\u00e9e par le Centre national du livre, tire la sonnette d\u2019alarme\u00a0: les \u00e9crans cannibalisent d\u00e9finitivement la lecture, qui devient de plus en plus une activit\u00e9 marginale.<\/p>\n<p class=\"fig-paragraph\">L\u2019immense majorit\u00e9 des Fran\u00e7ais aiment lire. C\u2019est un fait qui r\u00e9siste, ann\u00e9e apr\u00e8s ann\u00e9e, \u00e0\u00a0<a href=\"http:\/\/www.lefigaro.fr\/medias\/la-plupart-des-parents-ne-savent-pas-ce-qu-il-y-a-derriere-l-algorithme-ces-deputes-ayant-pour-mission-de-proteger-les-jeunes-de-tiktok-20250325\" target=\"_blank\" data-fig-type=\"Article\" rel=\"noopener\" data-gtm-custom-categorie=\"navigation\" data-gtm-custom-action=\"crossclick\" data-gtm-custom-label=\"Contextuel\" data-gtm-event=\"customEventSPE\" data-fig-domain=\"LEFIGARO\">l\u2019attraction grandissante des mondes virtuels<\/a>. Pr\u00e8s d\u2019un tiers (29\u00a0%) d\u00e9clarent m\u00eame \u00ab\u00a0adorer\u00a0\u00bb cela. Pourtant, ils lisent de moins en moins. Et en ont bien conscience\u00a0: 39\u00a0% ont le sentiment que leur temps de lecture a diminu\u00e9, un chiffre sans pr\u00e9c\u00e9dent depuis dix ans. C\u2019est ce paradoxe que r\u00e9v\u00e8le Le Figaro \u00e0 travers une \u00e9tude du Centre national du livre (CNL), r\u00e9alis\u00e9e par Ipsos, qui dresse un \u00e9tat des lieux pr\u00e9occupant des\u00a0<a href=\"http:\/\/www.lefigaro.fr\/langue-francaise\/actu-des-mots\/le-temps-de-lecture-s-effondre-chez-les-jeunes-francais-20240408\" target=\"_blank\" data-fig-type=\"Article\" rel=\"noopener\" data-gtm-custom-categorie=\"navigation\" data-gtm-custom-action=\"crossclick\" data-gtm-custom-label=\"Contextuel\" data-gtm-event=\"customEventSPE\" data-fig-domain=\"LEFIGARO\">pratiques de lecture<\/a>\u00a0en 2025. L\u2019enqu\u00eate a \u00e9t\u00e9 men\u00e9e aupr\u00e8s d\u2019un \u00e9chantillon repr\u00e9sentatif de 1000 Fran\u00e7ais \u00e2g\u00e9s de 15\u00a0ans et plus, interrog\u00e9s entre le 21\u00a0janvier et le 4\u00a0f\u00e9vrier 2025.<\/p>\n<p class=\"fig-paragraph\">\u00c0 quoi ressemblera le lecteur de demain\u00a0? Seule certitude, son portrait se redessine, quel que soit son \u00e2ge. Moins attach\u00e9 au format papier, il privil\u00e9gie\u00a0<a href=\"http:\/\/www.lefigaro.fr\/medias\/spotify-s-associe-aux-geants-de-l-edition-francaise-pour-lancer-ce-lundi-son-offre-de-livres-audio-20241014\" target=\"_blank\" data-fig-type=\"NewsFlash\" rel=\"noopener\" data-gtm-custom-categorie=\"navigation\" data-gtm-custom-action=\"crossclick\" data-gtm-custom-label=\"Contextuel\" data-gtm-event=\"customEventSPE\" data-fig-domain=\"LEFIGARO\">le num\u00e9rique et l\u2019audio<\/a>, avec une lecture souvent fragment\u00e9e, entre deux notifications. Il lit encore, mais autrement&amp;nbsp\u2026<\/p>\n<p class=\"fig-premium-paywall__infos\">\n        Cet article est r\u00e9serv\u00e9 aux abonn\u00e9s.        Il vous reste 86% \u00e0 d\u00e9couvrir.\n    <\/p>\n<p>                <img  data- alt=\"Le Figaro\" class=\"fig-img--complete fig-img\"\/><\/p>\n<p class=\"fig-premium-paywall__title\">Vous avez envie de lire la suite ?<\/p>\n<p class=\"fig-premium-paywall__subtitle\">D\u00e9bloquez tous les articles imm\u00e9diatement.<\/p>\n<p class=\"fig-premium-paywall__connect\">\n                D\u00e9j\u00e0 abonn\u00e9\u00a0?                <a class=\"fig-premium-paywall__connect-link\" href=\"https:\/\/connect.lefigaro.fr\/login?client=horizon_web&amp;type=main&amp;redirect_uri=https%3A%2F%2Fwww.lefigaro.fr%2Flangue-francaise%2Factu-des-mots%2Fla-pratique-de-la-lecture-degringole-chez-les-francais-en-2025-20250407\" data-js-gtm=\"{&quot;customCategorie&quot;: &quot;conversion&quot;, &quot;customAction&quot;: &quot;before_Landing_Connexion_paywall_auto&quot;, &quot;customLabel&quot;: &quot;bGVmaWdhcm8uZnJfXzFmMDBhNGQzLTU2MjEtNmMxYy1iMTQ1LTgxZTBlNzgwOWE5NF9fQXJ0aWNsZQ==_La pratique de la lecture d\u00e9gringole chez les Fran\u00e7ais en 2025_284&quot;, &quot;customIDSPE&quot;: &quot;bGVmaWdhcm8uZnJfXzFmMDBhNGQzLTU2MjEtNmMxYy1iMTQ1LTgxZTBlNzgwOWE5NF9fQXJ0aWNsZQ==&quot;, &quot;event&quot;: &quot;customEventSPE&quot;}\" target=\"_blank\" rel=\"noopener\"><br \/>\n                    Connectez-vous<br \/>\n                <\/a>\n            <\/p>\n","protected":false},"excerpt":{"rendered":"EXCLUSIF &#8211; Une \u00e9tude que r\u00e9v\u00e8le Le Figaro, command\u00e9e par le Centre national du livre, tire la sonnette&hellip;\n","protected":false},"author":2,"featured_media":10736,"comment_status":"","ping_status":"","sticky":false,"template":"","format":"standard","meta":{"footnotes":""},"categories":[2],"tags":[5197,11,5199,1011,27,5193,2046,5195,1380,5194,12,5198,5196,25],"class_list":{"0":"post-10735","1":"post","2":"type-post","3":"status-publish","4":"format-standard","5":"has-post-thumbnail","7":"category-actualites","8":"tag-actu-des-mots","9":"tag-actualites","10":"tag-dictionnaire-des-expressions","11":"tag-fr","12":"tag-france","13":"tag-langue-francaise","14":"tag-lecture","15":"tag-liste-des-mots","16":"tag-livres","17":"tag-mots-langue-francaise","18":"tag-news","19":"tag-nouveau-mot-dictionnaire","20":"tag-origine-des-mots","21":"tag-republique-francaise"},"share_on_mastodon":{"url":"https:\/\/pubeurope.com\/@fr\/114303479610182864","error":""},"_links":{"self":[{"href":"https:\/\/www.europesays.com\/fr\/wp-json\/wp\/v2\/posts\/10735","targetHints":{"allow":["GET"]}}],"collection":[{"href":"https:\/\/www.europesays.com\/fr\/wp-json\/wp\/v2\/posts"}],"about":[{"href":"https:\/\/www.europesays.com\/fr\/wp-json\/wp\/v2\/types\/post"}],"author":[{"embeddable":true,"href":"https:\/\/www.europesays.com\/fr\/wp-json\/wp\/v2\/users\/2"}],"replies":[{"embeddable":true,"href":"https:\/\/www.europesays.com\/fr\/wp-json\/wp\/v2\/comments?post=10735"}],"version-history":[{"count":0,"href":"https:\/\/www.europesays.com\/fr\/wp-json\/wp\/v2\/posts\/10735\/revisions"}],"wp:featuredmedia":[{"embeddable":true,"href":"https:\/\/www.europesays.com\/fr\/wp-json\/wp\/v2\/media\/10736"}],"wp:attachment":[{"href":"https:\/\/www.europesays.com\/fr\/wp-json\/wp\/v2\/media?parent=10735"}],"wp:term":[{"taxonomy":"category","embeddable":true,"href":"https:\/\/www.europesays.com\/fr\/wp-json\/wp\/v2\/categories?post=10735"},{"taxonomy":"post_tag","embeddable":true,"href":"https:\/\/www.europesays.com\/fr\/wp-json\/wp\/v2\/tags?post=10735"}],"curies":[{"name":"wp","href":"https:\/\/api.w.org\/{rel}","templated":true}]}}