{"id":107350,"date":"2025-05-17T16:23:11","date_gmt":"2025-05-17T16:23:11","guid":{"rendered":"https:\/\/www.europesays.com\/fr\/107350\/"},"modified":"2025-05-17T16:23:11","modified_gmt":"2025-05-17T16:23:11","slug":"pierre-garnier-victime-de-problemes-techniques-sa-decision-radicale-en-plein-concert","status":"publish","type":"post","link":"https:\/\/www.europesays.com\/fr\/107350\/","title":{"rendered":"Pierre Garnier victime de probl\u00e8mes techniques : sa d\u00e9cision radicale en plein concert"},"content":{"rendered":"<p>La tourn\u00e9e de Pierre Garnier bat son plein, et le chanteur <strong>encha\u00eene les succ\u00e8s \u00e0 guichets ferm\u00e9s<\/strong>. Mais lors d\u2019un concert \u00e0 Brest, <strong>un incident technique<\/strong> est venu tout bouleverser.<\/p>\n<p>Face \u00e0 l\u2019impr\u00e9vu, l\u2019artiste a pris <strong>une d\u00e9cision \u00e9tonnante<\/strong> <a href=\"https:\/\/www.public.fr\/une-crise-depilepsie-de-plus-de-6-heures-pierre-garnier-son-magnifique-geste-contre-la-maladie\" rel=\"nofollow noopener\" target=\"_blank\">qui a marqu\u00e9 les esprits<\/a>. Un moment unique, devenu l\u2019un des plus comment\u00e9s de sa tourn\u00e9e.<\/p>\n<p>Un incident en pleine tourn\u00e9e pour Pierre Garnier<\/p>\n<p>Depuis mars dernier, Pierre Garnier parcourt la France avec son \u00ab\u00a0Chaque Seconde Tour\u00a0\u00bb, remplissant les plus grandes salles. \u00c0 seulement 23 ans, le laur\u00e9at de la Star Academy 2024 impressionne par <strong>son aisance sc\u00e9nique et sa voix ma\u00eetris\u00e9e<\/strong>.<\/p>\n<p>Mais, lors de son passage \u00e0 Brest, <strong>un probl\u00e8me de son<\/strong> vient interrompre le spectacle. Au lieu de s\u2019\u00e9nerver ou de quitter la sc\u00e8ne, il <strong>fait <a href=\"https:\/\/www.public.fr\/the-voice-surprise-pierre-garnier-debarque-dans-lemission\" rel=\"nofollow noopener\" target=\"_blank\">un choix inattendu<\/a><\/strong> qui montre une nouvelle fois <strong>sa proximit\u00e9 avec ses fans<\/strong>.<\/p>\n<p>Pierre Garnier invite une fan sur sc\u00e8ne<\/p>\n<p>En pleine panne technique, Pierre Garnier d\u00e9cide <strong>d\u2019inviter une spectatrice \u00e0 le rejoindre<\/strong> sur sc\u00e8ne. Ensemble, ils interpr\u00e8tent \u00ab\u00a0Ceux qu\u2019on \u00e9tait\u00a0\u00bb, <strong>un de ses plus grands succ\u00e8s<\/strong>. Le public, d\u2019abord surpris, est totalement <strong>conquis par cette initiative<\/strong>.<\/p>\n<p>L\u2019\u00e9motion est palpable dans la salle. Ce moment inattendu devient rapidement <strong>un souvenir marquant<\/strong> pour ceux qui y assistent et surtout <strong>pour l&rsquo;heureuse \u00e9lue<\/strong>. Sans micro ni artifice, l&rsquo;artiste montre une fois encore qu\u2019<strong>il sait cr\u00e9er du lien<\/strong>, m\u00eame dans les impr\u00e9vus.<\/p>\n<p>Les vid\u00e9os de ce duo spontan\u00e9 <strong>ont rapidement fait le tour<\/strong> des r\u00e9seaux sociaux, salu\u00e9es pour leur authenticit\u00e9 et <strong>la complicit\u00e9 \u00e9vidente<\/strong> entre le chanteur et sa fan.<\/p>\n<p>La tourn\u00e9e continue, plus forte que jamais<\/p>\n<p>Ce concert \u00e0 Brest n\u2019est qu\u2019<strong>une \u00e9tape d\u2019une tourn\u00e9e intense<\/strong>. L&rsquo;artiste, qui a d\u00e9j\u00e0 rempli plusieurs Z\u00e9niths, <strong>ajoute de nouvelles dates<\/strong> pour r\u00e9pondre \u00e0 la demande.<\/p>\n<p>En d\u00e9cembre, il chantera notamment \u00e0 Paris, <strong>\u00e0 l\u2019Accor Arena<\/strong>. Depuis sa sortie de l\u2019\u00e9mission, l\u2019artiste ne cesse de gravir les \u00e9chelons. Avec \u00ab\u00a0Chaque Seconde\u00a0\u00bb, son premier album, il touche un public <strong>toujours plus large<\/strong>.<\/p>\n<p>Et avec ce genre de geste spontan\u00e9, il ne fait que <strong>renforcer cette belle connexion<\/strong>. Pierre Garnier prouve qu\u2019au-del\u00e0 de sa voix puissante, c\u2019est avant tout <strong>son c\u0153ur qui s\u00e9duit ses fans<\/strong>.<\/p>\n<p>      Mentionn\u00e9s dans cet article<\/p>\n<p>\u00c0 lire aussi<\/p>\n","protected":false},"excerpt":{"rendered":"La tourn\u00e9e de Pierre Garnier bat son plein, et le chanteur encha\u00eene les succ\u00e8s \u00e0 guichets ferm\u00e9s. Mais&hellip;\n","protected":false},"author":2,"featured_media":107351,"comment_status":"","ping_status":"","sticky":false,"template":"","format":"standard","meta":{"footnotes":""},"categories":[8],"tags":[21102,1697,58,12610,59,1011,27,10598,5096],"class_list":{"0":"post-107350","1":"post","2":"type-post","3":"status-publish","4":"format-standard","5":"has-post-thumbnail","7":"category-divertissement","8":"tag-bugs","9":"tag-concert","10":"tag-divertissement","11":"tag-duo","12":"tag-entertainment","13":"tag-fr","14":"tag-france","15":"tag-musique-francaise","16":"tag-pierre-garnier"},"share_on_mastodon":{"url":"https:\/\/pubeurope.com\/@fr\/114524101325613635","error":""},"_links":{"self":[{"href":"https:\/\/www.europesays.com\/fr\/wp-json\/wp\/v2\/posts\/107350","targetHints":{"allow":["GET"]}}],"collection":[{"href":"https:\/\/www.europesays.com\/fr\/wp-json\/wp\/v2\/posts"}],"about":[{"href":"https:\/\/www.europesays.com\/fr\/wp-json\/wp\/v2\/types\/post"}],"author":[{"embeddable":true,"href":"https:\/\/www.europesays.com\/fr\/wp-json\/wp\/v2\/users\/2"}],"replies":[{"embeddable":true,"href":"https:\/\/www.europesays.com\/fr\/wp-json\/wp\/v2\/comments?post=107350"}],"version-history":[{"count":0,"href":"https:\/\/www.europesays.com\/fr\/wp-json\/wp\/v2\/posts\/107350\/revisions"}],"wp:featuredmedia":[{"embeddable":true,"href":"https:\/\/www.europesays.com\/fr\/wp-json\/wp\/v2\/media\/107351"}],"wp:attachment":[{"href":"https:\/\/www.europesays.com\/fr\/wp-json\/wp\/v2\/media?parent=107350"}],"wp:term":[{"taxonomy":"category","embeddable":true,"href":"https:\/\/www.europesays.com\/fr\/wp-json\/wp\/v2\/categories?post=107350"},{"taxonomy":"post_tag","embeddable":true,"href":"https:\/\/www.europesays.com\/fr\/wp-json\/wp\/v2\/tags?post=107350"}],"curies":[{"name":"wp","href":"https:\/\/api.w.org\/{rel}","templated":true}]}}