{"id":107356,"date":"2025-05-17T16:26:09","date_gmt":"2025-05-17T16:26:09","guid":{"rendered":"https:\/\/www.europesays.com\/fr\/107356\/"},"modified":"2025-05-17T16:26:09","modified_gmt":"2025-05-17T16:26:09","slug":"au-moins-20-morts-apres-le-passage-de-tornades","status":"publish","type":"post","link":"https:\/\/www.europesays.com\/fr\/107356\/","title":{"rendered":"au moins 20 morts apr\u00e8s le passage de tornades"},"content":{"rendered":"<p>La maire de la ville de St. Louis, dans le Missouri, a \u00e9galement d\u00e9plor\u00e9 des \u00abdestructions \u00e9pouvantables\u00bb.<\/p>\n<p class=\"fig-paragraph\">\u00abNotre ville est en deuil ce soir\u00bb, a d\u00e9clar\u00e9 la maire de St. Louis (Missouri), \u00e0 la presse vendredi soir. Ce samedi, au moins 20 morts ont \u00e9t\u00e9 recens\u00e9s par les autorit\u00e9s du\u00a0<a href=\"http:\/\/www.lefigaro.fr\/conjoncture\/dans-le-kentucky-berceau-du-bourbon-les-producteurs-tetanises-par-la-guerre-commerciale-de-donald-trump-20250317\" target=\"_blank\" data-fig-type=\"Article\" rel=\"noopener nofollow\" data-gtm-custom-categorie=\"navigation\" data-gtm-custom-action=\"crossclick\" data-gtm-custom-label=\"Contextuel\" data-gtm-event=\"customEventSPE\" data-fig-domain=\"LEFIGARO\">Kentucky<\/a>\u00a0et celui de l\u2019Etat voisin du\u00a0<a href=\"http:\/\/www.lefigaro.fr\/international\/etats-unis-au-moins-14-morts-dans-des-tornades-dans-le-missouri-et-l-arkansas-20250315\" target=\"_blank\" data-fig-type=\"NewsFlash\" rel=\"noopener nofollow\" data-gtm-custom-categorie=\"navigation\" data-gtm-custom-action=\"crossclick\" data-gtm-custom-label=\"Contextuel\" data-gtm-event=\"customEventSPE\" data-fig-domain=\"LEFIGARO\">Missouri<\/a>\u00a0apr\u00e8s le passage de tornades qui ont \u00e9galement provoqu\u00e9 d&rsquo;importants d\u00e9g\u00e2ts mat\u00e9riels.<\/p>\n<p class=\"fig-paragraph\">Le gouverneur du Kentucky, Andy Beshear, a annonc\u00e9 sur son compte X qu&rsquo;au moins 14 personnes \u00e9taient mortes dans les temp\u00eates de vendredi soir, ajoutant que \u00abmalheureusement, ce chiffre devrait s&rsquo;alourdir \u00e0 mesure que nous recevons plus d&rsquo;informations\u00bb. Plusieurs m\u00e9dias am\u00e9ricains comme NBC News et le Washington Post rapportent en outre sept morts dans l&rsquo;\u00c9tat voisin du Missouri, dont plusieurs dans la grande ville de St. Louis. \u00abLes pertes en vie et la destruction sont v\u00e9ritablement \u00e9pouvantables\u00bb, a d\u00e9clar\u00e9 la maire Cara Spencer \u00e0 la presse vendredi soir.<\/p>\n<p>\u00a0\u00bb<br \/>\n        data-script=\u00a0\u00bbhttps:\/\/static.lefigaro.fr\/widget-video\/short-ttl\/video\/index.js\u00a0\u00bb<br \/>\n    &gt;<\/p>\n<p class=\"fig-paragraph\">En 2024, les accidents provoqu\u00e9s par des tornades ont fait 54 morts aux \u00c9tats-Unis, selon l&rsquo;Agence am\u00e9ricaine d&rsquo;observation oc\u00e9anique et atmosph\u00e9rique (NOAA).<\/p>\n","protected":false},"excerpt":{"rendered":"La maire de la ville de St. Louis, dans le Missouri, a \u00e9galement d\u00e9plor\u00e9 des \u00abdestructions \u00e9pouvantables\u00bb. \u00abNotre&hellip;\n","protected":false},"author":2,"featured_media":107357,"comment_status":"","ping_status":"","sticky":false,"template":"","format":"standard","meta":{"footnotes":""},"categories":[5],"tags":[259,11,260,73,1011,27,14,261,12,262,22094,28],"class_list":{"0":"post-107356","1":"post","2":"type-post","3":"status-publish","4":"format-standard","5":"has-post-thumbnail","7":"category-international","8":"tag-actualite-internationale","9":"tag-actualites","10":"tag-affaires-etrangeres","11":"tag-etats-unis","12":"tag-fr","13":"tag-france","14":"tag-international","15":"tag-ministere-des-affaires-etrangeres","16":"tag-news","17":"tag-politique-etrangere","18":"tag-tornade","19":"tag-world"},"share_on_mastodon":{"url":"https:\/\/pubeurope.com\/@fr\/114524113103364185","error":""},"_links":{"self":[{"href":"https:\/\/www.europesays.com\/fr\/wp-json\/wp\/v2\/posts\/107356","targetHints":{"allow":["GET"]}}],"collection":[{"href":"https:\/\/www.europesays.com\/fr\/wp-json\/wp\/v2\/posts"}],"about":[{"href":"https:\/\/www.europesays.com\/fr\/wp-json\/wp\/v2\/types\/post"}],"author":[{"embeddable":true,"href":"https:\/\/www.europesays.com\/fr\/wp-json\/wp\/v2\/users\/2"}],"replies":[{"embeddable":true,"href":"https:\/\/www.europesays.com\/fr\/wp-json\/wp\/v2\/comments?post=107356"}],"version-history":[{"count":0,"href":"https:\/\/www.europesays.com\/fr\/wp-json\/wp\/v2\/posts\/107356\/revisions"}],"wp:featuredmedia":[{"embeddable":true,"href":"https:\/\/www.europesays.com\/fr\/wp-json\/wp\/v2\/media\/107357"}],"wp:attachment":[{"href":"https:\/\/www.europesays.com\/fr\/wp-json\/wp\/v2\/media?parent=107356"}],"wp:term":[{"taxonomy":"category","embeddable":true,"href":"https:\/\/www.europesays.com\/fr\/wp-json\/wp\/v2\/categories?post=107356"},{"taxonomy":"post_tag","embeddable":true,"href":"https:\/\/www.europesays.com\/fr\/wp-json\/wp\/v2\/tags?post=107356"}],"curies":[{"name":"wp","href":"https:\/\/api.w.org\/{rel}","templated":true}]}}