{"id":1073616,"date":"2026-07-18T23:14:30","date_gmt":"2026-07-18T23:14:30","guid":{"rendered":"https:\/\/www.europesays.com\/fr\/1073616\/"},"modified":"2026-07-18T23:14:30","modified_gmt":"2026-07-18T23:14:30","slug":"en-allemagne-cet-elu-conservateur-demissionne-apres-avoir-eu-un-enfant-par-gpa","status":"publish","type":"post","link":"https:\/\/www.europesays.com\/fr\/1073616\/","title":{"rendered":"En Allemagne, cet \u00e9lu conservateur d\u00e9missionne apr\u00e8s avoir eu un enfant par GPA"},"content":{"rendered":"<p>        <img decoding=\"async\" loading=\"lazy\" src=\"https:\/\/www.europesays.com\/fr\/wp-content\/uploads\/2026\/07\/8d095f4_upload-1-bm4eedkwzxez-afp-20260709-dpa-pa-260709-99-10019-dpai-v1-highres-bundestag.jpg\"  width=\"728\" height=\"410\" alt=\"En Allemagne, l\u2019\u00e9lu conservateur Jens Spahn  (ici le 9\u00a0juillet 2026) d\u00e9missionne apr\u00e8s avoir eu un enfant par GPA.\"\/>  <\/p>\n<p>BERND VON JUTRCZENKA \/ dpa Picture-Alliance via AFP<\/p>\n<p>En Allemagne, l\u2019\u00e9lu conservateur Jens Spahn  (ici le 9\u00a0juillet 2026) d\u00e9missionne apr\u00e8s avoir eu un enfant par GPA.<\/p>\n<p class=\"asset asset-text\">Une d\u00e9cision \u00ab\u00a0juste et in\u00e9vitable\u00a0\u00bb, selon le chancelier allemand. Le chef des d\u00e9put\u00e9s conservateurs en Allemagne Jens Spahn a d\u00e9missionn\u00e9 ce samedi 18\u00a0juillet apr\u00e8s des attaques au sein de son propre camp pour avoir eu avec son mari un enfant via la <a href=\"https:\/\/www.huffingtonpost.fr\/politique\/article\/gpa-les-francais-prets-a-debattre-de-la-question-avant-la-presidentielle-2027-exclusif_233517.html\" rel=\"nofollow noopener\" target=\"_blank\">gestation pour autrui (GPA)<\/a> aux \u00c9tats-Unis, une pratique interdite de l\u2019autre c\u00f4t\u00e9 du Rhin.<\/p>\n<p class=\"asset asset-text\">\u00ab\u00a0Ces derniers jours, j\u2019ai compris que mon bonheur personnel, qui consiste \u00e0 fonder une famille avec mon mari et \u00e0 devenir p\u00e8re, est incompatible avec ma fonction politique\u00a0\u00bb, a \u00e9crit Jens Spahn, pr\u00e9sident du groupe parlementaire CDU\/CSU du chancelier <a href=\"https:\/\/www.huffingtonpost.fr\/international\/article\/le-chancelier-allemand-friedrich-merz-offre-a-trump-un-cadeau-symbolique-pour-apaiser-les-tensions_269414.html\" rel=\"nofollow noopener\" target=\"_blank\">Friedrich Merz<\/a>, dans une lettre \u00e0 ses coll\u00e8gues obtenue par l\u2019AFP.<\/p>\n<p class=\"asset asset-text\">La CDU, le parti de Jens Spahn et Friedrich Merz, s\u2019oppose farouchement \u00e0 la gestation pour autrui et a r\u00e9cemment vot\u00e9, lors d\u2019un congr\u00e8s en f\u00e9vrier, en faveur du maintien de l\u2019interdiction en vigueur en Allemagne.<\/p>\n<p>    Question de \u00ab\u00a0cr\u00e9dibilit\u00e9\u00a0\u00bb    <\/p>\n<p class=\"asset asset-text\">Jens Spahn et son mari sont r\u00e9cemment devenus parents gr\u00e2ce \u00e0 une m\u00e8re porteuse aux \u00c9tats-Unis, qui \u00e9tait enceinte de quatre mois au moment du congr\u00e8s, selon le quotidien Bild. Samedi, Friedrich Merz a salu\u00e9 la d\u00e9mission de Jens Spahn.<\/p>\n<p class=\"asset asset-text\">Tout en reconnaissant \u00e0 Jens Spahn le m\u00e9rite d\u2019avoir contribu\u00e9 au retour de la CDU au pouvoir, le chancelier a fait observer que \u00ab\u00a0la cr\u00e9dibilit\u00e9 est le bien le plus pr\u00e9cieux en politique\u00a0\u00bb.<\/p>\n<p class=\"asset asset-text\">L\u2019annonce du recours de Jens Spahn \u00e0 une m\u00e8re porteuse, jeudi dans la presse allemande, avait imm\u00e9diatement suscit\u00e9 des critiques au sein de la CDU, certains l\u2019appelant \u00e0 la d\u00e9mission, ainsi que des accusations d\u2019hypocrisie de la part d\u2019autres responsables politiques.<\/p>\n<p class=\"asset asset-text\">Vendredi, Jens Spahn avait d\u2019abord tent\u00e9 de se d\u00e9fendre lors d\u2019une interview en podcast accord\u00e9e \u00e0 Bild, affirmant qu\u2019il \u00ab\u00a0avait longtemps \u00e9t\u00e9 en proie \u00e0 un conflit int\u00e9rieur, notamment sur la question de la maternit\u00e9 de substitution\u00a0\u00bb, avant de finalement d\u00e9cider d\u2019avoir un enfant avec cette m\u00e9thode.<\/p>\n<p>                     \u00ab\u00a0Deux poids, deux mesures\u00a0\u00bb    <\/p>\n<p class=\"asset asset-text\">Samedi, il a finalement d\u00e9clar\u00e9 \u00e0 ses coll\u00e8gues que \u00ab\u00a0trouver un \u00e9quilibre entre ma d\u00e9cision personnelle d\u2019avoir un enfant par le biais d\u2019une m\u00e8re porteuse et les attentes compr\u00e9hensibles qui p\u00e8sent sur moi en tant que pr\u00e9sident de notre groupe parlementaire s\u2019est av\u00e9r\u00e9 plus difficile que je ne l\u2019avais pr\u00e9vu\u00a0\u00bb.<\/p>\n<p class=\"asset asset-text\">Les d\u00e9put\u00e9s de l\u2019opposition ont salu\u00e9 sa d\u00e9mission. Pour Luigi Pantisano, l\u2019un des dirigeants du parti d\u2019extr\u00eame gauche Die Linke, la d\u00e9cision de Jens Spahn de faire appel \u00e0 une m\u00e8re porteuse aux \u00c9tats-Unis \u00ab\u00a0r\u00e9v\u00e8le une fois de plus un \u201cdeux poids, deux mesures\u201d\u00a0\u00bb.<\/p>\n<p class=\"asset asset-text\">\u00ab\u00a0La loi s\u2019applique toujours aux gens ordinaires, mais pour les hauts responsables politiques, elle ne semble valoir que jusqu\u2019au moment o\u00f9 ils ont suffisamment d\u2019argent pour la contourner \u00e0 l\u2019\u00e9tranger\u00a0\u00bb, a d\u00e9clar\u00e9 Luigi Pantisano au journal Rheinische Post.<\/p>\n<p>                     La CDU a dit r\u00e9cemment \u00eatre anti-GPA    <\/p>\n<p class=\"asset asset-text\">Plusieurs responsables au sein de la CDU avaient exhort\u00e9 Jens Spahn \u00e0 renoncer \u00e0 son poste, arguant que sa position \u00e9tait intenable au regard de la position claire du parti sur la GPA. Parmi eux, le pr\u00e9sident r\u00e9gional de la CDU en Mecklembourg-Pom\u00e9ranie occidentale (nord-est) avait qualifi\u00e9 vendredi ses choix d\u2019\u00ab\u00a0absolument inacceptables\u00a0\u00bb.<\/p>\n<p class=\"asset asset-text\">Vendredi, Friedrich Merz avait indiqu\u00e9 que la question ferait l\u2019objet de futures discussions au sein du parti, tout en f\u00e9licitant le d\u00e9put\u00e9 pour la naissance de son enfant.<\/p>\n<p class=\"asset asset-text\">Le chancelier avait \u00e9galement dit ne voir \u00ab\u00a0aucune raison\u00a0\u00bb de modifier la l\u00e9gislation allemande sur la gestation pour autrui, ni de revenir sur l\u2019opposition de longue date de la CDU \u00e0 cette pratique.<\/p>\n<p class=\"asset asset-text\">\u00c2g\u00e9 de 46\u00a0ans, Jens Spahn a \u00e9t\u00e9 ministre de la Sant\u00e9 pendant la pand\u00e9mie de Covid-19 dans le gouvernement d\u2019<a href=\"https:\/\/www.huffingtonpost.fr\/international\/article\/a-la-retraite-angela-merkel-va-ecrire-ses-memoires-pour-expliquer-ses-choix_190256.html\" rel=\"nofollow noopener\" target=\"_blank\">Angela Merkel<\/a>. Ces derni\u00e8res ann\u00e9es, il s\u2019est impos\u00e9 comme une figure de proue de l\u2019aile droite de la CDU, pr\u00f4nant notamment une ligne plus dure en mati\u00e8re d\u2019immigration.<\/p>\n","protected":false},"excerpt":{"rendered":"BERND VON JUTRCZENKA \/ dpa Picture-Alliance via AFP En Allemagne, l\u2019\u00e9lu conservateur Jens Spahn (ici le 9\u00a0juillet 2026)&hellip;\n","protected":false},"author":2,"featured_media":1073617,"comment_status":"","ping_status":"","sticky":false,"template":"","format":"standard","meta":{"footnotes":"","_share_on_mastodon":"0"},"categories":[1587],"tags":[11,672,1804,1805,1803,1777,674,1801,18868,14,12,1802],"class_list":["post-1073616","post","type-post","status-publish","format-standard","has-post-thumbnail","category-allemagne","tag-actualites","tag-allemagne","tag-bundesrepublik-deutschland","tag-de","tag-deutschland","tag-eu","tag-europe","tag-germany","tag-gpa","tag-international","tag-news","tag-republique-federale-dallemagne"],"share_on_mastodon":{"url":"https:\/\/pubeurope.com\/@fr\/116943524155644093","error":""},"_links":{"self":[{"href":"https:\/\/www.europesays.com\/fr\/wp-json\/wp\/v2\/posts\/1073616","targetHints":{"allow":["GET"]}}],"collection":[{"href":"https:\/\/www.europesays.com\/fr\/wp-json\/wp\/v2\/posts"}],"about":[{"href":"https:\/\/www.europesays.com\/fr\/wp-json\/wp\/v2\/types\/post"}],"author":[{"embeddable":true,"href":"https:\/\/www.europesays.com\/fr\/wp-json\/wp\/v2\/users\/2"}],"replies":[{"embeddable":true,"href":"https:\/\/www.europesays.com\/fr\/wp-json\/wp\/v2\/comments?post=1073616"}],"version-history":[{"count":0,"href":"https:\/\/www.europesays.com\/fr\/wp-json\/wp\/v2\/posts\/1073616\/revisions"}],"wp:featuredmedia":[{"embeddable":true,"href":"https:\/\/www.europesays.com\/fr\/wp-json\/wp\/v2\/media\/1073617"}],"wp:attachment":[{"href":"https:\/\/www.europesays.com\/fr\/wp-json\/wp\/v2\/media?parent=1073616"}],"wp:term":[{"taxonomy":"category","embeddable":true,"href":"https:\/\/www.europesays.com\/fr\/wp-json\/wp\/v2\/categories?post=1073616"},{"taxonomy":"post_tag","embeddable":true,"href":"https:\/\/www.europesays.com\/fr\/wp-json\/wp\/v2\/tags?post=1073616"}],"curies":[{"name":"wp","href":"https:\/\/api.w.org\/{rel}","templated":true}]}}