{"id":107362,"date":"2025-05-17T16:31:09","date_gmt":"2025-05-17T16:31:09","guid":{"rendered":"https:\/\/www.europesays.com\/fr\/107362\/"},"modified":"2025-05-17T16:31:09","modified_gmt":"2025-05-17T16:31:09","slug":"meurthe-et-moselle-les-jeunes-socialistes-en-route-vers-les-elections-de-2026-2027","status":"publish","type":"post","link":"https:\/\/www.europesays.com\/fr\/107362\/","title":{"rendered":"Meurthe-et-Moselle. Les Jeunes socialistes en route vers les \u00e9lections de 2026 &#8211;\u00a02027"},"content":{"rendered":"<p>C\u2019est quasiment, ce week-end, le lancement \u00e0 Nancy des deux grandes campagnes \u00e0 venir\u00a0: celles des municipales et de la pr\u00e9sidentielle.<\/p>\n<p>Depuis ce samedi et jusqu\u2019\u00e0 ce dimanche soir 18\u00a0mai, pr\u00e8s de 500 Jeunes socialistes (de France) sont r\u00e9unis \u00e0 la salle de Gentilly pour le second congr\u00e8s de leur r\u00e9cente histoire.<\/p>\n<p>Leur objectif\u00a0: d\u00e9signer leur nouveau pr\u00e9sident en la personne de R\u00e9mi Boussemart, en lieu et place d\u2019Emma Rafowicz, d\u00e9put\u00e9e europ\u00e9enne, qui passe la main.<\/p>\n<p>  \u00ab\u00a0La victoire en 2027\u00a0!\u00a0\u00bb<\/p>\n<p>Ce samedi 17\u00a0mai, plusieurs personnalit\u00e9s politiques locales et nationales ont particip\u00e9 \u00e0 l\u2019ouverture des travaux des Jeunes socialistes.<\/p>\n<p>Marie-Jos\u00e9 Amah, secr\u00e9taire f\u00e9d\u00e9rale du Parti socialiste de Meurthe-et-Moselle, a exhort\u00e9 l\u2019esprit de jeunesse\u00a0: \u00ab\u00a0Ce n\u2019est pas simple d\u2019avoir 25 ans dans ce monde, mais il faut \u00eatre en mouvement pour ne faire l\u2019erreur de vos a\u00een\u00e9s\u00a0: donner l\u2019impression d\u2019\u00eatre \u00e0 l\u2019\u00e9cart de celles et ceux qui souffrent.\u00a0\u00bb<\/p>\n<p>Lors de son discours, <a href=\"https:\/\/www.estrepublicain.fr\/p\/chaynesse-khirouni\" target=\"_blank\" rel=\"nofollow noopener\">Chaynesse Khirouni<\/a>, pr\u00e9sidente PS du d\u00e9partement, a pris la Meurthe-et-Moselle en exemple\u00a0: \u00ab\u00a0Dans notre d\u00e9partement, nous agissons, nous osons\u00a0! Nancy est la preuve que la gauche peut gagner. La gauche peut porter un horizon\u00a0: pas demain, mais maintenant\u00a0!\u00a0\u00bb<\/p>\n<p>Quelques secondes plus tard, <a href=\"https:\/\/www.estrepublicain.fr\/p\/mathieu-klein\" target=\"_blank\" rel=\"nofollow noopener\">Mathieu Klein<\/a>, maire PS de Nancy et pr\u00e9sident du Grand Nancy, a voulu donner le cap\u00a0: \u00ab\u00a0La gauche n\u2019a jamais gagn\u00e9 quand la jeunesse lui a tourn\u00e9 le dos. Il faut se battre contre l\u2019extr\u00eame droite. Et rien n\u2019est possible sans l\u2019union, il ne faut jamais l\u2019oublier. La gauche a toujours fait avancer les droits et la libert\u00e9. Il faut lutter contre l\u2019aquoibonisme pour nous conduire \u00e0 la victoire en 2027\u00a0!\u00a0\u00bb<\/p>\n<p><a href=\"https:\/\/www.estrepublicain.fr\/p\/olivier-faure\" target=\"_blank\" rel=\"nofollow noopener\">Olivier Faure<\/a>, d\u00e9put\u00e9 de Seine-et-Marne, 1er \u00a0secr\u00e9taire du Parti socialiste, sera l\u00e0 ce dimanche, pour clore le congr\u00e8s.<\/p>\n","protected":false},"excerpt":{"rendered":"C\u2019est quasiment, ce week-end, le lancement \u00e0 Nancy des deux grandes campagnes \u00e0 venir\u00a0: celles des municipales et&hellip;\n","protected":false},"author":2,"featured_media":107363,"comment_status":"","ping_status":"","sticky":false,"template":"","format":"standard","meta":{"footnotes":""},"categories":[9635],"tags":[1111,11,3602,1707,1704,1706,1705,10174,11984,4188,1777,674,1011,27,775,3457,1702,1703,12,3541,316,25],"class_list":{"0":"post-107362","1":"post","2":"type-post","3":"status-publish","4":"format-standard","5":"has-post-thumbnail","7":"category-nancy","8":"tag-actu","9":"tag-actualites","10":"tag-edition-bar-le-duc","11":"tag-edition-luneville","12":"tag-edition-nancy-et-agglomeration","13":"tag-edition-pont-a-mousson","14":"tag-edition-toul","15":"tag-edition-verdun","16":"tag-election-presidentielle","17":"tag-elections-municipales","18":"tag-eu","19":"tag-europe","20":"tag-fr","21":"tag-france","22":"tag-grand-est","23":"tag-meurthe-et-moselle","24":"tag-nancy","25":"tag-nancy-ville-54b","26":"tag-news","27":"tag-parti-socialiste","28":"tag-politique","29":"tag-republique-francaise"},"share_on_mastodon":{"url":"https:\/\/pubeurope.com\/@fr\/114524132751463686","error":""},"_links":{"self":[{"href":"https:\/\/www.europesays.com\/fr\/wp-json\/wp\/v2\/posts\/107362","targetHints":{"allow":["GET"]}}],"collection":[{"href":"https:\/\/www.europesays.com\/fr\/wp-json\/wp\/v2\/posts"}],"about":[{"href":"https:\/\/www.europesays.com\/fr\/wp-json\/wp\/v2\/types\/post"}],"author":[{"embeddable":true,"href":"https:\/\/www.europesays.com\/fr\/wp-json\/wp\/v2\/users\/2"}],"replies":[{"embeddable":true,"href":"https:\/\/www.europesays.com\/fr\/wp-json\/wp\/v2\/comments?post=107362"}],"version-history":[{"count":0,"href":"https:\/\/www.europesays.com\/fr\/wp-json\/wp\/v2\/posts\/107362\/revisions"}],"wp:featuredmedia":[{"embeddable":true,"href":"https:\/\/www.europesays.com\/fr\/wp-json\/wp\/v2\/media\/107363"}],"wp:attachment":[{"href":"https:\/\/www.europesays.com\/fr\/wp-json\/wp\/v2\/media?parent=107362"}],"wp:term":[{"taxonomy":"category","embeddable":true,"href":"https:\/\/www.europesays.com\/fr\/wp-json\/wp\/v2\/categories?post=107362"},{"taxonomy":"post_tag","embeddable":true,"href":"https:\/\/www.europesays.com\/fr\/wp-json\/wp\/v2\/tags?post=107362"}],"curies":[{"name":"wp","href":"https:\/\/api.w.org\/{rel}","templated":true}]}}