{"id":107364,"date":"2025-05-17T16:32:14","date_gmt":"2025-05-17T16:32:14","guid":{"rendered":"https:\/\/www.europesays.com\/fr\/107364\/"},"modified":"2025-05-17T16:32:14","modified_gmt":"2025-05-17T16:32:14","slug":"entre-metz-et-nancy-lecart-continue-de-se-creuser","status":"publish","type":"post","link":"https:\/\/www.europesays.com\/fr\/107364\/","title":{"rendered":"entre Metz et Nancy, l&rsquo;\u00e9cart continue de se creuser"},"content":{"rendered":"<p>            Par<br \/>\n        <strong><br \/>\n            <a href=\"https:\/\/actu.fr\/auteur\/pierre-emile-bouchy-actu-fr\" title=\"Consulter tous les articles de Paul-Emile Bouchy\" rel=\"nofollow noopener\" target=\"_blank\">Paul-Emile Bouchy<\/a><br \/>\n        <\/strong><\/p>\n<p>        Publi\u00e9 le<\/p>\n<p>            16 f\u00e9vr. 2025 \u00e0 8h02        <\/p>\n<p>Ce dimanche 16\u00a0f\u00e9vrier, le classement 2025 des villes et villages o\u00f9 il fait bon vivre a \u00e9t\u00e9 d\u00e9voil\u00e9 par\u00a0Le Journal du Dimanche.<\/p>\n<p class=\" wall-content\">R\u00e9alis\u00e9 par l\u2019<a href=\"https:\/\/www.villesetvillagesouilfaitbonvivre.com\/\" rel=\"nofollow noopener\" target=\"_blank\">association Villes et Villages o\u00f9 il fait bon vivre<\/a>, ce palmar\u00e8s s\u2019appuie sur <strong>190 crit\u00e8res<\/strong> r\u00e9partis en<strong> 11 cat\u00e9gories<\/strong>\u2009: qualit\u00e9 de vie, s\u00e9curit\u00e9, sant\u00e9, transports,<br \/>commerces et services, \u00e9ducation, protection de l\u2019environnement, finances et imp\u00f4ts locaux, solidarit\u00e9, sports et loisirs, attractivit\u00e9 immobili\u00e8re.<\/p>\n<p class=\" wall-content\">Si les deux principales villes de Lorraine ont <strong>perdu des places \u00e0 l\u2019\u00e9chelle nationale<\/strong>, l\u2019\u00e9cart continue de se creuser entre <a href=\"https:\/\/actu.fr\/grand-est\/metz_57463\" rel=\"nofollow noopener\" target=\"_blank\">Metz<\/a> (Moselle) et <a href=\"https:\/\/actu.fr\/grand-est\/nancy_54395\" rel=\"nofollow noopener\" target=\"_blank\">Nancy<\/a> (Meurthe-et-Moselle).<\/p>\n<p>Metz de justesse dans le top\u00a040<\/p>\n<p class=\" wall-content\">Alors qu\u2019elle a brill\u00e9 pour<a href=\"https:\/\/actu.fr\/grand-est\/metz_57463\/qualite-de-vie-5-classements-dans-lesquels-metz-a-brille-cette-annee_62012533.html\" rel=\"nofollow noopener\" target=\"_blank\"> sa qualit\u00e9 de vie dans de nombreux classements en 2024<\/a>, comme \u00e0 la <a href=\"https:\/\/actu.fr\/grand-est\/metz_57463\/metz-bientot-le-nouvel-eldorado-des-teletravailleurs-parisiens_61944130.html\" rel=\"nofollow noopener\" target=\"_blank\">1\u02b3\u1d49 place des villes o\u00f9 s\u2019installer pour les t\u00e9l\u00e9travailleurs parisiens<\/a>, Metz perd quelques places.<\/p>\n<p class=\" wall-content\">La capitale mosellane se classe <strong>38\u1d49<\/strong> des villes o\u00f9 il fait bon vivre en 2025 et <strong>perd donc 5 places<\/strong> par rapport \u00e0 2024. Parmi les villes de plus de 100\u2009000\u00a0habitants, Metz est <strong>17\u1d49<\/strong> (-1 place).<\/p>\n<p>Vid\u00e9os : en ce moment sur Actu<\/p>\n<p class=\" wall-content\">Si cela n\u2019a rien d\u2019alarmant et permet \u00e0 la cit\u00e9 messine de rester <strong>en t\u00eate en Lorraine<\/strong>, elle a n\u00e9anmoins <strong>perdu\u2026 20 places depuis 2021<\/strong> dans ce classement.<\/p>\n<p>Nancy s\u2019\u00e9loigne du top\u00a0100<\/p>\n<p class=\" wall-content\">Ces derni\u00e8res semaines, des r\u00e9cents classements avaient donn\u00e9 du baume au coeur aux amoureux de Nancy. La cit\u00e9 ducale \u00e9tait class\u00e9e <strong>6\u1d49 des villes interm\u00e9diaires<\/strong> (entre 50\u2009000\u00a0et 150\u2009000 habitants) par la startup <a href=\"https:\/\/actu.fr\/grand-est\/nancy_54395\/historique-et-sportive-cette-commune-de-lorraine-est-une-ville-de-reve-selon-ce-classement-2025_62186041.html#:~:text=Nancy-,Historique%20et%20sportive%2C%20cette%20commune%20de%20Lorraine%20est%20une%20%22ville,000%20et%20150%20000%20habitants.\" rel=\"nofollow noopener\" target=\"_blank\">Ville de r\u00eave<\/a> et couronn\u00e9e de <a href=\"https:\/\/actu.fr\/grand-est\/nancy_54395\/cette-grande-metropole-du-grand-est-offre-la-meilleure-qualite-de-vie-de-france-selon-ce-classement_62170151.html\" rel=\"nofollow noopener\" target=\"_blank\">la meilleure qualit\u00e9 de vie de France<\/a> par le barom\u00e8tre d\u2019Arthur Loyd.<\/p>\n<p class=\" wall-content\">Le classement 2025 des villes et villages o\u00f9 il fait bon vivre ne suit pas cette tendance\u2009: Nancy se place <strong>124\u1d49<\/strong> et <strong>perd 12 places<\/strong> sur le plan national par rapport \u00e0 2024. Un r\u00e9sultat dans la lign\u00e9e des ann\u00e9es pr\u00e9c\u00e9dentes puisque la ville \u00e9tait <strong>96\u1d49 en 2021<\/strong>.<\/p>\n<p class=\" wall-content\">En la comparant \u00e0 <strong>40 autres grandes villes<\/strong> (+ de 100\u2009000\u00a0habitants), Nancy occupe la <strong>30\u1d49 position<\/strong>, doubl\u00e9e par Villeurbanne (Rh\u00f4ne).<\/p>\n<p class=\" wall-content\">Suivez toute l\u2019actualit\u00e9 de vos villes et m\u00e9dias favoris en vous inscrivant \u00e0 <a href=\"https:\/\/moncompte.actu.fr\" title=\"D\u00e9couvez Mon Actu\" rel=\"nofollow noopener\" data-trk=\"{&quot;cta&quot;:{&quot;action&quot;:&quot;https:\\\/\\\/moncompte.actu.fr&quot;,&quot;category&quot;:&quot;mon compte&quot;,&quot;from&quot;:&quot;article footer&quot;,&quot;name&quot;:&quot;Mon actu&quot;,&quot;type&quot;:&quot;cta&quot;}}\" target=\"_blank\">Mon Actu<\/a>.<\/p>\n","protected":false},"excerpt":{"rendered":"Par Paul-Emile Bouchy Publi\u00e9 le 16 f\u00e9vr. 2025 \u00e0 8h02 Ce dimanche 16\u00a0f\u00e9vrier, le classement 2025 des villes&hellip;\n","protected":false},"author":2,"featured_media":107365,"comment_status":"","ping_status":"","sticky":false,"template":"","format":"standard","meta":{"footnotes":""},"categories":[9635],"tags":[1111,11,1777,674,1011,27,775,1116,1702,12,25,104],"class_list":{"0":"post-107364","1":"post","2":"type-post","3":"status-publish","4":"format-standard","5":"has-post-thumbnail","7":"category-nancy","8":"tag-actu","9":"tag-actualites","10":"tag-eu","11":"tag-europe","12":"tag-fr","13":"tag-france","14":"tag-grand-est","15":"tag-immobilier","16":"tag-nancy","17":"tag-news","18":"tag-republique-francaise","19":"tag-societe"},"share_on_mastodon":{"url":"https:\/\/pubeurope.com\/@fr\/114524136625603808","error":""},"_links":{"self":[{"href":"https:\/\/www.europesays.com\/fr\/wp-json\/wp\/v2\/posts\/107364","targetHints":{"allow":["GET"]}}],"collection":[{"href":"https:\/\/www.europesays.com\/fr\/wp-json\/wp\/v2\/posts"}],"about":[{"href":"https:\/\/www.europesays.com\/fr\/wp-json\/wp\/v2\/types\/post"}],"author":[{"embeddable":true,"href":"https:\/\/www.europesays.com\/fr\/wp-json\/wp\/v2\/users\/2"}],"replies":[{"embeddable":true,"href":"https:\/\/www.europesays.com\/fr\/wp-json\/wp\/v2\/comments?post=107364"}],"version-history":[{"count":0,"href":"https:\/\/www.europesays.com\/fr\/wp-json\/wp\/v2\/posts\/107364\/revisions"}],"wp:featuredmedia":[{"embeddable":true,"href":"https:\/\/www.europesays.com\/fr\/wp-json\/wp\/v2\/media\/107365"}],"wp:attachment":[{"href":"https:\/\/www.europesays.com\/fr\/wp-json\/wp\/v2\/media?parent=107364"}],"wp:term":[{"taxonomy":"category","embeddable":true,"href":"https:\/\/www.europesays.com\/fr\/wp-json\/wp\/v2\/categories?post=107364"},{"taxonomy":"post_tag","embeddable":true,"href":"https:\/\/www.europesays.com\/fr\/wp-json\/wp\/v2\/tags?post=107364"}],"curies":[{"name":"wp","href":"https:\/\/api.w.org\/{rel}","templated":true}]}}