{"id":1073662,"date":"2026-07-18T23:49:25","date_gmt":"2026-07-18T23:49:25","guid":{"rendered":"https:\/\/www.europesays.com\/fr\/1073662\/"},"modified":"2026-07-18T23:49:25","modified_gmt":"2026-07-18T23:49:25","slug":"nancy-une-femme-meurt-apres-une-defenestration-du-4e-etage-son-compagnon-place-en-garde-a-vue-puis-libere","status":"publish","type":"post","link":"https:\/\/www.europesays.com\/fr\/1073662\/","title":{"rendered":"Nancy : une femme meurt apr\u00e8s une d\u00e9fenestration du 4e \u00e9tage, son compagnon plac\u00e9 en garde \u00e0 vue puis lib\u00e9r\u00e9"},"content":{"rendered":"<p>\n    \u00c2g\u00e9e de 60 ans, la victime avait \u00e9t\u00e9 prise en charge par les secours vendredi apr\u00e8s-midi apr\u00e8s une chute du 4e \u00e9tage de son domicile. Son compagnon \u00e9tait connu pour des faits de violences conjugales.<\/p>\n<p class=\"fig-paragraph\">Une enqu\u00eate a \u00e9t\u00e9 ouverte apr\u00e8s le d\u00e9c\u00e8s par d\u00e9fenestration d&rsquo;une femme dont le compagnon a \u00e9t\u00e9 plac\u00e9 en garde \u00e0 vue avant d&rsquo;\u00eatre lib\u00e9r\u00e9, a-t-on appris samedi de source polici\u00e8re et aupr\u00e8s du procureur de\u00a0<a href=\"https:\/\/video.lefigaro.fr\/figaro\/faits-divers\/nancy-un-homme-hospitalise-apres-une-agression-a-l-arme-blanche-place-stanislas-20260717\" data-fig-type=\"Video\" data-gtm-custom-categorie=\"navigation\" data-gtm-custom-action=\"crossclick\" data-gtm-custom-label=\"Contextuel\" data-gtm-event=\"customEventSPE\" data-fig-domain=\"LEFIGARO\" rel=\"nofollow noopener\" target=\"_blank\">Nancy<\/a>. La victime avait \u00e9t\u00e9 prise en charge par les secours vendredi apr\u00e8s-midi apr\u00e8s une chute du 4e \u00e9tage de son domicile, selon une source polici\u00e8re,.<\/p>\n<p class=\"fig-paragraph\">Les pompiers ont indiqu\u00e9 \u00e0 l&rsquo;AFP avoir secouru une femme de 60 ans, qui se trouvait en arr\u00eat cardiorespiratoire et polytraumatis\u00e9e apr\u00e8s une d\u00e9fenestration d&rsquo;un foyer Adoma situ\u00e9 \u00e0 Nancy. Elle a pu \u00eatre ranim\u00e9e, puis a \u00e9t\u00e9 transport\u00e9e \u00e0 l&rsquo;h\u00f4pital o\u00f9 elle est finalement d\u00e9c\u00e9d\u00e9e. Selon la source polici\u00e8re, son compagnon, connu pour des faits de\u00a0<a href=\"http:\/\/www.lefigaro.fr\/sports\/football\/ligue-1\/ligue-1-il-aurait-volontairement-exerce-des-violences-un-arbitre-bientot-devant-le-tribunal-pour-des-faits-reproches-de-violences-conjugales-20260718\" data-fig-type=\"NewsFlash\" data-gtm-custom-categorie=\"navigation\" data-gtm-custom-action=\"crossclick\" data-gtm-custom-label=\"Contextuel\" data-gtm-event=\"customEventSPE\" data-fig-domain=\"LEFIGARO\" rel=\"nofollow noopener\" target=\"_blank\">violences conjugales<\/a>, a \u00e9t\u00e9 interpell\u00e9 et plac\u00e9 en garde \u00e0 vue.<\/p>\n<p>                                            <a class=\"fig-a11y-skip\" href=\"#fig-a11y-skip-main-inarticle\" is=\"fig-a11y-skip\" data-trigger-mode=\"visible-once\"><br \/>\n    Passer la publicit\u00e9<br \/>\n<\/a>            <\/p>\n<p class=\"fig-paragraph\">Le procureur de la R\u00e9publique de Nancy, Fran\u00e7ois Capin-Dulhoste a confirm\u00e9 \u00e0 l&rsquo;AFP ce d\u00e9c\u00e8s \u00abdont les circonstances restent \u00e0 \u00e9lucider\u00bb. Le compagnon de la victime a \u00e9t\u00e9 plac\u00e9 en garde \u00e0 vue, mesure qui a \u00e9t\u00e9 lev\u00e9e samedi apr\u00e8s-midi, a pr\u00e9cis\u00e9 le procureur. Les investigations se poursuivent et une autopsie va \u00eatre r\u00e9alis\u00e9e.<\/p>\n","protected":false},"excerpt":{"rendered":"\u00c2g\u00e9e de 60 ans, la victime avait \u00e9t\u00e9 prise en charge par les secours vendredi apr\u00e8s-midi apr\u00e8s une&hellip;\n","protected":false},"author":2,"featured_media":1073663,"comment_status":"","ping_status":"","sticky":false,"template":"","format":"standard","meta":{"footnotes":"","_share_on_mastodon":"0"},"categories":[9635],"tags":[1111,11,101099,1777,674,1011,27,775,1702,12,25],"class_list":["post-1073662","post","type-post","status-publish","format-standard","has-post-thumbnail","category-nancy","tag-actu","tag-actualites","tag-defenestration","tag-eu","tag-europe","tag-fr","tag-france","tag-grand-est","tag-nancy","tag-news","tag-republique-francaise"],"share_on_mastodon":{"url":"https:\/\/pubeurope.com\/@fr\/116943661656853034","error":""},"_links":{"self":[{"href":"https:\/\/www.europesays.com\/fr\/wp-json\/wp\/v2\/posts\/1073662","targetHints":{"allow":["GET"]}}],"collection":[{"href":"https:\/\/www.europesays.com\/fr\/wp-json\/wp\/v2\/posts"}],"about":[{"href":"https:\/\/www.europesays.com\/fr\/wp-json\/wp\/v2\/types\/post"}],"author":[{"embeddable":true,"href":"https:\/\/www.europesays.com\/fr\/wp-json\/wp\/v2\/users\/2"}],"replies":[{"embeddable":true,"href":"https:\/\/www.europesays.com\/fr\/wp-json\/wp\/v2\/comments?post=1073662"}],"version-history":[{"count":0,"href":"https:\/\/www.europesays.com\/fr\/wp-json\/wp\/v2\/posts\/1073662\/revisions"}],"wp:featuredmedia":[{"embeddable":true,"href":"https:\/\/www.europesays.com\/fr\/wp-json\/wp\/v2\/media\/1073663"}],"wp:attachment":[{"href":"https:\/\/www.europesays.com\/fr\/wp-json\/wp\/v2\/media?parent=1073662"}],"wp:term":[{"taxonomy":"category","embeddable":true,"href":"https:\/\/www.europesays.com\/fr\/wp-json\/wp\/v2\/categories?post=1073662"},{"taxonomy":"post_tag","embeddable":true,"href":"https:\/\/www.europesays.com\/fr\/wp-json\/wp\/v2\/tags?post=1073662"}],"curies":[{"name":"wp","href":"https:\/\/api.w.org\/{rel}","templated":true}]}}