{"id":10737,"date":"2025-04-08T17:17:14","date_gmt":"2025-04-08T17:17:14","guid":{"rendered":"https:\/\/www.europesays.com\/fr\/10737\/"},"modified":"2025-04-08T17:17:14","modified_gmt":"2025-04-08T17:17:14","slug":"la-vie-des-ex-jean-louis-gasset-nest-plus-lentraineur-de-montpellier","status":"publish","type":"post","link":"https:\/\/www.europesays.com\/fr\/10737\/","title":{"rendered":"La vie des ex : Jean-Louis Gasset n&rsquo;est plus l&rsquo;entra\u00eeneur de Montpellier"},"content":{"rendered":"<p class=\"rev-margin-0 rev-text-xs-normal\">Jean-Louis Gasset avait annonc\u00e9 qu&rsquo;il mettrait fin \u00e0 sa carri\u00e8re d&rsquo;entra\u00eeneur apr\u00e8s sa pige \u00e0 l&rsquo;OM mais avait finalement accept\u00e9 la mission sauvetage \u00e0 Montpellier, qu&rsquo;il n&rsquo;est finalement pas parvenu \u00e0 accomplir.<\/p>\n<p class=\"rev-margin-0 rev-text-xs-bold\">Photo Nicolas VALLAURI<\/p>\n<p>Jean-Louis Gasset, qui \u00e9tait revenu au club en octobre, \u00ab\u00a0n&rsquo;est plus entra\u00eeneur\u00a0\u00bb de Montpellier, lanterne rouge de Ligue 1 apr\u00e8s neuf d\u00e9faites d&rsquo;affil\u00e9e, a annonc\u00e9 ce lundi le MHSC. \u00ab\u00a0D&rsquo;un commun accord, le MHSC et Jean-Louis Gasset ont d\u00e9cid\u00e9 ce jour de mettre fin \u00e0 la mission qui avait \u00e9t\u00e9 confi\u00e9e \u00e0 ce dernier\u00a0\u00bb, a expliqu\u00e9 dans un communiqu\u00e9 le club, qui a huit points de retard sur Saint-\u00c9tienne, l&rsquo;avant-dernier.\u00a0 Apr\u00e8s avoir \u00e9t\u00e9 appel\u00e9 comme <a href=\"https:\/\/www.laprovence.com\/article\/sports\/2822898166356415\/om-1899-lhebdo-jean-louis-gasset-le-phare-dans-la-tempete\" target=\"_blank\" rel=\"noopener\">pompier de service apr\u00e8s les \u00e9checs successifs de Marcelino et Gennaro Gattuso<\/a> \u00e0 l&rsquo;OM la saison derni\u00e8re, l&rsquo;ancien adjoint de Laurent Blanc au PSG et chez les Bleus avait boucl\u00e9 l&rsquo;exercice 2023-2024 \u00e0 la huiti\u00e8me place mais avait tout de m\u00eame pouss\u00e9 Pierre-Emerick Aubameyang et sa bande jusqu&rsquo;en demi-finales de Ligue Europa, \u00e9limin\u00e9 par <a href=\"https:\/\/www.laprovence.com\/article\/sports\/3235603618208615\/football-bourreau-de-lom-latalanta-bergame-remporte-la-ligue-europa\" target=\"_blank\" rel=\"noopener\">l&rsquo;Atalanta Bergame, sacr\u00e9 au final<\/a>.<\/p>\n<blockquote class=\"twitter-tweet\"><p>&#13;<\/p>\n<p>\u2757\ufe0f\ud835\uddd6\ud835\uddfc\ud835\uddfa\ud835\uddfa\ud835\ude02\ud835\uddfb\ud835\uddf6\ud835\uddfe\ud835\ude02\ud835\uddf2\u0301 \ud835\uddfc\ud835\uddf3\ud835\uddf3\ud835\uddf6\ud835\uddf0\ud835\uddf6\ud835\uddf2\ud835\uddf9<br \/>D\u2019un commun accord, le MHSC et Jean-Louis Gasset ont d\u00e9cid\u00e9 ce jour de mettre fin \u00e0 la mission qui avait \u00e9t\u00e9 confi\u00e9e \u00e0 ce dernier. Jean-Louis Gasset n\u2019est plus l\u2019entra\u00eeneur de l\u2019\u00e9quipe professionnelle masculine \u00e0 compter de ce jour. <a href=\"https:\/\/t.co\/GkYzuMtr3e\" target=\"_blank\">pic.twitter.com\/GkYzuMtr3e<\/a><\/p>\n<p>&#13;<br \/>\n\u2014 MHSC (@MontpellierHSC) <a href=\"https:\/\/twitter.com\/MontpellierHSC\/status\/1909274578309759000?ref_src=twsrc%5Etfw\" target=\"_blank\" rel=\"noopener\">April 7, 2025<\/a><\/p><\/blockquote>\n<p>La veille du nouveau revers face au Havre (2-0), il avait d\u00e9j\u00e0 assur\u00e9 qu&rsquo;il n&rsquo;\u00e9tait \u00ab\u00a0pas certain de terminer\u00a0\u00bb la saison qui se conclura certainement par une rel\u00e9gation en Ligue 2. Le 16 mars, apr\u00e8s le match contre Saint-\u00c9tienne, interrompue \u00e0 la 57e minute par l&rsquo;arbitre M. Letexier en raison d&rsquo;incidents en tribune Etang de Thau, le technicien de 71 ans s&rsquo;\u00e9tait d\u00e9j\u00e0 interrog\u00e9 sur la suite de sa \u00ab\u00a0mission rat\u00e9e\u00a0\u00bb, mais il avait \u00e9t\u00e9 finalement confort\u00e9 par le pr\u00e9sident de Montpellier Laurent Nicollin.<\/p>\n<p>\u00ab\u00a0On est chez nous, dans notre ville, dans notre club, et c&rsquo;est dur \u00e0 vivre, c&rsquo;est tr\u00e8s dur \u00e0 vivre. On va la dig\u00e9rer et apr\u00e8s on a 15 jours pour r\u00e9fl\u00e9chir, pour parler, pour faire ce qui se fait le mieux\u00a0\u00bb, avait alors confi\u00e9 celui <a href=\"https:\/\/www.laprovence.com\/article\/om\/7014023460958814\/om-la-vie-des-ex-jean-louis-gasset-va-succeder-a-michel-der-zakarian-sur-le-banc-de-montpellier\" target=\"_blank\" rel=\"noopener\">qui a succ\u00e9d\u00e9 \u00e0 Michel Der Zakarian<\/a>. \u00ab\u00a0Depuis que je suis l\u00e0, j&rsquo;ai cette sensation que d\u00e8s qu&rsquo;il y a quelque chose qui va mal, c&rsquo;est contre nous. Depuis que je suis arriv\u00e9, il y a un d\u00e9samour. On n&rsquo;est plus le club atypique, familial qui essaie de lutter\u00a0\u00bb, a d\u00e9clar\u00e9 dimanche le coach. \u00ab\u00a0C&rsquo;est une esp\u00e8ce de spirale qui est terrible \u00e0 vivre\u00a0\u00bb, selon lui.<\/p>\n<p><script async src=\"https:\/\/platform.twitter.com\/widgets.js\" charset=\"utf-8\"><\/script><\/p>\n","protected":false},"excerpt":{"rendered":"Jean-Louis Gasset avait annonc\u00e9 qu&rsquo;il mettrait fin \u00e0 sa carri\u00e8re d&rsquo;entra\u00eeneur apr\u00e8s sa pige \u00e0 l&rsquo;OM mais avait&hellip;\n","protected":false},"author":2,"featured_media":10738,"comment_status":"","ping_status":"","sticky":false,"template":"","format":"standard","meta":{"footnotes":""},"categories":[2],"tags":[17,11,154,1011,27,2779,5200,5201,12,149,378,25,4717],"class_list":{"0":"post-10737","1":"post","2":"type-post","3":"status-publish","4":"format-standard","5":"has-post-thumbnail","7":"category-actualites","8":"tag-17","9":"tag-actualites","10":"tag-des","11":"tag-fr","12":"tag-france","13":"tag-gasset","14":"tag-jean-louis","15":"tag-nest","16":"tag-news","17":"tag-om","18":"tag-plus","19":"tag-republique-francaise","20":"tag-vie"},"share_on_mastodon":{"url":"https:\/\/pubeurope.com\/@fr\/114303483531528521","error":""},"_links":{"self":[{"href":"https:\/\/www.europesays.com\/fr\/wp-json\/wp\/v2\/posts\/10737","targetHints":{"allow":["GET"]}}],"collection":[{"href":"https:\/\/www.europesays.com\/fr\/wp-json\/wp\/v2\/posts"}],"about":[{"href":"https:\/\/www.europesays.com\/fr\/wp-json\/wp\/v2\/types\/post"}],"author":[{"embeddable":true,"href":"https:\/\/www.europesays.com\/fr\/wp-json\/wp\/v2\/users\/2"}],"replies":[{"embeddable":true,"href":"https:\/\/www.europesays.com\/fr\/wp-json\/wp\/v2\/comments?post=10737"}],"version-history":[{"count":0,"href":"https:\/\/www.europesays.com\/fr\/wp-json\/wp\/v2\/posts\/10737\/revisions"}],"wp:featuredmedia":[{"embeddable":true,"href":"https:\/\/www.europesays.com\/fr\/wp-json\/wp\/v2\/media\/10738"}],"wp:attachment":[{"href":"https:\/\/www.europesays.com\/fr\/wp-json\/wp\/v2\/media?parent=10737"}],"wp:term":[{"taxonomy":"category","embeddable":true,"href":"https:\/\/www.europesays.com\/fr\/wp-json\/wp\/v2\/categories?post=10737"},{"taxonomy":"post_tag","embeddable":true,"href":"https:\/\/www.europesays.com\/fr\/wp-json\/wp\/v2\/tags?post=10737"}],"curies":[{"name":"wp","href":"https:\/\/api.w.org\/{rel}","templated":true}]}}